{"id":16018,"date":"2022-07-15T16:57:03","date_gmt":"2022-07-15T19:57:03","guid":{"rendered":"https:\/\/diariotribuna.com.br\/?p=16018"},"modified":"2022-07-15T17:06:32","modified_gmt":"2022-07-15T20:06:32","slug":"policia-civil-prende-homem-de-62-anos-suspeito-de-estuprar-duas-sobrinhas-menores","status":"publish","type":"post","link":"https:\/\/diariotribuna.com.br\/?p=16018","title":{"rendered":"Pol\u00edcia Civil prende homem de 62 anos suspeito de estuprar duas sobrinhas menores"},"content":{"rendered":"\n<figure class=\"wp-block-image size-full is-resized is-style-default\"><img loading=\"lazy\" decoding=\"async\" src=\"https:\/\/diariotribuna.com.br\/wp-content\/uploads\/2022\/07\/5d803a39-b52b-4064-8930-e4ae3e0c6e9e-1.jpg\" alt=\"\" class=\"wp-image-16019\" width=\"522\" height=\"324\" srcset=\"https:\/\/diariotribuna.com.br\/wp-content\/uploads\/2022\/07\/5d803a39-b52b-4064-8930-e4ae3e0c6e9e-1.jpg 700w, https:\/\/diariotribuna.com.br\/wp-content\/uploads\/2022\/07\/5d803a39-b52b-4064-8930-e4ae3e0c6e9e-1-300x186.jpg 300w, https:\/\/diariotribuna.com.br\/wp-content\/uploads\/2022\/07\/5d803a39-b52b-4064-8930-e4ae3e0c6e9e-1-356x220.jpg 356w, https:\/\/diariotribuna.com.br\/wp-content\/uploads\/2022\/07\/5d803a39-b52b-4064-8930-e4ae3e0c6e9e-1-696x433.jpg 696w, https:\/\/diariotribuna.com.br\/wp-content\/uploads\/2022\/07\/5d803a39-b52b-4064-8930-e4ae3e0c6e9e-1-676x420.jpg 676w\" sizes=\"(max-width: 522px) 100vw, 522px\" \/><\/figure>\n\n\n\n<p>A Pol\u00edcia Civil de Minas Gerais, por meio da Delegacia de Padre Para\u00edso cumpriu, na quarta-feira (13\/07), mandado de pris\u00e3o expedido pelo Ju\u00edzo da Comarca de Ara\u00e7ua\u00ed, contra o nacional J.N.C., de 62 anos de idade, suspeito de praticar crime de estupro de vulner\u00e1vel, em detrimento de duas sobrinhas de 11 e 12 anos.<\/p>\n\n\n\n<p>Segundo a delegada de Padre Para\u00edso que investiga o caso, a dra. Gabriela Andrade, os fatos chegaram ao conhecimento da equipe do CREAS de Padre Para\u00edso em maio deste ano, mas, v\u00edtimas e demais familiares se recusavam a prestar maiores informa\u00e7\u00f5es por temerem repres\u00e1lias por parte do investigado, que se mostrava agressivo no ambiente familiar.<\/p>\n\n\n\n<p>Ap\u00f3s as dilig\u00eancias investigativas de praxe, o homem foi preso em sua resid\u00eancia, no C\u00f3rrego do Gato, zona rural da cidade e encaminhado \u00e0 delegacia, que ap\u00f3s os tr\u00e2mites do cumprimento do mandado judicial pela autoridade policial, ele foi encaminhado ao pres\u00eddio de Itaobim.<\/p>\n\n\n\n<p>O investigado que estava assistido por um advogado se reservou ao direito de permanecer calado. Segundo a delegada, as v\u00edtimas ser\u00e3o submetidas \u00e0 escuta especializada, devido \u00e0 pouca idade, e as investiga\u00e7\u00f5es continuam. Equipe: delegada, dra Gabriela Andrade. Investigadores: Diogo Viana, Julimar Pereira e Ademir Moreira. (Informa\u00e7\u00f5es\/Foto: PCMG, dra. Gabriela).<\/p>\n","protected":false},"excerpt":{"rendered":"<p>A Pol\u00edcia Civil de Minas Gerais, por meio da Delegacia de Padre Para\u00edso cumpriu, na quarta-feira (13\/07), mandado de pris\u00e3o expedido pelo Ju\u00edzo da Comarca de Ara\u00e7ua\u00ed, contra o nacional J.N.C., de 62 anos de idade, suspeito de praticar crime de estupro de vulner\u00e1vel, em detrimento de duas sobrinhas de 11 e 12 anos. Segundo [&hellip;]<\/p>\n","protected":false},"author":1,"featured_media":16019,"comment_status":"open","ping_status":"open","sticky":false,"template":"","format":"standard","meta":{"rop_custom_images_group":[],"rop_custom_messages_group":[],"rop_publish_now":"initial","rop_publish_now_accounts":[],"rop_publish_now_history":[],"rop_publish_now_status":"pending","footnotes":""},"categories":[25,20],"tags":[1086,4592,4116,102,292,649],"class_list":["post-16018","post","type-post","status-publish","format-standard","has-post-thumbnail","hentry","category-destaque","category-policia","tag-estupro","tag-idoso-2","tag-menores","tag-padre-paraiso","tag-policia-civil","tag-prisao"],"_links":{"self":[{"href":"https:\/\/diariotribuna.com.br\/index.php?rest_route=\/wp\/v2\/posts\/16018"}],"collection":[{"href":"https:\/\/diariotribuna.com.br\/index.php?rest_route=\/wp\/v2\/posts"}],"about":[{"href":"https:\/\/diariotribuna.com.br\/index.php?rest_route=\/wp\/v2\/types\/post"}],"author":[{"embeddable":true,"href":"https:\/\/diariotribuna.com.br\/index.php?rest_route=\/wp\/v2\/users\/1"}],"replies":[{"embeddable":true,"href":"https:\/\/diariotribuna.com.br\/index.php?rest_route=%2Fwp%2Fv2%2Fcomments&post=16018"}],"version-history":[{"count":1,"href":"https:\/\/diariotribuna.com.br\/index.php?rest_route=\/wp\/v2\/posts\/16018\/revisions"}],"predecessor-version":[{"id":16020,"href":"https:\/\/diariotribuna.com.br\/index.php?rest_route=\/wp\/v2\/posts\/16018\/revisions\/16020"}],"wp:featuredmedia":[{"embeddable":true,"href":"https:\/\/diariotribuna.com.br\/index.php?rest_route=\/wp\/v2\/media\/16019"}],"wp:attachment":[{"href":"https:\/\/diariotribuna.com.br\/index.php?rest_route=%2Fwp%2Fv2%2Fmedia&parent=16018"}],"wp:term":[{"taxonomy":"category","embeddable":true,"href":"https:\/\/diariotribuna.com.br\/index.php?rest_route=%2Fwp%2Fv2%2Fcategories&post=16018"},{"taxonomy":"post_tag","embeddable":true,"href":"https:\/\/diariotribuna.com.br\/index.php?rest_route=%2Fwp%2Fv2%2Ftags&post=16018"}],"curies":[{"name":"wp","href":"https:\/\/api.w.org\/{rel}","templated":true}]}}