{"id":16021,"date":"2022-07-15T21:59:25","date_gmt":"2022-07-16T00:59:25","guid":{"rendered":"https:\/\/diariotribuna.com.br\/?p=16021"},"modified":"2022-07-15T22:28:30","modified_gmt":"2022-07-16T01:28:30","slug":"delegado-eduardo-gil-recebe-titulo-de-cidadao-honorario-de-sao-jose-do-divino","status":"publish","type":"post","link":"https:\/\/diariotribuna.com.br\/?p=16021","title":{"rendered":"Delegado Eduardo Gil recebe T\u00edtulo de Cidad\u00e3o Honor\u00e1rio de S\u00e3o Jos\u00e9 do Divino"},"content":{"rendered":"\n<figure class=\"wp-block-image size-full is-resized is-style-default\"><img loading=\"lazy\" decoding=\"async\" src=\"https:\/\/diariotribuna.com.br\/wp-content\/uploads\/2022\/07\/1-6.jpg\" alt=\"\" class=\"wp-image-16024\" width=\"585\" height=\"433\" srcset=\"https:\/\/diariotribuna.com.br\/wp-content\/uploads\/2022\/07\/1-6.jpg 700w, https:\/\/diariotribuna.com.br\/wp-content\/uploads\/2022\/07\/1-6-300x222.jpg 300w, https:\/\/diariotribuna.com.br\/wp-content\/uploads\/2022\/07\/1-6-80x60.jpg 80w, https:\/\/diariotribuna.com.br\/wp-content\/uploads\/2022\/07\/1-6-696x515.jpg 696w, https:\/\/diariotribuna.com.br\/wp-content\/uploads\/2022\/07\/1-6-568x420.jpg 568w\" sizes=\"(max-width: 585px) 100vw, 585px\" \/><figcaption><strong>Dr. Eduardo Gil recebeu o t\u00edtulo pela vice-presidente da C\u00e2mara<\/strong><br><strong>Municipal de S\u00e3o Jos\u00e9 do Divino, a vereadora Nat\u00e1lia<\/strong><\/figcaption><\/figure>\n\n\n\n<p>Em sess\u00e3o solene e extraordin\u00e1ria realizada, na noite de quarta-feira (13\/07), a C\u00e2mara de Vereadores do Munic\u00edpio de S\u00e3o Jos\u00e9 do Divino, concedeu o T\u00edtulo de Cidad\u00e3o Honor\u00e1rio ao Dr. Eduardo Gil \u2013 Delegado de Pol\u00edcia Civil da Comarca de Itambacuri. A cidade de S\u00e3o Jos\u00e9 do Divino \u00e9 uma das 07 cidades sob a responsabilidade da Unidade Policial administrada pelo homenageado e a honraria, conforme destacado publicamente, refor\u00e7a a certeza de uma miss\u00e3o bem envergada, com abdica\u00e7\u00e3o, compromisso e seriedade.<\/p>\n\n\n\n<figure class=\"wp-block-image size-full is-resized is-style-default\"><img loading=\"lazy\" decoding=\"async\" src=\"https:\/\/diariotribuna.com.br\/wp-content\/uploads\/2022\/07\/d94373da-538c-4577-8d7f-485f97db0081.jpg\" alt=\"\" class=\"wp-image-16023\" width=\"527\" height=\"398\" srcset=\"https:\/\/diariotribuna.com.br\/wp-content\/uploads\/2022\/07\/d94373da-538c-4577-8d7f-485f97db0081.jpg 700w, https:\/\/diariotribuna.com.br\/wp-content\/uploads\/2022\/07\/d94373da-538c-4577-8d7f-485f97db0081-300x227.jpg 300w, https:\/\/diariotribuna.com.br\/wp-content\/uploads\/2022\/07\/d94373da-538c-4577-8d7f-485f97db0081-80x60.jpg 80w, https:\/\/diariotribuna.com.br\/wp-content\/uploads\/2022\/07\/d94373da-538c-4577-8d7f-485f97db0081-696x526.jpg 696w, https:\/\/diariotribuna.com.br\/wp-content\/uploads\/2022\/07\/d94373da-538c-4577-8d7f-485f97db0081-556x420.jpg 556w\" sizes=\"(max-width: 527px) 100vw, 527px\" \/><\/figure>\n\n\n\n<p>O servidor p\u00fablico recebe o reconhecimento, mas quem ganha \u00e9 a Policia Civil de Minas Gerais, que v\u00ea seus feitos destacados e reconhecidos. \u201cParab\u00e9ns a todos os policiais civis da 5\u00aa Delegacia de Pol\u00edcia Civil de Itambacuri, aos quais endosso que os pequenos feitos \u00e9 que nos tornam grandes\u201d, disse o agraciado.<\/p>\n\n\n\n<div class=\"wp-block-group\"><div class=\"wp-block-group__inner-container is-layout-flow wp-block-group-is-layout-flow\">\n<figure class=\"wp-block-gallery has-nested-images columns-default is-cropped wp-block-gallery-1 is-layout-flex wp-block-gallery-is-layout-flex\">\n<figure class=\"wp-block-image size-large is-style-default\"><img loading=\"lazy\" decoding=\"async\" width=\"600\" height=\"468\" src=\"https:\/\/diariotribuna.com.br\/wp-content\/uploads\/2022\/07\/254895a3-1c38-46e0-aabc-e0dbdbf74f94.jpg\" alt=\"\" class=\"wp-image-16025\" srcset=\"https:\/\/diariotribuna.com.br\/wp-content\/uploads\/2022\/07\/254895a3-1c38-46e0-aabc-e0dbdbf74f94.jpg 600w, https:\/\/diariotribuna.com.br\/wp-content\/uploads\/2022\/07\/254895a3-1c38-46e0-aabc-e0dbdbf74f94-300x234.jpg 300w, https:\/\/diariotribuna.com.br\/wp-content\/uploads\/2022\/07\/254895a3-1c38-46e0-aabc-e0dbdbf74f94-538x420.jpg 538w\" sizes=\"(max-width: 600px) 100vw, 600px\" \/><\/figure>\n\n\n\n<figure class=\"wp-block-image size-large is-style-default\"><img loading=\"lazy\" decoding=\"async\" width=\"600\" height=\"424\" src=\"https:\/\/diariotribuna.com.br\/wp-content\/uploads\/2022\/07\/a778ced9-7768-45a3-a978-4c54b30a65f5.jpg\" alt=\"\" class=\"wp-image-16026\" srcset=\"https:\/\/diariotribuna.com.br\/wp-content\/uploads\/2022\/07\/a778ced9-7768-45a3-a978-4c54b30a65f5.jpg 600w, https:\/\/diariotribuna.com.br\/wp-content\/uploads\/2022\/07\/a778ced9-7768-45a3-a978-4c54b30a65f5-300x212.jpg 300w, https:\/\/diariotribuna.com.br\/wp-content\/uploads\/2022\/07\/a778ced9-7768-45a3-a978-4c54b30a65f5-100x70.jpg 100w, https:\/\/diariotribuna.com.br\/wp-content\/uploads\/2022\/07\/a778ced9-7768-45a3-a978-4c54b30a65f5-594x420.jpg 594w\" sizes=\"(max-width: 600px) 100vw, 600px\" \/><\/figure>\n<\/figure>\n<\/div><\/div>\n\n\n\n<p><strong>Eduardo Jos\u00e9 Pereira Gil \u2013<\/strong> Delegado Titular de Policia Civil, de nacionalidades brasileira e portuguesa, ingressou no servi\u00e7o policial em abril de 1999, como soldado da Policia Militar de Minas Gerais. Nesta corpora\u00e7\u00e3o policial fez curso de cabo em 2004, mesmo ano em que ingressou na Faculdade de Direito, pela FENORD, em Te\u00f3filo Otoni. Em 2008 concluiu o curso superior em direito e neste mesmo ano foi aprovado no exame da OAB, n\u00e3o exercendo o minist\u00e9rio da advocacia.<\/p>\n\n\n\n<p>Em 2012, ap\u00f3s prestar concurso para oficiais da Policia Militar e para delegado da Policia Civil, obteve aprova\u00e7\u00e3o em todas as fases de ambos os concursos, optando por seguir a carreira policial como Delegado de Pol\u00edcia. P\u00f3s-graduado em direito p\u00fablico, al\u00e9m de concluir diversos cursos na \u00e1rea de seguran\u00e7a p\u00fablica, dentre os quais o de Instrutor de Armamento e Tiro.<\/p>\n\n\n\n<p>Assumiu a 5\u00aa Delegacia de Pol\u00edcia Civil da Comarca em novembro de 2015, regi\u00e3o composta por 07 munic\u00edpios, tendo Itambacuri como sede da Unidade Policial e, ainda, Frei Gaspar, Campan\u00e1rio, Jampruca, Pescador, Nova M\u00f3dica e a hospitaleira S\u00e3o Jos\u00e9 do Divino que lhe concedeu a honraria. Com inova\u00e7\u00e3o e a presen\u00e7a policial nos munic\u00edpios, fez reduzir o n\u00famero de procedimentos atrav\u00e9s de um m\u00e9todo mais otimizado e participativo, impactando os elevados \u00edndices criminais, principalmente os delitos mais graves como homic\u00eddio e feminic\u00eddio.<\/p>\n\n\n\n<p>Atualmente projeta implantar o Setor de Tr\u00e2nsito na unidade policial, para atender aos anseios dos mun\u00edcipes, que precisam deslocar a outras cidades para regulariza\u00e7\u00e3o dos ve\u00edculos e documentos, al\u00e9m de descentralizar os servi\u00e7os de identifica\u00e7\u00e3o com a emiss\u00e3o de c\u00e9dulas de identidades para os demais munic\u00edpios, sendo pioneira a cidade de S\u00e3o Jos\u00e9 do Divino, que inaugurar\u00e1 uma unidade policial no munic\u00edpio, na qual ser\u00e3o instalados os servi\u00e7os cartor\u00e1rios, de tr\u00e2nsito e identifica\u00e7\u00e3o.<\/p>\n\n\n\n<pre class=\"wp-block-verse\">Parab\u00e9ns Dr. Eduardo Gil, um dos mais competentes Delegados de Pol\u00edcia Civil de Minas, profissional comprometido com o que faz, e muito faz pela sociedade ordeira.<\/pre>\n","protected":false},"excerpt":{"rendered":"<p>Em sess\u00e3o solene e extraordin\u00e1ria realizada, na noite de quarta-feira (13\/07), a C\u00e2mara de Vereadores do Munic\u00edpio de S\u00e3o Jos\u00e9 do Divino, concedeu o T\u00edtulo de Cidad\u00e3o Honor\u00e1rio ao Dr. Eduardo Gil \u2013 Delegado de Pol\u00edcia Civil da Comarca de Itambacuri. A cidade de S\u00e3o Jos\u00e9 do Divino \u00e9 uma das 07 cidades sob a [&hellip;]<\/p>\n","protected":false},"author":1,"featured_media":16024,"comment_status":"open","ping_status":"open","sticky":false,"template":"","format":"standard","meta":{"rop_custom_images_group":[],"rop_custom_messages_group":[],"rop_publish_now":"initial","rop_publish_now_accounts":[],"rop_publish_now_history":[],"rop_publish_now_status":"pending","footnotes":""},"categories":[25,19],"tags":[960,4632,292,3545,2812],"class_list":["post-16021","post","type-post","status-publish","format-standard","has-post-thumbnail","hentry","category-destaque","category-gerais","tag-delegado","tag-eduardo-gil","tag-policia-civil","tag-sao-jose-do-divino","tag-titulo-de-cidadao-honorario"],"_links":{"self":[{"href":"https:\/\/diariotribuna.com.br\/index.php?rest_route=\/wp\/v2\/posts\/16021"}],"collection":[{"href":"https:\/\/diariotribuna.com.br\/index.php?rest_route=\/wp\/v2\/posts"}],"about":[{"href":"https:\/\/diariotribuna.com.br\/index.php?rest_route=\/wp\/v2\/types\/post"}],"author":[{"embeddable":true,"href":"https:\/\/diariotribuna.com.br\/index.php?rest_route=\/wp\/v2\/users\/1"}],"replies":[{"embeddable":true,"href":"https:\/\/diariotribuna.com.br\/index.php?rest_route=%2Fwp%2Fv2%2Fcomments&post=16021"}],"version-history":[{"count":3,"href":"https:\/\/diariotribuna.com.br\/index.php?rest_route=\/wp\/v2\/posts\/16021\/revisions"}],"predecessor-version":[{"id":16030,"href":"https:\/\/diariotribuna.com.br\/index.php?rest_route=\/wp\/v2\/posts\/16021\/revisions\/16030"}],"wp:featuredmedia":[{"embeddable":true,"href":"https:\/\/diariotribuna.com.br\/index.php?rest_route=\/wp\/v2\/media\/16024"}],"wp:attachment":[{"href":"https:\/\/diariotribuna.com.br\/index.php?rest_route=%2Fwp%2Fv2%2Fmedia&parent=16021"}],"wp:term":[{"taxonomy":"category","embeddable":true,"href":"https:\/\/diariotribuna.com.br\/index.php?rest_route=%2Fwp%2Fv2%2Fcategories&post=16021"},{"taxonomy":"post_tag","embeddable":true,"href":"https:\/\/diariotribuna.com.br\/index.php?rest_route=%2Fwp%2Fv2%2Ftags&post=16021"}],"curies":[{"name":"wp","href":"https:\/\/api.w.org\/{rel}","templated":true}]}}