{"id":16031,"date":"2022-07-17T23:25:30","date_gmt":"2022-07-18T02:25:30","guid":{"rendered":"https:\/\/diariotribuna.com.br\/?p=16031"},"modified":"2022-07-17T23:25:32","modified_gmt":"2022-07-18T02:25:32","slug":"em-casa-na-rua-no-trabalho-ou-na-mesa-de-parto-existe-lugar-seguro-para-as-mulheres","status":"publish","type":"post","link":"https:\/\/diariotribuna.com.br\/?p=16031","title":{"rendered":"Em casa, na rua, no trabalho ou na mesa de parto: existe lugar seguro para as mulheres?"},"content":{"rendered":"\n<figure class=\"wp-block-image size-full is-resized is-style-default\"><img loading=\"lazy\" decoding=\"async\" src=\"https:\/\/diariotribuna.com.br\/wp-content\/uploads\/2022\/07\/Juliana-2.jpg\" alt=\"\" class=\"wp-image-16032\" width=\"319\" height=\"334\" srcset=\"https:\/\/diariotribuna.com.br\/wp-content\/uploads\/2022\/07\/Juliana-2.jpg 650w, https:\/\/diariotribuna.com.br\/wp-content\/uploads\/2022\/07\/Juliana-2-286x300.jpg 286w, https:\/\/diariotribuna.com.br\/wp-content\/uploads\/2022\/07\/Juliana-2-401x420.jpg 401w\" sizes=\"(max-width: 319px) 100vw, 319px\" \/><figcaption><strong><strong>Juliana Lemes da Cruz<\/strong>.<\/strong><br><strong>Doutoranda em Pol\u00edtica Social \u2013 UFF.<\/strong><br><strong>Pesquisadora GEPAF\/UFVJM.<\/strong><br><strong>Coordenadora do Projeto MLV.<\/strong><br><strong>Contato: <a href=\"mailto:julianalemes@id.uff.br\">julianalemes@id.uff.br<\/a><\/strong><\/figcaption><\/figure>\n\n\n\n<p>At\u00e9 que ganhe as manchetes dos jornais, a viol\u00eancia obst\u00e9trica segue restrita \u00e0s salas de parto, e embutida na pr\u00e1tica profissional de algumas equipes de t\u00e9cnicos, enfermeiros e m\u00e9dicos. Talvez por isso, pouco se discute sobre as leis que tratam do parto humanizado e de informa\u00e7\u00f5es v\u00e1lidas \u00e0s mulheres sobre o \u201cparir\u201d. Em Minas Gerais, a Lei n\u00ba 23.175\/18, prev\u00ea a garantia do atendimento humanizado \u00e0 gestante, \u00e0 parturiente e \u00e0 mulher em situa\u00e7\u00e3o de abortamento. Para constar, com base no Projeto de Lei n\u00ba 4.677\/17, proposto por uma parlamentar mulher.<\/p>\n\n\n\n<p>No caso veiculado no notici\u00e1rio da \u00faltima semana, mostrou imagens captadas por mulheres que compunham a equipe obst\u00e9trica de um hospital, em raz\u00e3o da suspeita de que o m\u00e9dico estaria apresentando comportamento estranho na ocasi\u00e3o da seda\u00e7\u00e3o das gestantes durante o processo de parto. A c\u00e2mera escondida de um aparelho de telefone celular registrou o momento em que o tal m\u00e9dico abusou sexualmente da parturiente, quando esta n\u00e3o apresentava possibilidade de reagir diante da viola\u00e7\u00e3o.<\/p>\n\n\n\n<p>Epis\u00f3dios de viol\u00eancia obst\u00e9trica, a exemplo do citado fato, sinalizam o quanto a limita\u00e7\u00e3o do debate sobre o tema faz com que pessoas do sexo feminino, e nesse recorte, incluo os homens transexuais \u2013 que tamb\u00e9m podem ter a faculdade de submeterem-se a uma gesta\u00e7\u00e3o \u2013, encobre viola\u00e7\u00f5es de toda sorte nos espa\u00e7os destinados ao parto \u201cseguro\u201d. Isso envolve procedimentos violentos, que, inclusive, podem ser melhor conhecidos se o(a) leitor(a) tiver interesse de acessar o link que segue no rodap\u00e9 deste texto.<\/p>\n\n\n\n<p>Essa situa\u00e7\u00e3o exp\u00f5e o quanto meninas, mulheres e homens trans est\u00e3o sujeitos ao abuso sexual mesmo em um dos momentos mais delicados de suas vidas. Isso revela que, est\u00e1 cada vez mais evidente que n\u00e3o h\u00e1 lugar seguro para as mulheres. Os n\u00fameros mostram que a viol\u00eancia dom\u00e9stica ocorre no aparente aconchego do lar, principalmente, por companheiros. Relatos assustadores das distintas formas de viol\u00eancia s\u00e3o destacados por meninas e mulheres que vem sendo machucadas de modo continuado, tanto fisicamente, quanto, psicologicamente. Nos espa\u00e7os p\u00fablicos ou privados os abusos s\u00e3o frequentes, desde o contato f\u00edsico no interior dos \u00f4nibus coletivos, ao desrespeito ao direito \u00e0 fala feminina durante reuni\u00f5es de trabalho. Desde as piadinhas sobre a imagem das mulheres, \u00e0s propostas de troca de favores sexuais por \u201cprivil\u00e9gios\u201d, a exemplo da possibilidade de promo\u00e7\u00e3o repentina a cargo superior na empresa ou ser oficialmente \u201cbancada\u201d pelo propositor, em regra, um homem.<\/p>\n\n\n\n<p>Fato \u00e9 que, toda essa breve narrativa sobre o quanto \u00e9 inseguro ser uma pessoa do sexo feminino e\/ ou ser uma mulher, joga luz para a urg\u00eancia da necessidade de prioriza\u00e7\u00e3o das pol\u00edticas p\u00fablicas voltadas \u00e0 igualdade de g\u00eanero no Brasil. A repercuss\u00e3o das distintas facetas da viol\u00eancia contra as mulheres nada mais \u00e9 do que o reflexo das desigualdades de g\u00eanero que assumem roupagens diferentes com o passar do tempo, evidenciado, por exemplo, pelo reduzido n\u00famero de representantes mulheres no Congresso Nacional, cerca de 15%, quando o ideal, segundo a Organiza\u00e7\u00e3o das Na\u00e7\u00f5es Unidas (ONU), seria no m\u00ednimo, 30% do n\u00famero total de cadeiras. Isso sem esmiu\u00e7ar que, apesar das pessoas do sexo feminino ser maioria da popula\u00e7\u00e3o brasileira, s\u00e3o minoria nos espa\u00e7os de poder e decis\u00e3o, tanto no \u00e2mbito p\u00fablico, quanto no privado. Trata-se da gritante necessidade do olhar diferenciado sobre as pautas femininas, para al\u00e9m dos rompantes dos discursos e narrativas t\u00edpicos de per\u00edodos eleitorais.<\/p>\n\n\n\n<p><strong>Link \u2013 \u201cViol\u00eancia Obst\u00e9trica: precisamos falar disso! | Live 6 | <a href=\"https:\/\/www.youtube.com\/hashtag\/projetomlv\">#ProjetoMLV<\/a>\u201d. Dispon\u00edvel em: <a href=\"https:\/\/youtu.be\/V1-z7cGHFiM\">https:\/\/youtu.be\/V1-z7cGHFiM<\/a><\/strong><\/p>\n","protected":false},"excerpt":{"rendered":"<p>At\u00e9 que ganhe as manchetes dos jornais, a viol\u00eancia obst\u00e9trica segue restrita \u00e0s salas de parto, e embutida na pr\u00e1tica profissional de algumas equipes de t\u00e9cnicos, enfermeiros e m\u00e9dicos. Talvez por isso, pouco se discute sobre as leis que tratam do parto humanizado e de informa\u00e7\u00f5es v\u00e1lidas \u00e0s mulheres sobre o \u201cparir\u201d. Em Minas Gerais, [&hellip;]<\/p>\n","protected":false},"author":1,"featured_media":16032,"comment_status":"open","ping_status":"open","sticky":false,"template":"","format":"standard","meta":{"rop_custom_images_group":[],"rop_custom_messages_group":[],"rop_publish_now":"initial","rop_publish_now_accounts":[],"rop_publish_now_history":[],"rop_publish_now_status":"pending","footnotes":""},"categories":[25,24],"tags":[1194,4633,231],"class_list":["post-16031","post","type-post","status-publish","format-standard","has-post-thumbnail","hentry","category-destaque","category-opiniao","tag-juliana-lemes","tag-lugar-seguro","tag-mulheres"],"_links":{"self":[{"href":"https:\/\/diariotribuna.com.br\/index.php?rest_route=\/wp\/v2\/posts\/16031"}],"collection":[{"href":"https:\/\/diariotribuna.com.br\/index.php?rest_route=\/wp\/v2\/posts"}],"about":[{"href":"https:\/\/diariotribuna.com.br\/index.php?rest_route=\/wp\/v2\/types\/post"}],"author":[{"embeddable":true,"href":"https:\/\/diariotribuna.com.br\/index.php?rest_route=\/wp\/v2\/users\/1"}],"replies":[{"embeddable":true,"href":"https:\/\/diariotribuna.com.br\/index.php?rest_route=%2Fwp%2Fv2%2Fcomments&post=16031"}],"version-history":[{"count":1,"href":"https:\/\/diariotribuna.com.br\/index.php?rest_route=\/wp\/v2\/posts\/16031\/revisions"}],"predecessor-version":[{"id":16033,"href":"https:\/\/diariotribuna.com.br\/index.php?rest_route=\/wp\/v2\/posts\/16031\/revisions\/16033"}],"wp:featuredmedia":[{"embeddable":true,"href":"https:\/\/diariotribuna.com.br\/index.php?rest_route=\/wp\/v2\/media\/16032"}],"wp:attachment":[{"href":"https:\/\/diariotribuna.com.br\/index.php?rest_route=%2Fwp%2Fv2%2Fmedia&parent=16031"}],"wp:term":[{"taxonomy":"category","embeddable":true,"href":"https:\/\/diariotribuna.com.br\/index.php?rest_route=%2Fwp%2Fv2%2Fcategories&post=16031"},{"taxonomy":"post_tag","embeddable":true,"href":"https:\/\/diariotribuna.com.br\/index.php?rest_route=%2Fwp%2Fv2%2Ftags&post=16031"}],"curies":[{"name":"wp","href":"https:\/\/api.w.org\/{rel}","templated":true}]}}