{"id":16034,"date":"2022-07-17T23:59:05","date_gmt":"2022-07-18T02:59:05","guid":{"rendered":"https:\/\/diariotribuna.com.br\/?p=16034"},"modified":"2022-07-20T23:59:26","modified_gmt":"2022-07-21T02:59:26","slug":"colisao-frontal-mata-02-jovens-e-fere-gravemente-outras-pessoas-na-mgc-418","status":"publish","type":"post","link":"https:\/\/diariotribuna.com.br\/?p=16034","title":{"rendered":"Colis\u00e3o frontal mata 02 jovens e fere gravemente outras pessoas na MGC 418"},"content":{"rendered":"\n<figure class=\"wp-block-image size-full is-resized is-style-default\"><img loading=\"lazy\" decoding=\"async\" src=\"https:\/\/diariotribuna.com.br\/wp-content\/uploads\/2022\/07\/2-Copia.jpg\" alt=\"\" class=\"wp-image-16035\" width=\"544\" height=\"387\" srcset=\"https:\/\/diariotribuna.com.br\/wp-content\/uploads\/2022\/07\/2-Copia.jpg 700w, https:\/\/diariotribuna.com.br\/wp-content\/uploads\/2022\/07\/2-Copia-300x214.jpg 300w, https:\/\/diariotribuna.com.br\/wp-content\/uploads\/2022\/07\/2-Copia-100x70.jpg 100w, https:\/\/diariotribuna.com.br\/wp-content\/uploads\/2022\/07\/2-Copia-696x496.jpg 696w, https:\/\/diariotribuna.com.br\/wp-content\/uploads\/2022\/07\/2-Copia-589x420.jpg 589w\" sizes=\"(max-width: 544px) 100vw, 544px\" \/><figcaption><strong>O acidente aconteceu no Km 134 da MGC 418<\/strong><\/figcaption><\/figure>\n\n\n\n<p><strong>Te\u00f3filo Otoni &#8211;<\/strong> A Pol\u00edcia Militar Rodovi\u00e1ria foi acionada, na manh\u00e3 de s\u00e1bado (16\/07), por volta das 8h, para atender um grav\u00edssimo acidente de tr\u00e2nsito envolvendo tr\u00eas ve\u00edculos, na MGC 418, km 134, aproximadamente 40 quil\u00f4metros de Te\u00f3filo Otoni, sentido a Nanuque. No local os militares depararam com uma cena complexa, pista parcialmente interditada, com dois dos ve\u00edculos bastante danificados e pessoas presas \u00e0s ferragens, o que demandou a presen\u00e7a de v\u00e1rios \u00f3rg\u00e3os estatais, dentre eles Pol\u00edcia Militar, SAMU, Bombeiros e Per\u00edcia T\u00e9cnica.<\/p>\n\n\n\n<p>Segundo a PM Rodovi\u00e1ria, na vers\u00e3o apresentada pelo motorista da picape Fiat Strada, cor branca, ele transitava sentido Carlos Chagas a Te\u00f3filo Otoni, quando deparou com um autom\u00f3vel GM Prisma de cor cinza, que invadiu a contram\u00e3o de dire\u00e7\u00e3o em alta velocidade, abalroando na picape, que saiu para o acostamento. Em seguida o Prisma colidiu frontalmente no SUV Nissan Kicks, de cor branca, que seguia atr\u00e1s da picape, tendo o Kicks tamb\u00e9m parado no acostamento e o Prisma no leito da via. O condutor do Kicks confirmou a vers\u00e3o apresentada pelo motorista da picape.<\/p>\n\n\n\n<figure class=\"wp-block-gallery has-nested-images columns-default is-cropped wp-block-gallery-1 is-layout-flex wp-block-gallery-is-layout-flex\">\n<figure class=\"wp-block-image size-large is-style-default\"><img loading=\"lazy\" decoding=\"async\" width=\"600\" height=\"570\" data-id=\"16039\" src=\"https:\/\/diariotribuna.com.br\/wp-content\/uploads\/2022\/07\/3-Copia-1.png\" alt=\"\" class=\"wp-image-16039\" srcset=\"https:\/\/diariotribuna.com.br\/wp-content\/uploads\/2022\/07\/3-Copia-1.png 600w, https:\/\/diariotribuna.com.br\/wp-content\/uploads\/2022\/07\/3-Copia-1-300x285.png 300w, https:\/\/diariotribuna.com.br\/wp-content\/uploads\/2022\/07\/3-Copia-1-442x420.png 442w\" sizes=\"(max-width: 600px) 100vw, 600px\" \/><\/figure>\n\n\n\n<figure class=\"wp-block-image size-large is-style-default\"><img loading=\"lazy\" decoding=\"async\" width=\"700\" height=\"561\" data-id=\"16037\" src=\"https:\/\/diariotribuna.com.br\/wp-content\/uploads\/2022\/07\/1-Copia.jpg\" alt=\"\" class=\"wp-image-16037\" srcset=\"https:\/\/diariotribuna.com.br\/wp-content\/uploads\/2022\/07\/1-Copia.jpg 700w, https:\/\/diariotribuna.com.br\/wp-content\/uploads\/2022\/07\/1-Copia-300x240.jpg 300w, https:\/\/diariotribuna.com.br\/wp-content\/uploads\/2022\/07\/1-Copia-696x558.jpg 696w, https:\/\/diariotribuna.com.br\/wp-content\/uploads\/2022\/07\/1-Copia-524x420.jpg 524w\" sizes=\"(max-width: 700px) 100vw, 700px\" \/><\/figure>\n<\/figure>\n\n\n\n<p>\u201cLamentavelmente o jovem de apenas de 24 anos de idade, condutor do GM Prisma, faleceu preso \u00e0s ferragens, sendo o corpo retirado pelos Bombeiros Militares. O passageiro foi socorrido em estado grave, inconsciente, mas faleceu no hospital. A mulher ocupante do Prisma tamb\u00e9m foi encaminhada inconsciente ao hospital Santa Ros\u00e1lia. O motorista do Nissan Kicks sofreu fraturas na perna esquerda e na regi\u00e3o p\u00e9lvica e as duas passageiras tiveram escoria\u00e7\u00f5es leves, sendo todos encaminhados ao hospital Santa Ros\u00e1lia. O condutor da picape nada sofreu\u201d, informou o tenente Reinaldo Martins, comandante do 1\u00ba Pelot\u00e3o da 15\u00aa Cia PM RV.<\/p>\n\n\n\n<p>Segundo o tenente, durante consulta no sistema informatizado os militares constataram que o motorista do GM Prisma, que na vers\u00e3o dos envolvidos, seria o causador do acidente, era habilitado apenas na categoria \u201cA\u201d, ou seja, para condu\u00e7\u00e3o de motocicletas, e a CNH estava vencida h\u00e1 mais de um ano. Devido \u00e0 gravidade do acidente foi necess\u00e1rio interditar a rodovia para a seguran\u00e7a dos trabalhos das equipes de socorro e as demais envolvidas no atendimento. A libera\u00e7\u00e3o do trecho ocorreu ap\u00f3s os trabalhos periciais e libera\u00e7\u00e3o do corpo da v\u00edtima.<\/p>\n\n\n\n<p>\u201cAs causas do sinistro ser\u00e3o apuradas durante o inqu\u00e9rito policial, com as provas testemunhais e periciais, portanto, nesse momento n\u00e3o temos como apontar o que teria contribu\u00eddo para o acidente. Deixamos nossos sinceros sentimentos aos familiares das v\u00edtimas fatais e desejamos uma boa recupera\u00e7\u00e3o \u00e0s v\u00edtimas de ferimentos, disse o militar, acrescentando que mortes e les\u00f5es graves em sinistros de tr\u00e2nsito, provocam muito sofrimento nas v\u00edtimas, bem como nos seus familiares e amigos, pois trata-se de uma situa\u00e7\u00e3o inesperada e violenta. Al\u00e9m das dores f\u00edsicas, as v\u00edtimas e os parentes podem passar por sofrimento emocional por um longo per\u00edodo de tempo.<\/p>\n\n\n\n<figure class=\"wp-block-gallery has-nested-images columns-default is-cropped wp-block-gallery-2 is-layout-flex wp-block-gallery-is-layout-flex\">\n<figure class=\"wp-block-image size-large is-style-default\"><img loading=\"lazy\" decoding=\"async\" width=\"225\" height=\"229\" data-id=\"16043\" src=\"https:\/\/diariotribuna.com.br\/wp-content\/uploads\/2022\/07\/4.png\" alt=\"\" class=\"wp-image-16043\"\/><figcaption><strong>Rony Millard Gomes, 24 anos, v\u00edtima fatal<\/strong><\/figcaption><\/figure>\n\n\n\n<figure class=\"wp-block-image size-large is-style-default\"><img loading=\"lazy\" decoding=\"async\" width=\"300\" height=\"324\" data-id=\"16041\" src=\"https:\/\/diariotribuna.com.br\/wp-content\/uploads\/2022\/07\/0ef57118-a892-4abd-a33f-a81b55d00687-Copia-1.jpg\" alt=\"\" class=\"wp-image-16041\" srcset=\"https:\/\/diariotribuna.com.br\/wp-content\/uploads\/2022\/07\/0ef57118-a892-4abd-a33f-a81b55d00687-Copia-1.jpg 300w, https:\/\/diariotribuna.com.br\/wp-content\/uploads\/2022\/07\/0ef57118-a892-4abd-a33f-a81b55d00687-Copia-1-278x300.jpg 278w\" sizes=\"(max-width: 300px) 100vw, 300px\" \/><figcaption><strong>Jhonatan de Jesus Andrade, 23 anos, v\u00edtima fatal<\/strong><\/figcaption><\/figure>\n<\/figure>\n\n\n\n<p>\u201cComo sempre, n\u00e3o podemos deixar de alertar os usu\u00e1rios das nossas rodovias, quanto aos riscos e a necessidade do respeito \u00e0s normas de tr\u00e2nsito. A MGC 418, a t\u00edtulo de exemplo, exige velocidade m\u00e1xima de 80 quil\u00f4metros hora e em alguns trechos, por quest\u00e3o de seguran\u00e7a, essa velocidade cai para 60 ou mesmo 40 quil\u00f4metros por hora. (Informa\u00e7\u00f5es\/Fotos local: PM Rodovi\u00e1ria. Fotos\/V\u00edtimas: Divulga\u00e7\u00e3o). <strong>V\u00edtimas fatais:<\/strong> Rony Millard Gomes, 24 anos, morreu no local do acidente. Jhonatan de Jesus Andrade, 23 anos, morreu no hospital.<\/p>\n","protected":false},"excerpt":{"rendered":"<p>Te\u00f3filo Otoni &#8211; A Pol\u00edcia Militar Rodovi\u00e1ria foi acionada, na manh\u00e3 de s\u00e1bado (16\/07), por volta das 8h, para atender um grav\u00edssimo acidente de tr\u00e2nsito envolvendo tr\u00eas ve\u00edculos, na MGC 418, km 134, aproximadamente 40 quil\u00f4metros de Te\u00f3filo Otoni, sentido a Nanuque. No local os militares depararam com uma cena complexa, pista parcialmente interditada, com [&hellip;]<\/p>\n","protected":false},"author":1,"featured_media":16035,"comment_status":"open","ping_status":"open","sticky":false,"template":"","format":"standard","meta":{"rop_custom_images_group":[],"rop_custom_messages_group":[],"rop_publish_now":"initial","rop_publish_now_accounts":[],"rop_publish_now_history":[],"rop_publish_now_status":"pending","footnotes":""},"categories":[19],"tags":[125,4634,3349,735,4635,76,75],"class_list":["post-16034","post","type-post","status-publish","format-standard","has-post-thumbnail","hentry","category-gerais","tag-acidente","tag-colisao-frontal","tag-feridos","tag-mgc-418","tag-obitos","tag-policia-militar","tag-teofilo-otoni"],"_links":{"self":[{"href":"https:\/\/diariotribuna.com.br\/index.php?rest_route=\/wp\/v2\/posts\/16034"}],"collection":[{"href":"https:\/\/diariotribuna.com.br\/index.php?rest_route=\/wp\/v2\/posts"}],"about":[{"href":"https:\/\/diariotribuna.com.br\/index.php?rest_route=\/wp\/v2\/types\/post"}],"author":[{"embeddable":true,"href":"https:\/\/diariotribuna.com.br\/index.php?rest_route=\/wp\/v2\/users\/1"}],"replies":[{"embeddable":true,"href":"https:\/\/diariotribuna.com.br\/index.php?rest_route=%2Fwp%2Fv2%2Fcomments&post=16034"}],"version-history":[{"count":2,"href":"https:\/\/diariotribuna.com.br\/index.php?rest_route=\/wp\/v2\/posts\/16034\/revisions"}],"predecessor-version":[{"id":16045,"href":"https:\/\/diariotribuna.com.br\/index.php?rest_route=\/wp\/v2\/posts\/16034\/revisions\/16045"}],"wp:featuredmedia":[{"embeddable":true,"href":"https:\/\/diariotribuna.com.br\/index.php?rest_route=\/wp\/v2\/media\/16035"}],"wp:attachment":[{"href":"https:\/\/diariotribuna.com.br\/index.php?rest_route=%2Fwp%2Fv2%2Fmedia&parent=16034"}],"wp:term":[{"taxonomy":"category","embeddable":true,"href":"https:\/\/diariotribuna.com.br\/index.php?rest_route=%2Fwp%2Fv2%2Fcategories&post=16034"},{"taxonomy":"post_tag","embeddable":true,"href":"https:\/\/diariotribuna.com.br\/index.php?rest_route=%2Fwp%2Fv2%2Ftags&post=16034"}],"curies":[{"name":"wp","href":"https:\/\/api.w.org\/{rel}","templated":true}]}}