{"id":16046,"date":"2022-07-18T01:40:34","date_gmt":"2022-07-18T04:40:34","guid":{"rendered":"https:\/\/diariotribuna.com.br\/?p=16046"},"modified":"2022-07-25T23:39:46","modified_gmt":"2022-07-26T02:39:46","slug":"policia-militar-de-palmopolis-prende-autores-de-homicidio-e-apreende-arma-de-fogo-usada-no-crime","status":"publish","type":"post","link":"https:\/\/diariotribuna.com.br\/?p=16046","title":{"rendered":"Pol\u00edcia Militar de Palm\u00f3polis prende autores de homic\u00eddio e apreende arma de fogo usada no crime"},"content":{"rendered":"\n<figure class=\"wp-block-image size-full is-resized is-style-default\"><img loading=\"lazy\" decoding=\"async\" src=\"https:\/\/diariotribuna.com.br\/wp-content\/uploads\/2022\/07\/41ba788a-3665-4bd2-9de1-d2ecc37aee07-Copia.jpg\" alt=\"\" class=\"wp-image-16048\" width=\"579\" height=\"368\" srcset=\"https:\/\/diariotribuna.com.br\/wp-content\/uploads\/2022\/07\/41ba788a-3665-4bd2-9de1-d2ecc37aee07-Copia.jpg 700w, https:\/\/diariotribuna.com.br\/wp-content\/uploads\/2022\/07\/41ba788a-3665-4bd2-9de1-d2ecc37aee07-Copia-300x191.jpg 300w, https:\/\/diariotribuna.com.br\/wp-content\/uploads\/2022\/07\/41ba788a-3665-4bd2-9de1-d2ecc37aee07-Copia-696x442.jpg 696w, https:\/\/diariotribuna.com.br\/wp-content\/uploads\/2022\/07\/41ba788a-3665-4bd2-9de1-d2ecc37aee07-Copia-661x420.jpg 661w\" sizes=\"(max-width: 579px) 100vw, 579px\" \/><figcaption><strong>A Pol\u00edcia Militar apreendeu a arma de fogo usada no crime<\/strong><br><strong>(Foto: PMMG)<\/strong><\/figcaption><\/figure>\n\n\n\n<p>A Pol\u00edcia Militar foi acionada, neste domingo (17\/07), por volta das 6h da manh\u00e3, a comparecer \u00e0 Rua Primeiro de Maio, centro de Palm\u00f3polis, onde havia um homem ca\u00eddo no ch\u00e3o, todo ensanguentado. No local, as equipes depararam com a v\u00edtima identificada por Vin\u00edcius Pereira da Rocha, de 19 anos, ca\u00edda, a per\u00edcia t\u00e9cnica foi acionada e foram constatadas 07 perfura\u00e7\u00f5es provenientes de arma de fogo no olho esquerdo e no pesco\u00e7o.<\/p>\n\n\n\n<p>Ap\u00f3s os trabalhos periciais, o corpo foi liberado para uma funer\u00e1ria que encaminhou ao IML para necropsia. Durante as dilig\u00eancias, os militares verificaram diversas c\u00e2meras de seguran\u00e7a em toda a cidade, sendo poss\u00edvel identificar os autores direcionando a v\u00edtima para o local do crime. As equipes fizeram dilig\u00eancias e conseguiram localizar dois deles. Segundo a PM, ap\u00f3s novas verifica\u00e7\u00f5es foi constatado que o crime havia sido encomendado por um terceiro indiv\u00edduo, que foi identificado e preso.<\/p>\n\n\n\n<figure class=\"wp-block-image size-full is-resized is-style-default\"><img loading=\"lazy\" decoding=\"async\" src=\"https:\/\/diariotribuna.com.br\/wp-content\/uploads\/2022\/07\/acb771f4-13c4-4051-bf02-faf3ed110ddc.jpg\" alt=\"\" class=\"wp-image-16050\" width=\"582\" height=\"340\" srcset=\"https:\/\/diariotribuna.com.br\/wp-content\/uploads\/2022\/07\/acb771f4-13c4-4051-bf02-faf3ed110ddc.jpg 941w, https:\/\/diariotribuna.com.br\/wp-content\/uploads\/2022\/07\/acb771f4-13c4-4051-bf02-faf3ed110ddc-300x176.jpg 300w, https:\/\/diariotribuna.com.br\/wp-content\/uploads\/2022\/07\/acb771f4-13c4-4051-bf02-faf3ed110ddc-768x450.jpg 768w, https:\/\/diariotribuna.com.br\/wp-content\/uploads\/2022\/07\/acb771f4-13c4-4051-bf02-faf3ed110ddc-696x408.jpg 696w, https:\/\/diariotribuna.com.br\/wp-content\/uploads\/2022\/07\/acb771f4-13c4-4051-bf02-faf3ed110ddc-717x420.jpg 717w\" sizes=\"(max-width: 582px) 100vw, 582px\" \/><figcaption><strong>Crime ocorreu na Rua Primeiro de Maio, em Palm\u00f3polis<\/strong><br><strong>(Foto: Divulga\u00e7\u00e3o)<\/strong><\/figcaption><\/figure>\n\n\n\n<p><strong>Resultado da a\u00e7\u00e3o da Pol\u00edcia Militar:<\/strong> foram apreendidos, 01 rev\u00f3lver calibre 38 Special, 01 espingarda polveira, 03 muni\u00e7\u00f5es calibre 38 intactas, 07 muni\u00e7\u00f5es calibre 38 deflagradas e 01 aparelho de telefone celular. Tr\u00eas pessoas presas. <strong>Equipes:<\/strong> tenente Luiz Carlos e soldado Vieira, sargento Paulo e soldado Teles, sargento Pinheiro e soldado Alex. (Informa\u00e7\u00f5es\/Foto: PMMG, 44\u00ba BPM, Almenara).<\/p>\n","protected":false},"excerpt":{"rendered":"<p>A Pol\u00edcia Militar foi acionada, neste domingo (17\/07), por volta das 6h da manh\u00e3, a comparecer \u00e0 Rua Primeiro de Maio, centro de Palm\u00f3polis, onde havia um homem ca\u00eddo no ch\u00e3o, todo ensanguentado. No local, as equipes depararam com a v\u00edtima identificada por Vin\u00edcius Pereira da Rocha, de 19 anos, ca\u00edda, a per\u00edcia t\u00e9cnica foi [&hellip;]<\/p>\n","protected":false},"author":1,"featured_media":16048,"comment_status":"open","ping_status":"open","sticky":false,"template":"","format":"standard","meta":{"rop_custom_images_group":[],"rop_custom_messages_group":[],"rop_publish_now":"initial","rop_publish_now_accounts":[],"rop_publish_now_history":[],"rop_publish_now_status":"pending","footnotes":""},"categories":[20],"tags":[174,110,4637,4636,76,1416],"class_list":["post-16046","post","type-post","status-publish","format-standard","has-post-thumbnail","hentry","category-policia","tag-44o-bpm","tag-almenara","tag-autores-de-homicidio","tag-palmopolis","tag-policia-militar","tag-presos"],"_links":{"self":[{"href":"https:\/\/diariotribuna.com.br\/index.php?rest_route=\/wp\/v2\/posts\/16046"}],"collection":[{"href":"https:\/\/diariotribuna.com.br\/index.php?rest_route=\/wp\/v2\/posts"}],"about":[{"href":"https:\/\/diariotribuna.com.br\/index.php?rest_route=\/wp\/v2\/types\/post"}],"author":[{"embeddable":true,"href":"https:\/\/diariotribuna.com.br\/index.php?rest_route=\/wp\/v2\/users\/1"}],"replies":[{"embeddable":true,"href":"https:\/\/diariotribuna.com.br\/index.php?rest_route=%2Fwp%2Fv2%2Fcomments&post=16046"}],"version-history":[{"count":9,"href":"https:\/\/diariotribuna.com.br\/index.php?rest_route=\/wp\/v2\/posts\/16046\/revisions"}],"predecessor-version":[{"id":16065,"href":"https:\/\/diariotribuna.com.br\/index.php?rest_route=\/wp\/v2\/posts\/16046\/revisions\/16065"}],"wp:featuredmedia":[{"embeddable":true,"href":"https:\/\/diariotribuna.com.br\/index.php?rest_route=\/wp\/v2\/media\/16048"}],"wp:attachment":[{"href":"https:\/\/diariotribuna.com.br\/index.php?rest_route=%2Fwp%2Fv2%2Fmedia&parent=16046"}],"wp:term":[{"taxonomy":"category","embeddable":true,"href":"https:\/\/diariotribuna.com.br\/index.php?rest_route=%2Fwp%2Fv2%2Fcategories&post=16046"},{"taxonomy":"post_tag","embeddable":true,"href":"https:\/\/diariotribuna.com.br\/index.php?rest_route=%2Fwp%2Fv2%2Ftags&post=16046"}],"curies":[{"name":"wp","href":"https:\/\/api.w.org\/{rel}","templated":true}]}}