{"id":16059,"date":"2022-07-18T10:32:03","date_gmt":"2022-07-18T13:32:03","guid":{"rendered":"https:\/\/diariotribuna.com.br\/?p=16059"},"modified":"2022-07-19T10:04:14","modified_gmt":"2022-07-19T13:04:14","slug":"diario-tribuna-18-de-julho-2022-teofilo-otoni-mg","status":"publish","type":"post","link":"https:\/\/diariotribuna.com.br\/?p=16059","title":{"rendered":"Di\u00e1rio Tribuna, 18 de Julho 2022, Te\u00f3filo Otoni &#8211; MG"},"content":{"rendered":"\n<figure class=\"wp-block-image size-full is-resized is-style-default\"><img loading=\"lazy\" decoding=\"async\" src=\"https:\/\/diariotribuna.com.br\/wp-content\/uploads\/2022\/07\/bca9fe85-fab0-41d4-ac78-524048ac91f6.jpg\" alt=\"\" class=\"wp-image-16062\" width=\"340\" height=\"484\" srcset=\"https:\/\/diariotribuna.com.br\/wp-content\/uploads\/2022\/07\/bca9fe85-fab0-41d4-ac78-524048ac91f6.jpg 704w, https:\/\/diariotribuna.com.br\/wp-content\/uploads\/2022\/07\/bca9fe85-fab0-41d4-ac78-524048ac91f6-211x300.jpg 211w, https:\/\/diariotribuna.com.br\/wp-content\/uploads\/2022\/07\/bca9fe85-fab0-41d4-ac78-524048ac91f6-696x991.jpg 696w, https:\/\/diariotribuna.com.br\/wp-content\/uploads\/2022\/07\/bca9fe85-fab0-41d4-ac78-524048ac91f6-295x420.jpg 295w\" sizes=\"(max-width: 340px) 100vw, 340px\" \/><\/figure>\n\n\n\n<h2 class=\"wp-block-heading\"><strong><strong><mark style=\"background-color:rgba(0, 0, 0, 0)\" class=\"has-inline-color has-vivid-red-color\">Acesse o link abaixo e veja a edi\u00e7\u00e3o completa do Di\u00e1rio Tribuna desta segunda-feira (18\/07\/2022)<\/mark><\/strong>&nbsp;&nbsp;&nbsp;&nbsp;&nbsp;&nbsp;<\/strong><\/h2>\n\n\n\n<h3 class=\"wp-block-heading\"><a href=\"https:\/\/diariotribuna.com.br\/wp-content\/uploads\/2022\/07\/DIARIO-TRIBUNA-52-ANOS-18-JULHO-2022.pdf\"><strong><mark style=\"background-color:rgba(0, 0, 0, 0)\" class=\"has-inline-color has-vivid-red-color\">https:\/\/diariotribuna.com.br\/wp-content\/uploads\/2022\/07\/DIARIO-TRIBUNA-52-ANOS-18-JULHO-2022.pdf<\/mark><\/strong><\/a><\/h3>\n","protected":false},"excerpt":{"rendered":"<p>Acesse o link abaixo e veja a edi\u00e7\u00e3o completa do Di\u00e1rio Tribuna desta segunda-feira (18\/07\/2022)&nbsp;&nbsp;&nbsp;&nbsp;&nbsp;&nbsp; https:\/\/diariotribuna.com.br\/wp-content\/uploads\/2022\/07\/DIARIO-TRIBUNA-52-ANOS-18-JULHO-2022.pdf<\/p>\n","protected":false},"author":1,"featured_media":16062,"comment_status":"open","ping_status":"open","sticky":false,"template":"","format":"standard","meta":{"rop_custom_images_group":[],"rop_custom_messages_group":[],"rop_publish_now":"initial","rop_publish_now_accounts":[],"rop_publish_now_history":[],"rop_publish_now_status":"pending","footnotes":""},"categories":[17,23],"tags":[4638,42,1010,75,867],"class_list":["post-16059","post","type-post","status-publish","format-standard","has-post-thumbnail","hentry","category-teofilootoni","category-ultimaedicao","tag-18-07-2022","tag-diario-tribuna","tag-nordeste-mineiro","tag-teofilo-otoni","tag-vale-do-mucuri"],"_links":{"self":[{"href":"https:\/\/diariotribuna.com.br\/index.php?rest_route=\/wp\/v2\/posts\/16059"}],"collection":[{"href":"https:\/\/diariotribuna.com.br\/index.php?rest_route=\/wp\/v2\/posts"}],"about":[{"href":"https:\/\/diariotribuna.com.br\/index.php?rest_route=\/wp\/v2\/types\/post"}],"author":[{"embeddable":true,"href":"https:\/\/diariotribuna.com.br\/index.php?rest_route=\/wp\/v2\/users\/1"}],"replies":[{"embeddable":true,"href":"https:\/\/diariotribuna.com.br\/index.php?rest_route=%2Fwp%2Fv2%2Fcomments&post=16059"}],"version-history":[{"count":2,"href":"https:\/\/diariotribuna.com.br\/index.php?rest_route=\/wp\/v2\/posts\/16059\/revisions"}],"predecessor-version":[{"id":16077,"href":"https:\/\/diariotribuna.com.br\/index.php?rest_route=\/wp\/v2\/posts\/16059\/revisions\/16077"}],"wp:featuredmedia":[{"embeddable":true,"href":"https:\/\/diariotribuna.com.br\/index.php?rest_route=\/wp\/v2\/media\/16062"}],"wp:attachment":[{"href":"https:\/\/diariotribuna.com.br\/index.php?rest_route=%2Fwp%2Fv2%2Fmedia&parent=16059"}],"wp:term":[{"taxonomy":"category","embeddable":true,"href":"https:\/\/diariotribuna.com.br\/index.php?rest_route=%2Fwp%2Fv2%2Fcategories&post=16059"},{"taxonomy":"post_tag","embeddable":true,"href":"https:\/\/diariotribuna.com.br\/index.php?rest_route=%2Fwp%2Fv2%2Ftags&post=16059"}],"curies":[{"name":"wp","href":"https:\/\/api.w.org\/{rel}","templated":true}]}}