{"id":16066,"date":"2022-07-18T22:45:14","date_gmt":"2022-07-19T01:45:14","guid":{"rendered":"https:\/\/diariotribuna.com.br\/?p=16066"},"modified":"2022-07-25T23:56:32","modified_gmt":"2022-07-26T02:56:32","slug":"policia-civil-deflagra-operacao-e-recupera-quase-r-10-mil-em-cheques-furtados","status":"publish","type":"post","link":"https:\/\/diariotribuna.com.br\/?p=16066","title":{"rendered":"Pol\u00edcia Civil deflagra opera\u00e7\u00e3o e recupera quase R$ 10 mil em cheques furtados"},"content":{"rendered":"\n<figure class=\"wp-block-image size-full is-resized is-style-default\"><img loading=\"lazy\" decoding=\"async\" src=\"https:\/\/diariotribuna.com.br\/wp-content\/uploads\/2022\/07\/a1d7dcd6-40eb-46ba-bc7c-61dd0f598e3b-Copia.jpg\" alt=\"\" class=\"wp-image-16067\" width=\"573\" height=\"367\" srcset=\"https:\/\/diariotribuna.com.br\/wp-content\/uploads\/2022\/07\/a1d7dcd6-40eb-46ba-bc7c-61dd0f598e3b-Copia.jpg 700w, https:\/\/diariotribuna.com.br\/wp-content\/uploads\/2022\/07\/a1d7dcd6-40eb-46ba-bc7c-61dd0f598e3b-Copia-300x192.jpg 300w, https:\/\/diariotribuna.com.br\/wp-content\/uploads\/2022\/07\/a1d7dcd6-40eb-46ba-bc7c-61dd0f598e3b-Copia-696x445.jpg 696w, https:\/\/diariotribuna.com.br\/wp-content\/uploads\/2022\/07\/a1d7dcd6-40eb-46ba-bc7c-61dd0f598e3b-Copia-656x420.jpg 656w\" sizes=\"(max-width: 573px) 100vw, 573px\" \/><\/figure>\n\n\n\n<p><strong>Almenara &#8211;<\/strong> A Pol\u00edcia Civil de Minas Gerais, por meio da Delegacia de Repress\u00e3o a Crimes Contra o Patrim\u00f4nio da 3\u00aa Delegacia Regional de Pol\u00edcia Civil de Almenara, deu cumprimento, na \u00faltima sexta-feira (15\/07), a um mandado de busca e apreens\u00e3o domiciliar em Almenara, na regi\u00e3o do Jequitinhonha, em mais uma a\u00e7\u00e3o de repress\u00e3o aos crimes patrimoniais.<\/p>\n\n\n\n<p>A a\u00e7\u00e3o da Pol\u00edcia Civil teve como objetivo a recupera\u00e7\u00e3o de bens subtra\u00eddos e a coleta de elementos de informa\u00e7\u00e3o que possibilitem o esclarecimento de um crime de furto ocorrido na noite do dia 06\/07\/2022, em um estabelecimento comercial localizado no centro da cidade. As investiga\u00e7\u00f5es apontaram para um suspeito de 29 anos.<\/p>\n\n\n\n<p>A Pol\u00edcia Civil representou pela expedi\u00e7\u00e3o de mandado de busca e apreens\u00e3o para a resid\u00eancia dele, que foi deferida pelo Poder Judici\u00e1rio, ap\u00f3s manifesta\u00e7\u00e3o favor\u00e1vel do Minist\u00e9rio P\u00fablico. No cumprimento da ordem judicial, a equipe da PCMG recuperou parte do material subtra\u00eddo, sendo 04 cheques que totalizam o valor de quase R$ 10 mil.<\/p>\n\n\n\n<p>\u201cO suspeito n\u00e3o foi encontrado na resid\u00eancia. Ele possui registros da pr\u00e1tica dos crimes de roubo, furto, posse ilegal de arma de fogo, dentre outros\u201d, disse o Delegado Regional de Almenara, dr. Thiago de Carvalho Passos, destacando que as investiga\u00e7\u00f5es prosseguem com vistas \u00e0 completa elucida\u00e7\u00e3o dos fatos e responsabiliza\u00e7\u00e3o penal dos envolvidos. (Informa\u00e7\u00f5es\/Foto: PCMG, Almenara).<\/p>\n\n\n\n<h3 class=\"wp-block-heading\"><strong>Pol\u00edcia Civil de Minas Gerais: Mais pr\u00f3xima de voc\u00ea.<\/strong><\/h3>\n\n\n\n<p><strong>Instagram:<\/strong> @pcmg.oficial<\/p>\n\n\n\n<p><strong>Facebook:<\/strong> @pcmgoficial<\/p>\n\n\n\n<p><strong>Twitter:<\/strong> @pcmgoficial<\/p>\n\n\n\n<p><strong>YouTube:<\/strong> @pcmgoficial<\/p>\n\n\n\n<p><strong><a href=\"http:\/\/www.policiacivil.mg.gov.br\">www.policiacivil.mg.gov.br<\/a><\/strong><\/p>\n","protected":false},"excerpt":{"rendered":"<p>Almenara &#8211; A Pol\u00edcia Civil de Minas Gerais, por meio da Delegacia de Repress\u00e3o a Crimes Contra o Patrim\u00f4nio da 3\u00aa Delegacia Regional de Pol\u00edcia Civil de Almenara, deu cumprimento, na \u00faltima sexta-feira (15\/07), a um mandado de busca e apreens\u00e3o domiciliar em Almenara, na regi\u00e3o do Jequitinhonha, em mais uma a\u00e7\u00e3o de repress\u00e3o aos [&hellip;]<\/p>\n","protected":false},"author":1,"featured_media":16067,"comment_status":"open","ping_status":"open","sticky":false,"template":"","format":"standard","meta":{"rop_custom_images_group":[],"rop_custom_messages_group":[],"rop_publish_now":"initial","rop_publish_now_accounts":[],"rop_publish_now_history":[],"rop_publish_now_status":"pending","footnotes":""},"categories":[20],"tags":[110,4639,4640,91,80,292,4619],"class_list":["post-16066","post","type-post","status-publish","format-standard","has-post-thumbnail","hentry","category-policia","tag-almenara","tag-cheques-furtados","tag-crime-contra-o-patrimonio","tag-minas","tag-operacao","tag-policia-civil","tag-repressao"],"_links":{"self":[{"href":"https:\/\/diariotribuna.com.br\/index.php?rest_route=\/wp\/v2\/posts\/16066"}],"collection":[{"href":"https:\/\/diariotribuna.com.br\/index.php?rest_route=\/wp\/v2\/posts"}],"about":[{"href":"https:\/\/diariotribuna.com.br\/index.php?rest_route=\/wp\/v2\/types\/post"}],"author":[{"embeddable":true,"href":"https:\/\/diariotribuna.com.br\/index.php?rest_route=\/wp\/v2\/users\/1"}],"replies":[{"embeddable":true,"href":"https:\/\/diariotribuna.com.br\/index.php?rest_route=%2Fwp%2Fv2%2Fcomments&post=16066"}],"version-history":[{"count":1,"href":"https:\/\/diariotribuna.com.br\/index.php?rest_route=\/wp\/v2\/posts\/16066\/revisions"}],"predecessor-version":[{"id":16068,"href":"https:\/\/diariotribuna.com.br\/index.php?rest_route=\/wp\/v2\/posts\/16066\/revisions\/16068"}],"wp:featuredmedia":[{"embeddable":true,"href":"https:\/\/diariotribuna.com.br\/index.php?rest_route=\/wp\/v2\/media\/16067"}],"wp:attachment":[{"href":"https:\/\/diariotribuna.com.br\/index.php?rest_route=%2Fwp%2Fv2%2Fmedia&parent=16066"}],"wp:term":[{"taxonomy":"category","embeddable":true,"href":"https:\/\/diariotribuna.com.br\/index.php?rest_route=%2Fwp%2Fv2%2Fcategories&post=16066"},{"taxonomy":"post_tag","embeddable":true,"href":"https:\/\/diariotribuna.com.br\/index.php?rest_route=%2Fwp%2Fv2%2Ftags&post=16066"}],"curies":[{"name":"wp","href":"https:\/\/api.w.org\/{rel}","templated":true}]}}