{"id":16069,"date":"2022-07-18T23:07:56","date_gmt":"2022-07-19T02:07:56","guid":{"rendered":"https:\/\/diariotribuna.com.br\/?p=16069"},"modified":"2022-07-18T23:07:57","modified_gmt":"2022-07-19T02:07:57","slug":"policia-civil-realiza-operacao-acalento-e-prende-homem-de-67-anos","status":"publish","type":"post","link":"https:\/\/diariotribuna.com.br\/?p=16069","title":{"rendered":"Pol\u00edcia Civil realiza opera\u00e7\u00e3o Acalento e prende homem de 67 anos"},"content":{"rendered":"\n<p><strong>Jacinto &#8211;<\/strong> A Pol\u00edcia Civil de Minas Gerais, por meio da 17\u00aa Delegacia de Jacinto, na regi\u00e3o do Vale do Jequitinhonha, deflagrou na quarta-feira (13\/07), a Opera\u00e7\u00e3o Acalento e prendeu um homem de 67 anos em cumprimento a mandado de pris\u00e3o preventiva, que foi decretada pelo Poder Judici\u00e1rio na audi\u00eancia de instru\u00e7\u00e3o e julgamento.<\/p>\n\n\n\n<p>Segundo a Pol\u00edcia Civil, a a\u00e7\u00e3o penal versa sobre os crimes de divulga\u00e7\u00e3o de conte\u00fado pornogr\u00e1fico de crian\u00e7a e adolescente, al\u00e9m de estupro de vulner\u00e1vel, fatos apurados por meio de inqu\u00e9rito policial. As investiga\u00e7\u00f5es apontaram que o investigado deu medicamentos entorpecentes \u00e0 crian\u00e7a v\u00edtima, e, logo ap\u00f3s, fez v\u00e1rias fotografias dela nua.<\/p>\n\n\n\n<p>\u201cApurou-se, ainda, por meio do exame pericial, que teria ocorrido tamb\u00e9m o crime de estupro\u201d, disse o Delegado Regional de Almenara, dr. Thiago de Carvalho Passos. Ciente da ordem judicial, uma equipe da Pol\u00edcia Civil foi imediatamente ao F\u00f3rum da Comarca de Jacinto e prendeu o r\u00e9u, encaminhando-o para exames m\u00e9dicos, logo ap\u00f3s \u00e0 delegacia para as provid\u00eancias de praxe, e depois, ao Departamento Penitenci\u00e1rio (DEPEN\/MG) em Jacinto, onde permaneceu \u00e0 disposi\u00e7\u00e3o da Justi\u00e7a. (Informa\u00e7\u00f5es\/Foto: PCMG).<\/p>\n\n\n\n<figure class=\"wp-block-image size-full is-resized is-style-default\"><img loading=\"lazy\" decoding=\"async\" src=\"https:\/\/diariotribuna.com.br\/wp-content\/uploads\/2022\/07\/c91d93f0-f985-4ff8-b3bb-7a5b18325ac3-1.jpg\" alt=\"\" class=\"wp-image-16071\" width=\"347\" height=\"412\" srcset=\"https:\/\/diariotribuna.com.br\/wp-content\/uploads\/2022\/07\/c91d93f0-f985-4ff8-b3bb-7a5b18325ac3-1.jpg 592w, https:\/\/diariotribuna.com.br\/wp-content\/uploads\/2022\/07\/c91d93f0-f985-4ff8-b3bb-7a5b18325ac3-1-253x300.jpg 253w, https:\/\/diariotribuna.com.br\/wp-content\/uploads\/2022\/07\/c91d93f0-f985-4ff8-b3bb-7a5b18325ac3-1-354x420.jpg 354w\" sizes=\"(max-width: 347px) 100vw, 347px\" \/><\/figure>\n","protected":false},"excerpt":{"rendered":"<p>Jacinto &#8211; A Pol\u00edcia Civil de Minas Gerais, por meio da 17\u00aa Delegacia de Jacinto, na regi\u00e3o do Vale do Jequitinhonha, deflagrou na quarta-feira (13\/07), a Opera\u00e7\u00e3o Acalento e prendeu um homem de 67 anos em cumprimento a mandado de pris\u00e3o preventiva, que foi decretada pelo Poder Judici\u00e1rio na audi\u00eancia de instru\u00e7\u00e3o e julgamento. Segundo [&hellip;]<\/p>\n","protected":false},"author":1,"featured_media":16071,"comment_status":"open","ping_status":"open","sticky":false,"template":"","format":"standard","meta":{"rop_custom_images_group":[],"rop_custom_messages_group":[],"rop_publish_now":"initial","rop_publish_now_accounts":[],"rop_publish_now_history":[],"rop_publish_now_status":"pending","footnotes":""},"categories":[20],"tags":[1086,4070,737,4641,292],"class_list":["post-16069","post","type-post","status-publish","format-standard","has-post-thumbnail","hentry","category-policia","tag-estupro","tag-idoso-preso","tag-jacinto","tag-operacao-acalento","tag-policia-civil"],"_links":{"self":[{"href":"https:\/\/diariotribuna.com.br\/index.php?rest_route=\/wp\/v2\/posts\/16069"}],"collection":[{"href":"https:\/\/diariotribuna.com.br\/index.php?rest_route=\/wp\/v2\/posts"}],"about":[{"href":"https:\/\/diariotribuna.com.br\/index.php?rest_route=\/wp\/v2\/types\/post"}],"author":[{"embeddable":true,"href":"https:\/\/diariotribuna.com.br\/index.php?rest_route=\/wp\/v2\/users\/1"}],"replies":[{"embeddable":true,"href":"https:\/\/diariotribuna.com.br\/index.php?rest_route=%2Fwp%2Fv2%2Fcomments&post=16069"}],"version-history":[{"count":1,"href":"https:\/\/diariotribuna.com.br\/index.php?rest_route=\/wp\/v2\/posts\/16069\/revisions"}],"predecessor-version":[{"id":16072,"href":"https:\/\/diariotribuna.com.br\/index.php?rest_route=\/wp\/v2\/posts\/16069\/revisions\/16072"}],"wp:featuredmedia":[{"embeddable":true,"href":"https:\/\/diariotribuna.com.br\/index.php?rest_route=\/wp\/v2\/media\/16071"}],"wp:attachment":[{"href":"https:\/\/diariotribuna.com.br\/index.php?rest_route=%2Fwp%2Fv2%2Fmedia&parent=16069"}],"wp:term":[{"taxonomy":"category","embeddable":true,"href":"https:\/\/diariotribuna.com.br\/index.php?rest_route=%2Fwp%2Fv2%2Fcategories&post=16069"},{"taxonomy":"post_tag","embeddable":true,"href":"https:\/\/diariotribuna.com.br\/index.php?rest_route=%2Fwp%2Fv2%2Ftags&post=16069"}],"curies":[{"name":"wp","href":"https:\/\/api.w.org\/{rel}","templated":true}]}}