{"id":16078,"date":"2022-07-19T23:49:54","date_gmt":"2022-07-20T02:49:54","guid":{"rendered":"https:\/\/diariotribuna.com.br\/?p=16078"},"modified":"2022-07-19T23:49:56","modified_gmt":"2022-07-20T02:49:56","slug":"policia-militar-de-novo-cruzeiro-prende-homem-com-veiculo-roubado","status":"publish","type":"post","link":"https:\/\/diariotribuna.com.br\/?p=16078","title":{"rendered":"Pol\u00edcia Militar de Novo Cruzeiro prende homem com ve\u00edculo roubado"},"content":{"rendered":"\n<figure class=\"wp-block-image size-full is-resized is-style-default\"><img loading=\"lazy\" decoding=\"async\" src=\"https:\/\/diariotribuna.com.br\/wp-content\/uploads\/2022\/07\/708af717-901a-40ea-b7ef-2044bf7e3162.jpg\" alt=\"\" class=\"wp-image-16079\" width=\"428\" height=\"330\" srcset=\"https:\/\/diariotribuna.com.br\/wp-content\/uploads\/2022\/07\/708af717-901a-40ea-b7ef-2044bf7e3162.jpg 700w, https:\/\/diariotribuna.com.br\/wp-content\/uploads\/2022\/07\/708af717-901a-40ea-b7ef-2044bf7e3162-300x231.jpg 300w, https:\/\/diariotribuna.com.br\/wp-content\/uploads\/2022\/07\/708af717-901a-40ea-b7ef-2044bf7e3162-696x536.jpg 696w, https:\/\/diariotribuna.com.br\/wp-content\/uploads\/2022\/07\/708af717-901a-40ea-b7ef-2044bf7e3162-545x420.jpg 545w\" sizes=\"(max-width: 428px) 100vw, 428px\" \/><\/figure>\n\n\n\n<p>Durante opera\u00e7\u00e3o da Pol\u00edcia Militar, no domingo (17\/07), no munic\u00edpio de Novo Cruzeiro, os militares fizeram patrulhamento pelo Distrito do Lufa, e avistaram um ve\u00edculo motocicleta Dafra Apache, sem placa, estacionado defronte a uma resid\u00eancia. Segundo a PM a motocicleta apresentava chassi raspado, sendo consultado pelo n\u00famero do motor e constatado ter sido roubado no estado de S\u00e3o Paulo, em 15 de janeiro de 2022.<\/p>\n\n\n\n<p>De acordo com o propriet\u00e1rio, que estava dentro da casa, ele adquiriu o ve\u00edculo em S\u00e3o Paulo h\u00e1 tr\u00eas meses, sem saber que seria produto de crime. Ele foi preso e conduzido \u00e0 delegacia de Pol\u00edcia Civil para as provid\u00eancias de pol\u00edcia judici\u00e1ria. O ve\u00edculo foi removido ao p\u00e1tio conveniado do Detran de Novo Cruzeiro, ficando \u00e0 disposi\u00e7\u00e3o da autoridade de tr\u00e2nsito. Equipe: tenente Thalles, cabo Lopes e soldado Calixto. (Informa\u00e7\u00f5es\/Foto: PMMG, Novo Cruzeiro).<\/p>\n","protected":false},"excerpt":{"rendered":"<p>Durante opera\u00e7\u00e3o da Pol\u00edcia Militar, no domingo (17\/07), no munic\u00edpio de Novo Cruzeiro, os militares fizeram patrulhamento pelo Distrito do Lufa, e avistaram um ve\u00edculo motocicleta Dafra Apache, sem placa, estacionado defronte a uma resid\u00eancia. Segundo a PM a motocicleta apresentava chassi raspado, sendo consultado pelo n\u00famero do motor e constatado ter sido roubado no [&hellip;]<\/p>\n","protected":false},"author":1,"featured_media":16079,"comment_status":"open","ping_status":"open","sticky":false,"template":"","format":"standard","meta":{"rop_custom_images_group":[],"rop_custom_messages_group":[],"rop_publish_now":"initial","rop_publish_now_accounts":[],"rop_publish_now_history":[],"rop_publish_now_status":"pending","footnotes":""},"categories":[25,20],"tags":[149,76,4643],"class_list":["post-16078","post","type-post","status-publish","format-standard","has-post-thumbnail","hentry","category-destaque","category-policia","tag-novo-cruzeiro","tag-policia-militar","tag-veiculo-roubado"],"_links":{"self":[{"href":"https:\/\/diariotribuna.com.br\/index.php?rest_route=\/wp\/v2\/posts\/16078"}],"collection":[{"href":"https:\/\/diariotribuna.com.br\/index.php?rest_route=\/wp\/v2\/posts"}],"about":[{"href":"https:\/\/diariotribuna.com.br\/index.php?rest_route=\/wp\/v2\/types\/post"}],"author":[{"embeddable":true,"href":"https:\/\/diariotribuna.com.br\/index.php?rest_route=\/wp\/v2\/users\/1"}],"replies":[{"embeddable":true,"href":"https:\/\/diariotribuna.com.br\/index.php?rest_route=%2Fwp%2Fv2%2Fcomments&post=16078"}],"version-history":[{"count":1,"href":"https:\/\/diariotribuna.com.br\/index.php?rest_route=\/wp\/v2\/posts\/16078\/revisions"}],"predecessor-version":[{"id":16080,"href":"https:\/\/diariotribuna.com.br\/index.php?rest_route=\/wp\/v2\/posts\/16078\/revisions\/16080"}],"wp:featuredmedia":[{"embeddable":true,"href":"https:\/\/diariotribuna.com.br\/index.php?rest_route=\/wp\/v2\/media\/16079"}],"wp:attachment":[{"href":"https:\/\/diariotribuna.com.br\/index.php?rest_route=%2Fwp%2Fv2%2Fmedia&parent=16078"}],"wp:term":[{"taxonomy":"category","embeddable":true,"href":"https:\/\/diariotribuna.com.br\/index.php?rest_route=%2Fwp%2Fv2%2Fcategories&post=16078"},{"taxonomy":"post_tag","embeddable":true,"href":"https:\/\/diariotribuna.com.br\/index.php?rest_route=%2Fwp%2Fv2%2Ftags&post=16078"}],"curies":[{"name":"wp","href":"https:\/\/api.w.org\/{rel}","templated":true}]}}