{"id":16081,"date":"2022-07-20T23:47:19","date_gmt":"2022-07-21T02:47:19","guid":{"rendered":"https:\/\/diariotribuna.com.br\/?p=16081"},"modified":"2022-07-24T23:33:58","modified_gmt":"2022-07-25T02:33:58","slug":"festa-do-ladainhense-ausente-movimenta-a-cidade-e-regiao","status":"publish","type":"post","link":"https:\/\/diariotribuna.com.br\/?p=16081","title":{"rendered":"Festa do Ladainhense Ausente movimenta a cidade e regi\u00e3o"},"content":{"rendered":"\n<p>Uma das melhores festas culturais da regi\u00e3o, a <strong>Festa do Ladainhense Ausente 2022<\/strong>, est\u00e1 acontecendo com uma vasta programa\u00e7\u00e3o. O evento teve in\u00edcio no domingo com a tradicional cavalgada na fazenda de Seu Vav\u00e1, com participa\u00e7\u00e3o de cavaleiros e amazonas de toda regi\u00e3o, com show do cantor Camilo Paggio. Na ter\u00e7a-feira (19), teve o animado Arrai\u00e1 Social. Na quarta-feira (20), o Aviva, com show gospel de Juliano Son da Banda Livres para Adorar.<\/p>\n\n\n\n<p><strong>Na quinta-feira (21), foi um sucesso o show com Z\u00e9 Vaqueiro<\/strong>, o pizeiro que sacudiu o ch\u00e3o de Ladainha. Logo ap\u00f3s teve show com Xel\u00e3o. Nesta quinta tamb\u00e9m teve in\u00edcio a <strong>Vila Rural<\/strong> que ser\u00e1 estendida durante tr\u00eas dias de festa, com exposi\u00e7\u00e3o de produtos da terra, shows e muita alegria. A <strong>Festa do Ladainhense Ausente<\/strong> j\u00e1 \u00e9 tradi\u00e7\u00e3o na cidade e atrai os filhos ausentes e presentes, al\u00e9m de visitantes de todo pa\u00eds. <strong>Veja abaixo a programa\u00e7\u00e3o completa:<\/strong><\/p>\n\n\n\n<figure class=\"wp-block-image size-full is-resized is-style-default\"><img loading=\"lazy\" decoding=\"async\" src=\"https:\/\/diariotribuna.com.br\/wp-content\/uploads\/2022\/07\/292294061_141208308556322_61394770340073826_n.jpg\" alt=\"\" class=\"wp-image-16082\" width=\"838\" height=\"558\" srcset=\"https:\/\/diariotribuna.com.br\/wp-content\/uploads\/2022\/07\/292294061_141208308556322_61394770340073826_n.jpg 700w, https:\/\/diariotribuna.com.br\/wp-content\/uploads\/2022\/07\/292294061_141208308556322_61394770340073826_n-300x200.jpg 300w, https:\/\/diariotribuna.com.br\/wp-content\/uploads\/2022\/07\/292294061_141208308556322_61394770340073826_n-696x463.jpg 696w, https:\/\/diariotribuna.com.br\/wp-content\/uploads\/2022\/07\/292294061_141208308556322_61394770340073826_n-631x420.jpg 631w\" sizes=\"(max-width: 838px) 100vw, 838px\" \/><\/figure>\n","protected":false},"excerpt":{"rendered":"<p>Uma das melhores festas culturais da regi\u00e3o, a Festa do Ladainhense Ausente 2022, est\u00e1 acontecendo com uma vasta programa\u00e7\u00e3o. O evento teve in\u00edcio no domingo com a tradicional cavalgada na fazenda de Seu Vav\u00e1, com participa\u00e7\u00e3o de cavaleiros e amazonas de toda regi\u00e3o, com show do cantor Camilo Paggio. Na ter\u00e7a-feira (19), teve o animado [&hellip;]<\/p>\n","protected":false},"author":1,"featured_media":16082,"comment_status":"open","ping_status":"open","sticky":false,"template":"","format":"standard","meta":{"rop_custom_images_group":[],"rop_custom_messages_group":[],"rop_publish_now":"initial","rop_publish_now_accounts":[],"rop_publish_now_history":[],"rop_publish_now_status":"pending","footnotes":""},"categories":[18],"tags":[4034,4644,86],"class_list":["post-16081","post","type-post","status-publish","format-standard","has-post-thumbnail","hentry","category-regiao","tag-4034","tag-festa-do-ladainhense-ausente","tag-ladainha"],"_links":{"self":[{"href":"https:\/\/diariotribuna.com.br\/index.php?rest_route=\/wp\/v2\/posts\/16081"}],"collection":[{"href":"https:\/\/diariotribuna.com.br\/index.php?rest_route=\/wp\/v2\/posts"}],"about":[{"href":"https:\/\/diariotribuna.com.br\/index.php?rest_route=\/wp\/v2\/types\/post"}],"author":[{"embeddable":true,"href":"https:\/\/diariotribuna.com.br\/index.php?rest_route=\/wp\/v2\/users\/1"}],"replies":[{"embeddable":true,"href":"https:\/\/diariotribuna.com.br\/index.php?rest_route=%2Fwp%2Fv2%2Fcomments&post=16081"}],"version-history":[{"count":2,"href":"https:\/\/diariotribuna.com.br\/index.php?rest_route=\/wp\/v2\/posts\/16081\/revisions"}],"predecessor-version":[{"id":16096,"href":"https:\/\/diariotribuna.com.br\/index.php?rest_route=\/wp\/v2\/posts\/16081\/revisions\/16096"}],"wp:featuredmedia":[{"embeddable":true,"href":"https:\/\/diariotribuna.com.br\/index.php?rest_route=\/wp\/v2\/media\/16082"}],"wp:attachment":[{"href":"https:\/\/diariotribuna.com.br\/index.php?rest_route=%2Fwp%2Fv2%2Fmedia&parent=16081"}],"wp:term":[{"taxonomy":"category","embeddable":true,"href":"https:\/\/diariotribuna.com.br\/index.php?rest_route=%2Fwp%2Fv2%2Fcategories&post=16081"},{"taxonomy":"post_tag","embeddable":true,"href":"https:\/\/diariotribuna.com.br\/index.php?rest_route=%2Fwp%2Fv2%2Ftags&post=16081"}],"curies":[{"name":"wp","href":"https:\/\/api.w.org\/{rel}","templated":true}]}}