{"id":16084,"date":"2022-07-20T23:59:03","date_gmt":"2022-07-21T02:59:03","guid":{"rendered":"https:\/\/diariotribuna.com.br\/?p=16084"},"modified":"2022-07-22T15:32:20","modified_gmt":"2022-07-22T18:32:20","slug":"convencoes-partidarias-ja-podem-ser-realizadas","status":"publish","type":"post","link":"https:\/\/diariotribuna.com.br\/?p=16084","title":{"rendered":"Conven\u00e7\u00f5es partid\u00e1rias j\u00e1 podem ser realizadas"},"content":{"rendered":"\n<p><strong><em>Partidos e federa\u00e7\u00f5es devem realizar conven\u00e7\u00f5es para escolher candidatas e candidatos que v\u00e3o disputar o pleito deste ano<\/em><\/strong><\/p>\n\n\n\n<figure class=\"wp-block-image size-full is-resized is-style-default\"><img loading=\"lazy\" decoding=\"async\" src=\"https:\/\/diariotribuna.com.br\/wp-content\/uploads\/2022\/07\/dece203e-6f79-46e0-b1d4-27e8dd8ba510.jpeg\" alt=\"\" class=\"wp-image-16085\" width=\"445\" height=\"289\" srcset=\"https:\/\/diariotribuna.com.br\/wp-content\/uploads\/2022\/07\/dece203e-6f79-46e0-b1d4-27e8dd8ba510.jpeg 600w, https:\/\/diariotribuna.com.br\/wp-content\/uploads\/2022\/07\/dece203e-6f79-46e0-b1d4-27e8dd8ba510-300x195.jpeg 300w\" sizes=\"(max-width: 445px) 100vw, 445px\" \/><\/figure>\n\n\n\n<p><strong>A partir do dia 20 de julho os partidos pol\u00edticos e as federa\u00e7\u00f5es partid\u00e1rias j\u00e1 podem realizar conven\u00e7\u00f5es para delibera\u00e7\u00f5es diversas relacionadas \u00e0s Elei\u00e7\u00f5es 2022. <\/strong>O per\u00edodo de conven\u00e7\u00f5es termina no dia 5 de agosto. Nas conven\u00e7\u00f5es, os partidos e as federa\u00e7\u00f5es devem definir os cargos a que ir\u00e3o concorrer, as candidatas e candidatos para cada cargo e se o partido concorrer\u00e1 coligado ou n\u00e3o, no caso de elei\u00e7\u00f5es majorit\u00e1rias, dentre outras delibera\u00e7\u00f5es.<\/p>\n\n\n\n<p>As elei\u00e7\u00f5es majorit\u00e1rias correspondem aos cargos de governador, senador e presidente da Rep\u00fablica, podendo os partidos e as federa\u00e7\u00f5es concorrerem isolados ou coligados. No caso das elei\u00e7\u00f5es proporcionais, para os cargos de deputado federal e estadual, os partidos podem concorrer isoladamente ou agrupados em federa\u00e7\u00e3o, desde que elas tenham sido registradas no TSE at\u00e9 31 de maio. \u00c9 vedada a forma\u00e7\u00e3o de coliga\u00e7\u00f5es para as elei\u00e7\u00f5es proporcionais.<\/p>\n\n\n\n<p><strong>Regras &#8211;<\/strong> Cada partido realiza sua conven\u00e7\u00e3o partid\u00e1ria isoladamente, sendo que, no caso da federa\u00e7\u00e3o, a conven\u00e7\u00e3o deve ocorrer de forma unificada, com participa\u00e7\u00e3o de todos os partidos que a integram. As conven\u00e7\u00f5es poder\u00e3o acontecer de forma presencial, virtual ou h\u00edbrida, independentemente de previs\u00e3o estatut\u00e1ria. Devem ser obedecidas as normas estabelecidas no estatuto do partido ou da federa\u00e7\u00e3o para a realiza\u00e7\u00e3o de conven\u00e7\u00e3o.<\/p>\n\n\n\n<p>A ata da conven\u00e7\u00e3o e a lista de presen\u00e7a devem ser lavradas em livro de atas do partido, que dever\u00e1 ser aberto e rubricado pela Justi\u00e7a Eleitoral. Os documentos tamb\u00e9m devem ser inseridos no m\u00f3dulo externo do Sistema de Candidaturas (CANDex) e enviados pela internet at\u00e9 o dia seguinte ao da realiza\u00e7\u00e3o da conven\u00e7\u00e3o. Em caso de impossibilidade de envio pela internet, os arquivos devem ser gravados em m\u00eddia, no CANDex, e entregue no Tribunal Regional Eleitoral.<\/p>\n\n\n\n<p>O CANDex tamb\u00e9m dever\u00e1 ser usado para o lan\u00e7amento dos dados e documentos necess\u00e1rios ao pedido de registro das candidaturas. Os interessados podem fazer download do sistema do site do TSE para o computador. O acesso para navega\u00e7\u00e3o no CANDex se dar\u00e1 por meio de chave pr\u00f3pria, a ser obtida pelos partidos pol\u00edticos no Sistema de Gerenciamento de Informa\u00e7\u00f5es Partid\u00e1rias (SGIP).<\/p>\n\n\n\n<p><strong>Registro das candidaturas &#8211;<\/strong> A partir da realiza\u00e7\u00e3o da conven\u00e7\u00e3o partid\u00e1ria e at\u00e9 o dia 15 de agosto, os partidos, coliga\u00e7\u00f5es e federa\u00e7\u00f5es podem solicitar o registro das candidaturas perante a Justi\u00e7a Eleitoral. O registro de candidaturas aos cargos de deputado estadual ou distrital, deputado federal, senador e governador s\u00e3o feitos junto ao TRE do respectivo estado ou Distrito Federal. J\u00e1 as candidaturas ao cargo de presidente s\u00e3o registradas junto ao TSE.<\/p>\n\n\n\n<p>Os pedidos de registro das candidaturas podem ser enviados por transmiss\u00e3o eletr\u00f4nica pelo pr\u00f3prio CANDex, at\u00e9 as 8h do dia 15 de agosto; ou entregues presencialmente no TRE ou TSE at\u00e9 as 19h da mesma data. Confira outras informa\u00e7\u00f5es sobre registro de candidaturas no Guia do Candidato, no site do TRE-MG. As regras para escolha e registro das candidaturas est\u00e3o previstas na Lei n\u00ba 9.504\/1997 e Resolu\u00e7\u00e3o TSE n\u00ba 23.609\/2019, com as atualiza\u00e7\u00f5es posteriores. (Fonte: TRE\/MG)<\/p>\n","protected":false},"excerpt":{"rendered":"<p>Partidos e federa\u00e7\u00f5es devem realizar conven\u00e7\u00f5es para escolher candidatas e candidatos que v\u00e3o disputar o pleito deste ano A partir do dia 20 de julho os partidos pol\u00edticos e as federa\u00e7\u00f5es partid\u00e1rias j\u00e1 podem realizar conven\u00e7\u00f5es para delibera\u00e7\u00f5es diversas relacionadas \u00e0s Elei\u00e7\u00f5es 2022. O per\u00edodo de conven\u00e7\u00f5es termina no dia 5 de agosto. Nas conven\u00e7\u00f5es, [&hellip;]<\/p>\n","protected":false},"author":1,"featured_media":16085,"comment_status":"open","ping_status":"open","sticky":false,"template":"","format":"standard","meta":{"rop_custom_images_group":[],"rop_custom_messages_group":[],"rop_publish_now":"initial","rop_publish_now_accounts":[],"rop_publish_now_history":[],"rop_publish_now_status":"pending","footnotes":""},"categories":[19],"tags":[],"class_list":["post-16084","post","type-post","status-publish","format-standard","has-post-thumbnail","hentry","category-gerais"],"_links":{"self":[{"href":"https:\/\/diariotribuna.com.br\/index.php?rest_route=\/wp\/v2\/posts\/16084"}],"collection":[{"href":"https:\/\/diariotribuna.com.br\/index.php?rest_route=\/wp\/v2\/posts"}],"about":[{"href":"https:\/\/diariotribuna.com.br\/index.php?rest_route=\/wp\/v2\/types\/post"}],"author":[{"embeddable":true,"href":"https:\/\/diariotribuna.com.br\/index.php?rest_route=\/wp\/v2\/users\/1"}],"replies":[{"embeddable":true,"href":"https:\/\/diariotribuna.com.br\/index.php?rest_route=%2Fwp%2Fv2%2Fcomments&post=16084"}],"version-history":[{"count":2,"href":"https:\/\/diariotribuna.com.br\/index.php?rest_route=\/wp\/v2\/posts\/16084\/revisions"}],"predecessor-version":[{"id":16088,"href":"https:\/\/diariotribuna.com.br\/index.php?rest_route=\/wp\/v2\/posts\/16084\/revisions\/16088"}],"wp:featuredmedia":[{"embeddable":true,"href":"https:\/\/diariotribuna.com.br\/index.php?rest_route=\/wp\/v2\/media\/16085"}],"wp:attachment":[{"href":"https:\/\/diariotribuna.com.br\/index.php?rest_route=%2Fwp%2Fv2%2Fmedia&parent=16084"}],"wp:term":[{"taxonomy":"category","embeddable":true,"href":"https:\/\/diariotribuna.com.br\/index.php?rest_route=%2Fwp%2Fv2%2Fcategories&post=16084"},{"taxonomy":"post_tag","embeddable":true,"href":"https:\/\/diariotribuna.com.br\/index.php?rest_route=%2Fwp%2Fv2%2Ftags&post=16084"}],"curies":[{"name":"wp","href":"https:\/\/api.w.org\/{rel}","templated":true}]}}