{"id":16108,"date":"2022-07-24T23:33:41","date_gmt":"2022-07-25T02:33:41","guid":{"rendered":"https:\/\/diariotribuna.com.br\/?p=16108"},"modified":"2022-07-24T23:33:42","modified_gmt":"2022-07-25T02:33:42","slug":"policia-civil-deflagra-a-operacao-xedes-em-joaima-estoura-ponto-de-trafico-de-drogas-e-prende-traficantes","status":"publish","type":"post","link":"https:\/\/diariotribuna.com.br\/?p=16108","title":{"rendered":"Pol\u00edcia Civil deflagra a opera\u00e7\u00e3o &#8220;Xedes&#8221; em Joa\u00edma, estoura ponto de tr\u00e1fico de drogas e prende traficantes"},"content":{"rendered":"\n<h3 class=\"wp-block-heading\"><strong><em>O nome &#8220;Xedes&#8221; (Sedex ao contr\u00e1rio), faz men\u00e7\u00e3o \u00e0 forma de recebimento dos entorpecentes apreendidos<\/em><\/strong><\/h3>\n\n\n\n<figure class=\"wp-block-gallery has-nested-images columns-default is-cropped wp-block-gallery-1 is-layout-flex wp-block-gallery-is-layout-flex\">\n<figure class=\"wp-block-image size-large is-style-default\"><img loading=\"lazy\" decoding=\"async\" width=\"600\" height=\"443\" data-id=\"16111\" src=\"https:\/\/diariotribuna.com.br\/wp-content\/uploads\/2022\/07\/c39c5783-ae17-4fcd-ab20-af4fa94d75fe.jpg\" alt=\"\" class=\"wp-image-16111\" srcset=\"https:\/\/diariotribuna.com.br\/wp-content\/uploads\/2022\/07\/c39c5783-ae17-4fcd-ab20-af4fa94d75fe.jpg 600w, https:\/\/diariotribuna.com.br\/wp-content\/uploads\/2022\/07\/c39c5783-ae17-4fcd-ab20-af4fa94d75fe-300x222.jpg 300w, https:\/\/diariotribuna.com.br\/wp-content\/uploads\/2022\/07\/c39c5783-ae17-4fcd-ab20-af4fa94d75fe-80x60.jpg 80w, https:\/\/diariotribuna.com.br\/wp-content\/uploads\/2022\/07\/c39c5783-ae17-4fcd-ab20-af4fa94d75fe-569x420.jpg 569w\" sizes=\"(max-width: 600px) 100vw, 600px\" \/><\/figure>\n\n\n\n<figure class=\"wp-block-image size-large is-style-default\"><img loading=\"lazy\" decoding=\"async\" width=\"700\" height=\"491\" data-id=\"16110\" src=\"https:\/\/diariotribuna.com.br\/wp-content\/uploads\/2022\/07\/e22f2ebd-25b6-405e-afe7-535b8ce4dcd3.jpg\" alt=\"\" class=\"wp-image-16110\" srcset=\"https:\/\/diariotribuna.com.br\/wp-content\/uploads\/2022\/07\/e22f2ebd-25b6-405e-afe7-535b8ce4dcd3.jpg 700w, https:\/\/diariotribuna.com.br\/wp-content\/uploads\/2022\/07\/e22f2ebd-25b6-405e-afe7-535b8ce4dcd3-300x210.jpg 300w, https:\/\/diariotribuna.com.br\/wp-content\/uploads\/2022\/07\/e22f2ebd-25b6-405e-afe7-535b8ce4dcd3-100x70.jpg 100w, https:\/\/diariotribuna.com.br\/wp-content\/uploads\/2022\/07\/e22f2ebd-25b6-405e-afe7-535b8ce4dcd3-696x488.jpg 696w, https:\/\/diariotribuna.com.br\/wp-content\/uploads\/2022\/07\/e22f2ebd-25b6-405e-afe7-535b8ce4dcd3-599x420.jpg 599w\" sizes=\"(max-width: 700px) 100vw, 700px\" \/><\/figure>\n\n\n\n<figure class=\"wp-block-image size-large is-style-default\"><img loading=\"lazy\" decoding=\"async\" width=\"600\" height=\"445\" data-id=\"16109\" src=\"https:\/\/diariotribuna.com.br\/wp-content\/uploads\/2022\/07\/276ccb63-6bd9-4a6d-8b0b-b054ef7c2022.jpg\" alt=\"\" class=\"wp-image-16109\" srcset=\"https:\/\/diariotribuna.com.br\/wp-content\/uploads\/2022\/07\/276ccb63-6bd9-4a6d-8b0b-b054ef7c2022.jpg 600w, https:\/\/diariotribuna.com.br\/wp-content\/uploads\/2022\/07\/276ccb63-6bd9-4a6d-8b0b-b054ef7c2022-300x223.jpg 300w, https:\/\/diariotribuna.com.br\/wp-content\/uploads\/2022\/07\/276ccb63-6bd9-4a6d-8b0b-b054ef7c2022-80x60.jpg 80w, https:\/\/diariotribuna.com.br\/wp-content\/uploads\/2022\/07\/276ccb63-6bd9-4a6d-8b0b-b054ef7c2022-265x198.jpg 265w, https:\/\/diariotribuna.com.br\/wp-content\/uploads\/2022\/07\/276ccb63-6bd9-4a6d-8b0b-b054ef7c2022-566x420.jpg 566w\" sizes=\"(max-width: 600px) 100vw, 600px\" \/><\/figure>\n<\/figure>\n\n\n\n<p>A Pol\u00edcia Civil de Minas Gerais (PCMG), por meio da 16\u00aa Delegacia de Jequitinhonha, com apoio da 3\u00aa Delegacia Regional de Almenara, deflagrou, na manh\u00e3 de sexta-feira (22\/07), em Joa\u00edma, na regi\u00e3o do Jequitinhonha, a opera\u00e7\u00e3o &#8220;XEDES&#8221;, que resultou na pris\u00e3o em flagrante de tr\u00eas homens, com idades entre 19 e 24 anos, de uma mulher de 19, al\u00e9m da apreens\u00e3o em flagrante de ato infracional de uma adolescente de 17 anos.<\/p>\n\n\n\n<p>Os indiv\u00edduos maiores vinham sendo investigados pela equipe da Pol\u00edcia Civil em Joa\u00edma pela pr\u00e1tica dos crimes de tr\u00e1fico de entorpecentes, associa\u00e7\u00e3o para o tr\u00e1fico de drogas e corrup\u00e7\u00e3o de adolescentes, e a menor pela pr\u00e1tica dos atos infracionais an\u00e1logos aos dois primeiros crimes. A investiga\u00e7\u00e3o foi operacionalizada por meio da t\u00e9cnica de \u201cA\u00e7\u00e3o Controlada\u201d, sendo deferida pelo Ju\u00edzo da Comarca de Jequitinhonha, ap\u00f3s representa\u00e7\u00e3o da PCMG e manifesta\u00e7\u00e3o favor\u00e1vel do Minist\u00e9rio P\u00fablico.<\/p>\n\n\n\n<p>A PCMG vinha fazendo o monitoramento do local, e, nesta data, entendendo ser o momento mais oportuno para a a\u00e7\u00e3o de flagrante, fez a abordagem, culminando na apreens\u00e3o de 22 tabletes de maconha, 01 tablete de crack, 146 pedras de crack e 48 buchas de maconha, estas j\u00e1 embaladas e prontas para venda, e um vasilhame contendo sementes de maconha, totalizando o montante aproximado de 05 kg de subst\u00e2ncias entorpecentes. Foram apreendidos, ainda, R$ 2.114,00 em esp\u00e9cie, 01 balan\u00e7a de precis\u00e3o e 05 aparelhos celulares.<\/p>\n\n\n\n<p>Parte das drogas localizadas haviam acabado de ser entregues pelos Correios, forma que a PCMG acredita que vinha sendo utilizada pelos investigados para receberem as subst\u00e2ncias il\u00edcitas de seu fornecedor. Os homens t\u00eam antecedentes da pr\u00e1tica dos crimes de tr\u00e1fico de drogas e tentativa de homic\u00eddio. Os investigados foram autuados em flagrante por tr\u00e1fico de drogas e associa\u00e7\u00e3o para o tr\u00e1fico, sendo encaminhados ao Departamento Penitenci\u00e1rio (DEPEN\/MG) em Jequitinhonha e Almenara.<\/p>\n\n\n\n<p>Participaram da Opera\u00e7\u00e3o 10 policiais civis em 4 viaturas. O nome &#8220;Xedes&#8221; (Sedex ao contr\u00e1rio), faz men\u00e7\u00e3o \u00e0 forma de recebimento dos entorpecentes apreendidos, como informado. \u201cA opera\u00e7\u00e3o representa um forte e contundente golpe no tr\u00e1fico de drogas no Baixo Jequitinhonha, e as investiga\u00e7\u00f5es prosseguem com vistas \u00e0 responsabiliza\u00e7\u00e3o penal de todos os envolvidos. (Informa\u00e7\u00f5es\/Fotos: Pol\u00edcia Civil\/MG).<\/p>\n","protected":false},"excerpt":{"rendered":"<p>O nome &#8220;Xedes&#8221; (Sedex ao contr\u00e1rio), faz men\u00e7\u00e3o \u00e0 forma de recebimento dos entorpecentes apreendidos A Pol\u00edcia Civil de Minas Gerais (PCMG), por meio da 16\u00aa Delegacia de Jequitinhonha, com apoio da 3\u00aa Delegacia Regional de Almenara, deflagrou, na manh\u00e3 de sexta-feira (22\/07), em Joa\u00edma, na regi\u00e3o do Jequitinhonha, a opera\u00e7\u00e3o &#8220;XEDES&#8221;, que resultou na [&hellip;]<\/p>\n","protected":false},"author":1,"featured_media":16110,"comment_status":"open","ping_status":"open","sticky":false,"template":"","format":"standard","meta":{"rop_custom_images_group":[],"rop_custom_messages_group":[],"rop_publish_now":"initial","rop_publish_now_accounts":[],"rop_publish_now_history":[],"rop_publish_now_status":"pending","footnotes":""},"categories":[25,20],"tags":[326,80,292,739,4652],"class_list":["post-16108","post","type-post","status-publish","format-standard","has-post-thumbnail","hentry","category-destaque","category-policia","tag-joaima","tag-operacao","tag-policia-civil","tag-trafico-de-drogas","tag-xedes"],"_links":{"self":[{"href":"https:\/\/diariotribuna.com.br\/index.php?rest_route=\/wp\/v2\/posts\/16108"}],"collection":[{"href":"https:\/\/diariotribuna.com.br\/index.php?rest_route=\/wp\/v2\/posts"}],"about":[{"href":"https:\/\/diariotribuna.com.br\/index.php?rest_route=\/wp\/v2\/types\/post"}],"author":[{"embeddable":true,"href":"https:\/\/diariotribuna.com.br\/index.php?rest_route=\/wp\/v2\/users\/1"}],"replies":[{"embeddable":true,"href":"https:\/\/diariotribuna.com.br\/index.php?rest_route=%2Fwp%2Fv2%2Fcomments&post=16108"}],"version-history":[{"count":1,"href":"https:\/\/diariotribuna.com.br\/index.php?rest_route=\/wp\/v2\/posts\/16108\/revisions"}],"predecessor-version":[{"id":16112,"href":"https:\/\/diariotribuna.com.br\/index.php?rest_route=\/wp\/v2\/posts\/16108\/revisions\/16112"}],"wp:featuredmedia":[{"embeddable":true,"href":"https:\/\/diariotribuna.com.br\/index.php?rest_route=\/wp\/v2\/media\/16110"}],"wp:attachment":[{"href":"https:\/\/diariotribuna.com.br\/index.php?rest_route=%2Fwp%2Fv2%2Fmedia&parent=16108"}],"wp:term":[{"taxonomy":"category","embeddable":true,"href":"https:\/\/diariotribuna.com.br\/index.php?rest_route=%2Fwp%2Fv2%2Fcategories&post=16108"},{"taxonomy":"post_tag","embeddable":true,"href":"https:\/\/diariotribuna.com.br\/index.php?rest_route=%2Fwp%2Fv2%2Ftags&post=16108"}],"curies":[{"name":"wp","href":"https:\/\/api.w.org\/{rel}","templated":true}]}}