{"id":16130,"date":"2022-07-27T23:28:45","date_gmt":"2022-07-28T02:28:45","guid":{"rendered":"https:\/\/diariotribuna.com.br\/?p=16130"},"modified":"2022-07-28T00:54:04","modified_gmt":"2022-07-28T03:54:04","slug":"foragido-do-presidio-de-itaobim-e-um-dos-presos-da-operacao-xedes","status":"publish","type":"post","link":"https:\/\/diariotribuna.com.br\/?p=16130","title":{"rendered":"Foragido do pres\u00eddio de Itaobim \u00e9 um dos presos da Opera\u00e7\u00e3o Xedes"},"content":{"rendered":"\n<figure class=\"wp-block-image size-full is-resized is-style-default\"><img loading=\"lazy\" decoding=\"async\" src=\"https:\/\/diariotribuna.com.br\/wp-content\/uploads\/2022\/07\/5d803a39-b52b-4064-8930-e4ae3e0c6e9e-2.jpg\" alt=\"\" class=\"wp-image-16131\" width=\"459\" height=\"285\" srcset=\"https:\/\/diariotribuna.com.br\/wp-content\/uploads\/2022\/07\/5d803a39-b52b-4064-8930-e4ae3e0c6e9e-2.jpg 700w, https:\/\/diariotribuna.com.br\/wp-content\/uploads\/2022\/07\/5d803a39-b52b-4064-8930-e4ae3e0c6e9e-2-300x186.jpg 300w, https:\/\/diariotribuna.com.br\/wp-content\/uploads\/2022\/07\/5d803a39-b52b-4064-8930-e4ae3e0c6e9e-2-356x220.jpg 356w, https:\/\/diariotribuna.com.br\/wp-content\/uploads\/2022\/07\/5d803a39-b52b-4064-8930-e4ae3e0c6e9e-2-696x433.jpg 696w, https:\/\/diariotribuna.com.br\/wp-content\/uploads\/2022\/07\/5d803a39-b52b-4064-8930-e4ae3e0c6e9e-2-676x420.jpg 676w\" sizes=\"(max-width: 459px) 100vw, 459px\" \/><\/figure>\n\n\n\n<p>A Pol\u00edcia Civil de Minas Gerais, por meio da 16\u00aa Delegacia de Jequitinhonha, com apoio da 3\u00aa Delegacia Regional de Almenara, recapturou, na \u00faltima sexta-feira (22\/07), na Opera\u00e7\u00e3o &#8220;Xedes&#8221;, deflagrada em Joa\u00edma, na regi\u00e3o do Jequitinhonha, um homem de 24 anos, foragido do Pres\u00eddio de Itaobim, tamb\u00e9m na regi\u00e3o do Jequitinhonha.<\/p>\n\n\n\n<p>A Opera\u00e7\u00e3o &#8220;Xedes&#8221; foi deflagrada ap\u00f3s pouco mais de um m\u00eas de investiga\u00e7\u00e3o, que foi operacionalizada por meio da t\u00e9cnica de a\u00e7\u00e3o controlada, que foi deferida pelo Poder Judici\u00e1rio ap\u00f3s representa\u00e7\u00e3o da Pol\u00edcia Civil e manifesta\u00e7\u00e3o favor\u00e1vel do Minist\u00e9rio P\u00fablico.<\/p>\n\n\n\n<p>Na Opera\u00e7\u00e3o Xedes, a PCMG prendeu em flagrante tr\u00eas homens, com idades entre 19 e 24 anos, uma mulher de 19 anos, e apreendeu em flagrante de ato infracional uma adolescente de 17 anos. Com eles, foram apreendidos 22 tabletes de maconha, 01 tablete de crack, 146 pedras de crack e 78 buchas de maconha, estas j\u00e1 embaladas e prontas para venda, e um vasilhame contendo sementes de maconha, totalizando o montante aproximado de 05 kg de subst\u00e2ncias entorpecentes.<\/p>\n\n\n\n<p>Foram apreendidos, ainda, R$ 2.114,00 em esp\u00e9cie, uma balan\u00e7a de precis\u00e3o e 5 aparelhos celulares. Segundo o Delegado Regional de Almenara, dr. Thiago de Carvalho Passos, parte das drogas localizadas haviam acabado de ser entregues pelos Correios, forma que ele acredita que vinha sendo utilizada pelos investigados para receberem as subst\u00e2ncias il\u00edcitas de seu fornecedor, fato que deu origem ao nome da Opera\u00e7\u00e3o &#8220;Xedes&#8221;, Sedex ao contr\u00e1rio.<\/p>\n\n\n\n<p>\u201cUm dos homens presos, que se mostrou bastante nervoso e apreensivo durante a abordagem, forneceu dados de pessoa que n\u00e3o era localizada no sistema policial, o que fez a equipe entender que se tratava de dados falsos. Foram feitas v\u00e1rias tentativas de apurar a real identifica\u00e7\u00e3o do indiv\u00edduo, todavia sem sucesso, at\u00e9 que, no final da lavratura do auto de pris\u00e3o em flagrante, foi poss\u00edvel chegar \u00e0 sua verdadeira identidade, se tratando de um foragido do pres\u00eddio de Itaobim, considerado de alta periculosidade, sendo apontado como mandante e executor de v\u00e1rios homic\u00eddios, roubos, at\u00e9 de disparos contra viatura policial, dentre outros crimes, o qual nos \u00faltimos anos era alvo de esfor\u00e7os por parte das pol\u00edcias Civil e Militar na regi\u00e3o do Jequitinhonha a fim de recaptur\u00e1-lo\u201d, disse o delegado.<\/p>\n\n\n\n<p>O indiv\u00edduo fugiu do pres\u00eddio de Itaobim no dia 25\/04\/2020, juntamente com outros presos, quando estavam no banho de sol. Com a ajuda de outros presos, alcan\u00e7aram o telhado do pres\u00eddio e sa\u00edram pelos fundos da unidade prisional. \u201cUltimamente, a cidade de Itaobim passou a ser palco de um conflito existente entre grupos criminosos rivais, o que tem refletido nos munic\u00edpios vizinhos, sendo que a PCMG acredita que esse indiv\u00edduo preso na opera\u00e7\u00e3o &#8220;Xedes&#8221; teria participa\u00e7\u00e3o direta nesses eventos criminosos, de forma que sua pris\u00e3o certamente contribuir\u00e1 para a manuten\u00e7\u00e3o da paz social na cidade e regi\u00e3o. O indiv\u00edduo possui registros da pr\u00e1tica dos crimes de homic\u00eddio e associa\u00e7\u00e3o criminosa\u201d, destacou o dr. Thiago.<\/p>\n\n\n\n<p>Ele ressalta que a opera\u00e7\u00e3o &#8220;Xedes&#8221; e seus desdobramentos representam, certamente, um forte e contundente golpe no tr\u00e1fico de drogas no Baixo e M\u00e9dio Jequitinhonha, e as investiga\u00e7\u00f5es prosseguem com vistas \u00e0 responsabiliza\u00e7\u00e3o penal de todos os envolvidos e repress\u00e3o qualificada a essa modalidade criminosa que fomenta os demais delitos e causa intensa perturba\u00e7\u00e3o social. (Informa\u00e7\u00f5es: PCMG, dr. Thiago).<\/p>\n","protected":false},"excerpt":{"rendered":"<p>A Pol\u00edcia Civil de Minas Gerais, por meio da 16\u00aa Delegacia de Jequitinhonha, com apoio da 3\u00aa Delegacia Regional de Almenara, recapturou, na \u00faltima sexta-feira (22\/07), na Opera\u00e7\u00e3o &#8220;Xedes&#8221;, deflagrada em Joa\u00edma, na regi\u00e3o do Jequitinhonha, um homem de 24 anos, foragido do Pres\u00eddio de Itaobim, tamb\u00e9m na regi\u00e3o do Jequitinhonha. A Opera\u00e7\u00e3o &#8220;Xedes&#8221; foi [&hellip;]<\/p>\n","protected":false},"author":1,"featured_media":16131,"comment_status":"open","ping_status":"open","sticky":false,"template":"","format":"standard","meta":{"rop_custom_images_group":[],"rop_custom_messages_group":[],"rop_publish_now":"initial","rop_publish_now_accounts":[],"rop_publish_now_history":[],"rop_publish_now_status":"pending","footnotes":""},"categories":[25,20],"tags":[989,387,4657,292,4656],"class_list":["post-16130","post","type-post","status-publish","format-standard","has-post-thumbnail","hentry","category-destaque","category-policia","tag-foragido-da-justica","tag-itaobim","tag-operacao-xedes","tag-policia-civil","tag-recapturado"],"_links":{"self":[{"href":"https:\/\/diariotribuna.com.br\/index.php?rest_route=\/wp\/v2\/posts\/16130"}],"collection":[{"href":"https:\/\/diariotribuna.com.br\/index.php?rest_route=\/wp\/v2\/posts"}],"about":[{"href":"https:\/\/diariotribuna.com.br\/index.php?rest_route=\/wp\/v2\/types\/post"}],"author":[{"embeddable":true,"href":"https:\/\/diariotribuna.com.br\/index.php?rest_route=\/wp\/v2\/users\/1"}],"replies":[{"embeddable":true,"href":"https:\/\/diariotribuna.com.br\/index.php?rest_route=%2Fwp%2Fv2%2Fcomments&post=16130"}],"version-history":[{"count":2,"href":"https:\/\/diariotribuna.com.br\/index.php?rest_route=\/wp\/v2\/posts\/16130\/revisions"}],"predecessor-version":[{"id":16137,"href":"https:\/\/diariotribuna.com.br\/index.php?rest_route=\/wp\/v2\/posts\/16130\/revisions\/16137"}],"wp:featuredmedia":[{"embeddable":true,"href":"https:\/\/diariotribuna.com.br\/index.php?rest_route=\/wp\/v2\/media\/16131"}],"wp:attachment":[{"href":"https:\/\/diariotribuna.com.br\/index.php?rest_route=%2Fwp%2Fv2%2Fmedia&parent=16130"}],"wp:term":[{"taxonomy":"category","embeddable":true,"href":"https:\/\/diariotribuna.com.br\/index.php?rest_route=%2Fwp%2Fv2%2Fcategories&post=16130"},{"taxonomy":"post_tag","embeddable":true,"href":"https:\/\/diariotribuna.com.br\/index.php?rest_route=%2Fwp%2Fv2%2Ftags&post=16130"}],"curies":[{"name":"wp","href":"https:\/\/api.w.org\/{rel}","templated":true}]}}