{"id":16133,"date":"2022-07-27T23:32:04","date_gmt":"2022-07-28T02:32:04","guid":{"rendered":"https:\/\/diariotribuna.com.br\/?p=16133"},"modified":"2022-07-28T00:57:12","modified_gmt":"2022-07-28T03:57:12","slug":"policia-civil-apura-furtos-e-roubos-e-recupera-celulares-das-vitimas-2","status":"publish","type":"post","link":"https:\/\/diariotribuna.com.br\/?p=16133","title":{"rendered":"Pol\u00edcia Civil apura furtos e roubos e recupera celulares das v\u00edtimas"},"content":{"rendered":"\n<figure class=\"wp-block-image size-full is-resized is-style-default\"><img loading=\"lazy\" decoding=\"async\" src=\"https:\/\/diariotribuna.com.br\/wp-content\/uploads\/2022\/07\/121039d2-0f11-4dcd-8b41-b40caf406829.jpg\" alt=\"\" class=\"wp-image-16134\" width=\"482\" height=\"355\" srcset=\"https:\/\/diariotribuna.com.br\/wp-content\/uploads\/2022\/07\/121039d2-0f11-4dcd-8b41-b40caf406829.jpg 700w, https:\/\/diariotribuna.com.br\/wp-content\/uploads\/2022\/07\/121039d2-0f11-4dcd-8b41-b40caf406829-300x221.jpg 300w, https:\/\/diariotribuna.com.br\/wp-content\/uploads\/2022\/07\/121039d2-0f11-4dcd-8b41-b40caf406829-80x60.jpg 80w, https:\/\/diariotribuna.com.br\/wp-content\/uploads\/2022\/07\/121039d2-0f11-4dcd-8b41-b40caf406829-696x512.jpg 696w, https:\/\/diariotribuna.com.br\/wp-content\/uploads\/2022\/07\/121039d2-0f11-4dcd-8b41-b40caf406829-571x420.jpg 571w\" sizes=\"(max-width: 482px) 100vw, 482px\" \/><\/figure>\n\n\n\n<p><strong>Medina &#8211;<\/strong> A Pol\u00edcia Civil de Minas Gerais, por meio da Delegacia de Medina, recuperou, nos \u00faltimos dias, 06 aparelhos celulares furtados e roubados em Medina, na regi\u00e3o do Jequitinhonha. Em dilig\u00eancias com vistas \u00e0 repress\u00e3o aos crimes contra o patrim\u00f4nio, notadamente os roubos a transeuntes e a um estabelecimento comercial, e os furtos em resid\u00eancias e tamb\u00e9m a estabelecimento comercial ocorridos nos \u00faltimos meses, a PCMG fez levantamentos e conseguiu recuperar 04 aparelhos celulares das v\u00edtimas em Medina, e outros 02 em Itaobim e Itinga, tamb\u00e9m na regi\u00e3o do Jequitinhonha.<\/p>\n\n\n\n<p>Os autores dos crimes foram identificados e um deles, autor de roubo a um estabelecimento comercial, foi preso em a\u00e7\u00e3o conjunta da Pol\u00edcia Civil e Pol\u00edcia Militar no in\u00edcio deste m\u00eas. \u201cOs aparelhos celulares foram restitu\u00eddos \u00e0s v\u00edtimas e os procedimentos que foram instaurados para apura\u00e7\u00e3o dos crimes, bem como das eventuais recepta\u00e7\u00f5es praticadas pelos terceiros que os adquiriram, ser\u00e3o conclu\u00eddos e remetidos \u00e0 Justi\u00e7a\u201d, informou o Delegado Regional de Almenara, dr. Thiago de Carvalho Passos. (Informa\u00e7\u00f5es\/Foto: PCMG, dr. Thiago).<\/p>\n","protected":false},"excerpt":{"rendered":"<p>Medina &#8211; A Pol\u00edcia Civil de Minas Gerais, por meio da Delegacia de Medina, recuperou, nos \u00faltimos dias, 06 aparelhos celulares furtados e roubados em Medina, na regi\u00e3o do Jequitinhonha. Em dilig\u00eancias com vistas \u00e0 repress\u00e3o aos crimes contra o patrim\u00f4nio, notadamente os roubos a transeuntes e a um estabelecimento comercial, e os furtos em [&hellip;]<\/p>\n","protected":false},"author":1,"featured_media":16134,"comment_status":"open","ping_status":"open","sticky":false,"template":"","format":"standard","meta":{"rop_custom_images_group":[],"rop_custom_messages_group":[],"rop_publish_now":"initial","rop_publish_now_accounts":[],"rop_publish_now_history":[],"rop_publish_now_status":"pending","footnotes":""},"categories":[25,20],"tags":[998,986,381,79,292,675],"class_list":["post-16133","post","type-post","status-publish","format-standard","has-post-thumbnail","hentry","category-destaque","category-policia","tag-celulares","tag-furto","tag-investigacao","tag-medina","tag-policia-civil","tag-roubo"],"_links":{"self":[{"href":"https:\/\/diariotribuna.com.br\/index.php?rest_route=\/wp\/v2\/posts\/16133"}],"collection":[{"href":"https:\/\/diariotribuna.com.br\/index.php?rest_route=\/wp\/v2\/posts"}],"about":[{"href":"https:\/\/diariotribuna.com.br\/index.php?rest_route=\/wp\/v2\/types\/post"}],"author":[{"embeddable":true,"href":"https:\/\/diariotribuna.com.br\/index.php?rest_route=\/wp\/v2\/users\/1"}],"replies":[{"embeddable":true,"href":"https:\/\/diariotribuna.com.br\/index.php?rest_route=%2Fwp%2Fv2%2Fcomments&post=16133"}],"version-history":[{"count":1,"href":"https:\/\/diariotribuna.com.br\/index.php?rest_route=\/wp\/v2\/posts\/16133\/revisions"}],"predecessor-version":[{"id":16135,"href":"https:\/\/diariotribuna.com.br\/index.php?rest_route=\/wp\/v2\/posts\/16133\/revisions\/16135"}],"wp:featuredmedia":[{"embeddable":true,"href":"https:\/\/diariotribuna.com.br\/index.php?rest_route=\/wp\/v2\/media\/16134"}],"wp:attachment":[{"href":"https:\/\/diariotribuna.com.br\/index.php?rest_route=%2Fwp%2Fv2%2Fmedia&parent=16133"}],"wp:term":[{"taxonomy":"category","embeddable":true,"href":"https:\/\/diariotribuna.com.br\/index.php?rest_route=%2Fwp%2Fv2%2Fcategories&post=16133"},{"taxonomy":"post_tag","embeddable":true,"href":"https:\/\/diariotribuna.com.br\/index.php?rest_route=%2Fwp%2Fv2%2Ftags&post=16133"}],"curies":[{"name":"wp","href":"https:\/\/api.w.org\/{rel}","templated":true}]}}