{"id":16148,"date":"2022-07-28T23:59:06","date_gmt":"2022-07-29T02:59:06","guid":{"rendered":"https:\/\/diariotribuna.com.br\/?p=16148"},"modified":"2022-07-29T00:21:42","modified_gmt":"2022-07-29T03:21:42","slug":"pcmg-prende-homem-acusado-da-pratica-de-sequestro-e-lesao-corporal-grave-contra-seu-proprio-filho-de-criacao-que-e-deficiente-intelectual","status":"publish","type":"post","link":"https:\/\/diariotribuna.com.br\/?p=16148","title":{"rendered":"PCMG prende homem acusado da pr\u00e1tica de sequestro e les\u00e3o corporal grave contra seu pr\u00f3prio filho de cria\u00e7\u00e3o que \u00e9 deficiente intelectual"},"content":{"rendered":"\n<figure class=\"wp-block-image size-full is-resized is-style-default\"><img loading=\"lazy\" decoding=\"async\" src=\"https:\/\/diariotribuna.com.br\/wp-content\/uploads\/2022\/07\/c81e03a3-41c1-42b6-a1bd-10c02eb790ce.jpg\" alt=\"\" class=\"wp-image-16151\" width=\"587\" height=\"294\" srcset=\"https:\/\/diariotribuna.com.br\/wp-content\/uploads\/2022\/07\/c81e03a3-41c1-42b6-a1bd-10c02eb790ce.jpg 700w, https:\/\/diariotribuna.com.br\/wp-content\/uploads\/2022\/07\/c81e03a3-41c1-42b6-a1bd-10c02eb790ce-300x150.jpg 300w, https:\/\/diariotribuna.com.br\/wp-content\/uploads\/2022\/07\/c81e03a3-41c1-42b6-a1bd-10c02eb790ce-696x350.jpg 696w\" sizes=\"(max-width: 587px) 100vw, 587px\" \/><\/figure>\n\n\n\n<p><strong>Rubim &#8211;<\/strong> A Pol\u00edcia Civil de Minas Gerais, por meio da Delegacia de Repress\u00e3o a Crimes Contra a Vida, T\u00f3xicos e Armas da 3\u00aa Delegacia Regional de Pol\u00edcia Civil de Almenara, na regi\u00e3o do Jequitinhonha, prendeu, na segunda-feira (25\/07), um homem de 43 anos, em cumprimento a mandado de pris\u00e3o preventiva.<\/p>\n\n\n\n<p>A PCMG informa que o homem \u00e9 investigado pela pr\u00e1tica dos crimes de sequestro e les\u00e3o corporal grave em face de seu filho de cria\u00e7\u00e3o, que \u00e9 deficiente intelectual, na zona rural do munic\u00edpio de Rubim, fatos ocorridos no in\u00edcio deste m\u00eas.<\/p>\n\n\n\n<p>Segundo o Delegado Regional de Almenara, dr. Thiago de Carvalho Passos, a PCMG instaurou de pronto o inqu\u00e9rito policial para apura\u00e7\u00e3o dos fatos e representou pela decreta\u00e7\u00e3o da pris\u00e3o preventiva do investigado, que foi deferida pelo Ju\u00edzo da 2\u00aa Vara C\u00edvel, Criminal e da Inf\u00e2ncia e Juventude da Comarca de Almenara, ap\u00f3s manifesta\u00e7\u00e3o favor\u00e1vel do Minist\u00e9rio P\u00fablico, sendo a ordem judicial cumprida na segunda-feira (25).<\/p>\n\n\n\n<p>\u201cCumpre dar destaque \u00e0 intensa repercuss\u00e3o social que o caso teve no munic\u00edpio de Rubim, onde os fatos ocorreram, em virtude da brutalidade da a\u00e7\u00e3o empregada pelo autor, apesar da vulnerabilidade da v\u00edtima. Ap\u00f3s a pris\u00e3o do investigado, o inqu\u00e9rito policial foi conclu\u00eddo e remetido \u00e0 Justi\u00e7a\u201d, informou o delegado.<\/p>\n","protected":false},"excerpt":{"rendered":"<p>Rubim &#8211; A Pol\u00edcia Civil de Minas Gerais, por meio da Delegacia de Repress\u00e3o a Crimes Contra a Vida, T\u00f3xicos e Armas da 3\u00aa Delegacia Regional de Pol\u00edcia Civil de Almenara, na regi\u00e3o do Jequitinhonha, prendeu, na segunda-feira (25\/07), um homem de 43 anos, em cumprimento a mandado de pris\u00e3o preventiva. A PCMG informa que [&hellip;]<\/p>\n","protected":false},"author":1,"featured_media":16151,"comment_status":"open","ping_status":"open","sticky":false,"template":"","format":"standard","meta":{"rop_custom_images_group":[],"rop_custom_messages_group":[],"rop_publish_now":"initial","rop_publish_now_accounts":[],"rop_publish_now_history":[],"rop_publish_now_status":"pending","footnotes":""},"categories":[20],"tags":[792,292,649,793,4540],"class_list":["post-16148","post","type-post","status-publish","format-standard","has-post-thumbnail","hentry","category-policia","tag-agressao","tag-policia-civil","tag-prisao","tag-rubim","tag-sequestro"],"_links":{"self":[{"href":"https:\/\/diariotribuna.com.br\/index.php?rest_route=\/wp\/v2\/posts\/16148"}],"collection":[{"href":"https:\/\/diariotribuna.com.br\/index.php?rest_route=\/wp\/v2\/posts"}],"about":[{"href":"https:\/\/diariotribuna.com.br\/index.php?rest_route=\/wp\/v2\/types\/post"}],"author":[{"embeddable":true,"href":"https:\/\/diariotribuna.com.br\/index.php?rest_route=\/wp\/v2\/users\/1"}],"replies":[{"embeddable":true,"href":"https:\/\/diariotribuna.com.br\/index.php?rest_route=%2Fwp%2Fv2%2Fcomments&post=16148"}],"version-history":[{"count":5,"href":"https:\/\/diariotribuna.com.br\/index.php?rest_route=\/wp\/v2\/posts\/16148\/revisions"}],"predecessor-version":[{"id":16156,"href":"https:\/\/diariotribuna.com.br\/index.php?rest_route=\/wp\/v2\/posts\/16148\/revisions\/16156"}],"wp:featuredmedia":[{"embeddable":true,"href":"https:\/\/diariotribuna.com.br\/index.php?rest_route=\/wp\/v2\/media\/16151"}],"wp:attachment":[{"href":"https:\/\/diariotribuna.com.br\/index.php?rest_route=%2Fwp%2Fv2%2Fmedia&parent=16148"}],"wp:term":[{"taxonomy":"category","embeddable":true,"href":"https:\/\/diariotribuna.com.br\/index.php?rest_route=%2Fwp%2Fv2%2Fcategories&post=16148"},{"taxonomy":"post_tag","embeddable":true,"href":"https:\/\/diariotribuna.com.br\/index.php?rest_route=%2Fwp%2Fv2%2Ftags&post=16148"}],"curies":[{"name":"wp","href":"https:\/\/api.w.org\/{rel}","templated":true}]}}