{"id":16163,"date":"2022-07-29T11:10:12","date_gmt":"2022-07-29T14:10:12","guid":{"rendered":"https:\/\/diariotribuna.com.br\/?p=16163"},"modified":"2022-07-31T08:53:43","modified_gmt":"2022-07-31T11:53:43","slug":"festa-cultural-do-ladainhense-ausente-2022-e-realizada-com-sucesso-e-atrai-uma-multidao-na-praca-da-alegria","status":"publish","type":"post","link":"https:\/\/diariotribuna.com.br\/?p=16163","title":{"rendered":"Festa Cultural do Ladainhense Ausente 2022 \u00e9 realizada com sucesso e atrai uma multid\u00e3o na Pra\u00e7a da Alegria"},"content":{"rendered":"\n<figure class=\"wp-block-gallery has-nested-images columns-default is-cropped wp-block-gallery-1 is-layout-flex wp-block-gallery-is-layout-flex\">\n<figure class=\"wp-block-image size-large is-style-default\"><img loading=\"lazy\" decoding=\"async\" width=\"700\" height=\"466\" data-id=\"16184\" src=\"https:\/\/diariotribuna.com.br\/wp-content\/uploads\/2022\/07\/2-5.jpg\" alt=\"\" class=\"wp-image-16184\" srcset=\"https:\/\/diariotribuna.com.br\/wp-content\/uploads\/2022\/07\/2-5.jpg 700w, https:\/\/diariotribuna.com.br\/wp-content\/uploads\/2022\/07\/2-5-300x200.jpg 300w, https:\/\/diariotribuna.com.br\/wp-content\/uploads\/2022\/07\/2-5-696x463.jpg 696w, https:\/\/diariotribuna.com.br\/wp-content\/uploads\/2022\/07\/2-5-631x420.jpg 631w\" sizes=\"(max-width: 700px) 100vw, 700px\" \/><figcaption><strong>Festa do Ladainhense Ausente 2022<\/strong><\/figcaption><\/figure>\n\n\n\n<figure class=\"wp-block-image size-large is-style-default\"><img loading=\"lazy\" decoding=\"async\" width=\"700\" height=\"463\" data-id=\"16183\" src=\"https:\/\/diariotribuna.com.br\/wp-content\/uploads\/2022\/07\/4-Ze-Vaqueiro.jpg\" alt=\"\" class=\"wp-image-16183\" srcset=\"https:\/\/diariotribuna.com.br\/wp-content\/uploads\/2022\/07\/4-Ze-Vaqueiro.jpg 700w, https:\/\/diariotribuna.com.br\/wp-content\/uploads\/2022\/07\/4-Ze-Vaqueiro-300x198.jpg 300w, https:\/\/diariotribuna.com.br\/wp-content\/uploads\/2022\/07\/4-Ze-Vaqueiro-696x460.jpg 696w, https:\/\/diariotribuna.com.br\/wp-content\/uploads\/2022\/07\/4-Ze-Vaqueiro-635x420.jpg 635w\" sizes=\"(max-width: 700px) 100vw, 700px\" \/><figcaption><strong>Prefeito de Ladainha, Reled Maikel com Z\u00e9 Vaqueiro<\/strong><\/figcaption><\/figure>\n<\/figure>\n\n\n\n<p>A Prefeitura Municipal de Ladainha realizou entre os dias 17 e 24 de julho a Festa do Ladainhense Ausente, uma das melhores e maiores festas culturais da regi\u00e3o com vasta programa\u00e7\u00e3o. A festa j\u00e1 \u00e9 tradi\u00e7\u00e3o e atrai os filhos ausentes e presentes, al\u00e9m de visitantes de todo pa\u00eds. O prefeito de Ladainha, Reled Maikel ficou muito feliz com o sucesso do evento que transcorreu dentro das normalidades como era previsto, com total seguran\u00e7a, contando com apoio da Pol\u00edcia Militar que deu grande suporte para que tudo ocorresse a contento, al\u00e9m da seguran\u00e7a privada.<\/p>\n\n\n\n<p>A estrutura \u00e9 diferenciada e conta com um palco fixo, que nesta gest\u00e3o passou por alguns reparos e melhorias nos camarins. \u00c9 um local que recebe todos os shows de artistas da regi\u00e3o e tamb\u00e9m de n\u00edvel nacional. Uma festa que vai ficar na hist\u00f3ria de Ladainha, e Reled destaca que fez o evento porque teve condi\u00e7\u00f5es para isso, o que n\u00e3o tinha no ano passado.<\/p>\n\n\n\n<p>\u201cCom certeza, esse realmente \u00e9 o momento de se fazer uma festa. Ano passado eu acho que nem se n\u00e3o tivesse a pandemia, a gente n\u00e3o teria condi\u00e7\u00f5es financeiras de fazer. Temos que fazer festa quando a gente realmente tem condi\u00e7\u00e3o, e neste momento n\u00f3s temos condi\u00e7\u00e3o de fazer uma festa \u00e0 altura dos nossos mun\u00edcipes\u201d, disse o prefeito, que vem administrando a cidade com os p\u00e9s do ch\u00e3o, colocando os bra\u00e7os apenas onde alcan\u00e7a. E todos que participaram foram muito bem recebidos e ficaram bastante satisfeitos.<\/p>\n\n\n\n<p>&nbsp;O prefeito agradeceu todos os funcion\u00e1rios da prefeitura, os secret\u00e1rios municipais, que vem trabalhando muito junto com ele. Os vereadores que vem trabalhando unidos, fazendo jus ao lema que ele carrega, \u201ctrabalhando unidos, porque juntos seremos sempre mais fortes\u201d. E uma festa grandiosa como essa aquece consideravelmente o com\u00e9rcio local, s\u00e3o hot\u00e9is e pousadas lotados, restaurantes, bares, lojas diversas, tudo bastante movimentado, al\u00e9m dos empregos indiretos com barraquinhas, montagens de equipamentos e feiras artesanais. Al\u00e9m de ser um momento de confraterniza\u00e7\u00e3o, de reencontro dos mun\u00edcipes que moram fora, com os seus familiares.<\/p>\n\n\n\n<p><strong>Prefeito Reled Maikel recepcionou Diego &#8211; assessor do Governador Romeu Zema, os prefeitos da regi\u00e3o e mun\u00edcipes em um grande momento de confraterniza\u00e7\u00e3o<\/strong><\/p>\n\n\n\n<figure class=\"wp-block-gallery has-nested-images columns-default is-cropped wp-block-gallery-2 is-layout-flex wp-block-gallery-is-layout-flex\">\n<figure class=\"wp-block-image size-large is-style-default\"><img loading=\"lazy\" decoding=\"async\" width=\"600\" height=\"400\" data-id=\"16186\" src=\"https:\/\/diariotribuna.com.br\/wp-content\/uploads\/2022\/07\/4-3.jpg\" alt=\"\" class=\"wp-image-16186\" srcset=\"https:\/\/diariotribuna.com.br\/wp-content\/uploads\/2022\/07\/4-3.jpg 600w, https:\/\/diariotribuna.com.br\/wp-content\/uploads\/2022\/07\/4-3-300x200.jpg 300w\" sizes=\"(max-width: 600px) 100vw, 600px\" \/><\/figure>\n\n\n\n<figure class=\"wp-block-image size-large is-style-default\"><img loading=\"lazy\" decoding=\"async\" width=\"600\" height=\"397\" data-id=\"16188\" src=\"https:\/\/diariotribuna.com.br\/wp-content\/uploads\/2022\/07\/DSC_1144.jpg\" alt=\"\" class=\"wp-image-16188\" srcset=\"https:\/\/diariotribuna.com.br\/wp-content\/uploads\/2022\/07\/DSC_1144.jpg 600w, https:\/\/diariotribuna.com.br\/wp-content\/uploads\/2022\/07\/DSC_1144-300x199.jpg 300w\" sizes=\"(max-width: 600px) 100vw, 600px\" \/><\/figure>\n\n\n\n<figure class=\"wp-block-image size-large is-style-default\"><img loading=\"lazy\" decoding=\"async\" width=\"600\" height=\"400\" data-id=\"16189\" src=\"https:\/\/diariotribuna.com.br\/wp-content\/uploads\/2022\/07\/7-2.jpg\" alt=\"\" class=\"wp-image-16189\" srcset=\"https:\/\/diariotribuna.com.br\/wp-content\/uploads\/2022\/07\/7-2.jpg 600w, https:\/\/diariotribuna.com.br\/wp-content\/uploads\/2022\/07\/7-2-300x200.jpg 300w\" sizes=\"(max-width: 600px) 100vw, 600px\" \/><\/figure>\n\n\n\n<figure class=\"wp-block-image size-large is-style-default\"><img loading=\"lazy\" decoding=\"async\" width=\"600\" height=\"450\" data-id=\"16187\" src=\"https:\/\/diariotribuna.com.br\/wp-content\/uploads\/2022\/07\/5-3.jpg\" alt=\"\" class=\"wp-image-16187\" srcset=\"https:\/\/diariotribuna.com.br\/wp-content\/uploads\/2022\/07\/5-3.jpg 600w, https:\/\/diariotribuna.com.br\/wp-content\/uploads\/2022\/07\/5-3-300x225.jpg 300w, https:\/\/diariotribuna.com.br\/wp-content\/uploads\/2022\/07\/5-3-80x60.jpg 80w, https:\/\/diariotribuna.com.br\/wp-content\/uploads\/2022\/07\/5-3-265x198.jpg 265w, https:\/\/diariotribuna.com.br\/wp-content\/uploads\/2022\/07\/5-3-560x420.jpg 560w\" sizes=\"(max-width: 600px) 100vw, 600px\" \/><\/figure>\n\n\n\n<figure class=\"wp-block-image size-large is-style-default\"><img loading=\"lazy\" decoding=\"async\" width=\"600\" height=\"400\" data-id=\"16185\" src=\"https:\/\/diariotribuna.com.br\/wp-content\/uploads\/2022\/07\/1-7.jpg\" alt=\"\" class=\"wp-image-16185\" srcset=\"https:\/\/diariotribuna.com.br\/wp-content\/uploads\/2022\/07\/1-7.jpg 600w, https:\/\/diariotribuna.com.br\/wp-content\/uploads\/2022\/07\/1-7-300x200.jpg 300w\" sizes=\"(max-width: 600px) 100vw, 600px\" \/><\/figure>\n<\/figure>\n\n\n\n<pre class=\"wp-block-verse\">&nbsp;\u201cSejam bem-vindos \u00e0 nossa festa. A melhor festa que j\u00e1 existiu em Ladainha. Obrigado pela presen\u00e7a de cada um de voc\u00eas. Obrigado colegas prefeitos, vereadores, Diego representante do nosso governador Romeu Zema, e todos os companheiros que est\u00e3o aqui. Essa festa est\u00e1 sendo feita com muito carinho para voc\u00eas e por voc\u00eas. Contem sempre com este prefeito, que est\u00e1 trabalhando muito por voc\u00eas, e vai trabalhar at\u00e9 os \u00faltimos dias de sua administra\u00e7\u00e3o\u201d, disse Reled Maikel em seu pronunciamento na quinta-feira (21), quando anunciou o show com Z\u00e9 Vaqueiro.<\/pre>\n\n\n\n<p>Na noite de quinta-feira Reled e sua fam\u00edlia receberam v\u00e1rios prefeitos da regi\u00e3o que prestigiaram o evento, e a comunidade local para um momento de confraterniza\u00e7\u00e3o. Todos os prefeitos falaram da import\u00e2ncia de prestigiar as festas nas cidades dos colegas, numa demonstra\u00e7\u00e3o de for\u00e7a e uni\u00e3o. Na oportunidade, Reled fez agradecimentos, primeiramente a Deus, \u00e0 sua fam\u00edlia por te dar suporte, por estar sempre junto com ele, ajudar a ter essa energia que ele sempre precisa para trabalhar muito pela popula\u00e7\u00e3o.<\/p>\n\n\n\n<pre class=\"wp-block-verse\">\u201cAgrade\u00e7o aos vereadores que est\u00e3o nos apoiando. Agrade\u00e7o a todos os meus secret\u00e1rios, funcion\u00e1rios, que est\u00e3o trabalhando arduamente para que toda essa administra\u00e7\u00e3o aconte\u00e7a e ela est\u00e1 acontecendo. Quero mais uma vez agradecer tamb\u00e9m a popula\u00e7\u00e3o de Ladainha, de Conc\u00f3rdia do Mucuri, de todas as comunidades, que acreditaram na gente e continuam acreditando\u201d, disse Reled, confirmando que ele tem um compromisso de trabalhar do 1\u00ba ao \u00faltimo dia de sua administra\u00e7\u00e3o, para conseguir proporcionar uma qualidade de vida melhor \u00e0 popula\u00e7\u00e3o e diminuir as desigualdades. \u201cTudo no seu tempo e na sua hora, nada na press\u00e3o\u201d, concluiu.<\/pre>\n\n\n\n<p><strong>Programa\u00e7\u00e3o &#8211;<\/strong> A Festa do Ladainhense Ausente teve in\u00edcio no domingo (17), com a tradicional Cavalgada, saindo da casa de Seu Vav\u00e1, com grande p\u00fablico, muita alegria, descontra\u00e7\u00e3o e show ao vivo com Camilo Paggio. Na ter\u00e7a-feira (19), teve o animado Arrai\u00e1 Social. Na quarta-feira (20), foi realizada uma grande festa gospel, o Aviva Ladainha, com show de Juliano Son, da Banda Livres para Adorar. Na quinta-feira (21), foi realizado o t\u00e3o esperado show com Z\u00e9 Vaqueiro, o pizeiro que animou a todos na pra\u00e7a de eventos. Antes teve show com Xel\u00e3o.<\/p>\n\n\n\n<figure class=\"wp-block-gallery has-nested-images columns-default is-cropped wp-block-gallery-3 is-layout-flex wp-block-gallery-is-layout-flex\">\n<figure class=\"wp-block-image size-large is-style-default\"><img loading=\"lazy\" decoding=\"async\" width=\"600\" height=\"400\" data-id=\"16178\" src=\"https:\/\/diariotribuna.com.br\/wp-content\/uploads\/2022\/07\/294417689_468149005077847_6901132140475915558_n.jpg\" alt=\"\" class=\"wp-image-16178\" srcset=\"https:\/\/diariotribuna.com.br\/wp-content\/uploads\/2022\/07\/294417689_468149005077847_6901132140475915558_n.jpg 600w, https:\/\/diariotribuna.com.br\/wp-content\/uploads\/2022\/07\/294417689_468149005077847_6901132140475915558_n-300x200.jpg 300w\" sizes=\"(max-width: 600px) 100vw, 600px\" \/><figcaption><strong>Cavalgada<\/strong><\/figcaption><\/figure>\n\n\n\n<figure class=\"wp-block-image size-large is-style-default\"><img loading=\"lazy\" decoding=\"async\" width=\"600\" height=\"399\" data-id=\"16181\" src=\"https:\/\/diariotribuna.com.br\/wp-content\/uploads\/2022\/07\/5-Show-Gospel-com-Juliano-Son-Banda-Livres.jpg\" alt=\"\" class=\"wp-image-16181\" srcset=\"https:\/\/diariotribuna.com.br\/wp-content\/uploads\/2022\/07\/5-Show-Gospel-com-Juliano-Son-Banda-Livres.jpg 600w, https:\/\/diariotribuna.com.br\/wp-content\/uploads\/2022\/07\/5-Show-Gospel-com-Juliano-Son-Banda-Livres-300x200.jpg 300w\" sizes=\"(max-width: 600px) 100vw, 600px\" \/><figcaption>Show Gospel &#8211; AVIVA<\/figcaption><\/figure>\n\n\n\n<figure class=\"wp-block-image size-large is-style-default\"><img loading=\"lazy\" decoding=\"async\" width=\"600\" height=\"450\" data-id=\"16177\" src=\"https:\/\/diariotribuna.com.br\/wp-content\/uploads\/2022\/07\/bc91a987-8405-407a-9203-e77c282b65d1.jpg\" alt=\"\" class=\"wp-image-16177\" srcset=\"https:\/\/diariotribuna.com.br\/wp-content\/uploads\/2022\/07\/bc91a987-8405-407a-9203-e77c282b65d1.jpg 600w, https:\/\/diariotribuna.com.br\/wp-content\/uploads\/2022\/07\/bc91a987-8405-407a-9203-e77c282b65d1-300x225.jpg 300w, https:\/\/diariotribuna.com.br\/wp-content\/uploads\/2022\/07\/bc91a987-8405-407a-9203-e77c282b65d1-80x60.jpg 80w, https:\/\/diariotribuna.com.br\/wp-content\/uploads\/2022\/07\/bc91a987-8405-407a-9203-e77c282b65d1-265x198.jpg 265w, https:\/\/diariotribuna.com.br\/wp-content\/uploads\/2022\/07\/bc91a987-8405-407a-9203-e77c282b65d1-560x420.jpg 560w\" sizes=\"(max-width: 600px) 100vw, 600px\" \/><figcaption><strong>Vila Rural<\/strong><\/figcaption><\/figure>\n\n\n\n<figure class=\"wp-block-image size-large is-style-default\"><img loading=\"lazy\" decoding=\"async\" width=\"600\" height=\"400\" data-id=\"16179\" src=\"https:\/\/diariotribuna.com.br\/wp-content\/uploads\/2022\/07\/1-Arraia-Social.jpg\" alt=\"\" class=\"wp-image-16179\" srcset=\"https:\/\/diariotribuna.com.br\/wp-content\/uploads\/2022\/07\/1-Arraia-Social.jpg 600w, https:\/\/diariotribuna.com.br\/wp-content\/uploads\/2022\/07\/1-Arraia-Social-300x200.jpg 300w\" sizes=\"(max-width: 600px) 100vw, 600px\" \/><figcaption><strong>Arrai\u00e1 Social<\/strong><\/figcaption><\/figure>\n\n\n\n<figure class=\"wp-block-image size-large is-style-default\"><img loading=\"lazy\" decoding=\"async\" width=\"600\" height=\"399\" data-id=\"16180\" src=\"https:\/\/diariotribuna.com.br\/wp-content\/uploads\/2022\/07\/3-3.jpg\" alt=\"\" class=\"wp-image-16180\" srcset=\"https:\/\/diariotribuna.com.br\/wp-content\/uploads\/2022\/07\/3-3.jpg 600w, https:\/\/diariotribuna.com.br\/wp-content\/uploads\/2022\/07\/3-3-300x200.jpg 300w\" sizes=\"(max-width: 600px) 100vw, 600px\" \/><figcaption><strong>Arrai\u00e1 Social<\/strong><\/figcaption><\/figure>\n\n\n\n<figure class=\"wp-block-image size-large is-style-default\"><img loading=\"lazy\" decoding=\"async\" width=\"600\" height=\"397\" data-id=\"16182\" src=\"https:\/\/diariotribuna.com.br\/wp-content\/uploads\/2022\/07\/6-3.jpg\" alt=\"\" class=\"wp-image-16182\" srcset=\"https:\/\/diariotribuna.com.br\/wp-content\/uploads\/2022\/07\/6-3.jpg 600w, https:\/\/diariotribuna.com.br\/wp-content\/uploads\/2022\/07\/6-3-300x199.jpg 300w\" sizes=\"(max-width: 600px) 100vw, 600px\" \/><figcaption><strong>Show de Calouros<\/strong><\/figcaption><\/figure>\n<\/figure>\n\n\n\n<p>Na quinta-feira teve in\u00edcio tamb\u00e9m a Vila Rural que foi estendida durante tr\u00eas dias, com exposi\u00e7\u00e3o de produtos t\u00edpicos da regi\u00e3o, produtos da agricultura familiar, e contou com um p\u00fablico significativo e shows ao vivo todos os dias. Uma feira que cresce a cada ano. Como j\u00e1 \u00e9 tradi\u00e7\u00e3o, a Pol\u00edcia Militar do Meio Ambiente fez a exposi\u00e7\u00e3o de animais taxidermizados e a visita\u00e7\u00e3o foi intensa. Na sexta-feira (22), foi realizado o Show de Calouros, evento tradicional com participa\u00e7\u00e3o de artistas da cidade, todos mostrando seus talentos, com premia\u00e7\u00e3o em dinheiro e trof\u00e9us. Em seguida, show com a Banda Calistones.<\/p>\n\n\n\n<figure class=\"wp-block-gallery has-nested-images columns-default is-cropped wp-block-gallery-4 is-layout-flex wp-block-gallery-is-layout-flex\">\n<figure class=\"wp-block-image size-large is-style-default\"><img loading=\"lazy\" decoding=\"async\" width=\"600\" height=\"400\" data-id=\"16164\" src=\"https:\/\/diariotribuna.com.br\/wp-content\/uploads\/2022\/07\/2-Mateus-Luccato.jpg\" alt=\"\" class=\"wp-image-16164\" srcset=\"https:\/\/diariotribuna.com.br\/wp-content\/uploads\/2022\/07\/2-Mateus-Luccato.jpg 600w, https:\/\/diariotribuna.com.br\/wp-content\/uploads\/2022\/07\/2-Mateus-Luccato-300x200.jpg 300w\" sizes=\"(max-width: 600px) 100vw, 600px\" \/><figcaption><strong>Matheus Luccato<\/strong><\/figcaption><\/figure>\n\n\n\n<figure class=\"wp-block-image size-large is-style-default\"><img loading=\"lazy\" decoding=\"async\" width=\"600\" height=\"400\" data-id=\"16165\" src=\"https:\/\/diariotribuna.com.br\/wp-content\/uploads\/2022\/07\/3-Psirico.jpg\" alt=\"\" class=\"wp-image-16165\" srcset=\"https:\/\/diariotribuna.com.br\/wp-content\/uploads\/2022\/07\/3-Psirico.jpg 600w, https:\/\/diariotribuna.com.br\/wp-content\/uploads\/2022\/07\/3-Psirico-300x200.jpg 300w\" sizes=\"(max-width: 600px) 100vw, 600px\" \/><figcaption><strong>Psirico<\/strong><\/figcaption><\/figure>\n\n\n\n<figure class=\"wp-block-image size-large is-style-default\"><img loading=\"lazy\" decoding=\"async\" width=\"600\" height=\"419\" data-id=\"16166\" src=\"https:\/\/diariotribuna.com.br\/wp-content\/uploads\/2022\/07\/Nicolas-Viana.jpg\" alt=\"\" class=\"wp-image-16166\" srcset=\"https:\/\/diariotribuna.com.br\/wp-content\/uploads\/2022\/07\/Nicolas-Viana.jpg 600w, https:\/\/diariotribuna.com.br\/wp-content\/uploads\/2022\/07\/Nicolas-Viana-300x210.jpg 300w, https:\/\/diariotribuna.com.br\/wp-content\/uploads\/2022\/07\/Nicolas-Viana-100x70.jpg 100w\" sizes=\"(max-width: 600px) 100vw, 600px\" \/><figcaption><strong>N\u00edcolas Viana<\/strong><\/figcaption><\/figure>\n<\/figure>\n\n\n\n<p>No s\u00e1bado a festa continuou com tr\u00eas shows \u00e0 noite, come\u00e7ando por Matheus Luccato, logo ap\u00f3s teve o animado show com a Banda Psirico. E, para fechar a noite, show com o cantor prata da casa, N\u00edcolas Viana. No domingo (24) a programa\u00e7\u00e3o foi extensa. Teve o Motocross com pilotos de toda regi\u00e3o, alguns de outros estados, que deram show de acrobacia, com manobras radicais e emocionantes. \u00c0 tarde, shows infantis com Patati Patat\u00e1 Cover e Galinha Pintadinha. \u00c0 noite, shows com Nil Lima, Banda G2 &amp; Pablo Luigi.<\/p>\n\n\n\n<figure class=\"wp-block-gallery has-nested-images columns-default is-cropped wp-block-gallery-5 is-layout-flex wp-block-gallery-is-layout-flex\">\n<figure class=\"wp-block-image size-large is-style-default\"><img loading=\"lazy\" decoding=\"async\" width=\"600\" height=\"392\" data-id=\"16170\" src=\"https:\/\/diariotribuna.com.br\/wp-content\/uploads\/2022\/07\/8-Moto-Cross-um-show-de-acrobacias-e-muita-adrenalina.jpg\" alt=\"\" class=\"wp-image-16170\" srcset=\"https:\/\/diariotribuna.com.br\/wp-content\/uploads\/2022\/07\/8-Moto-Cross-um-show-de-acrobacias-e-muita-adrenalina.jpg 600w, https:\/\/diariotribuna.com.br\/wp-content\/uploads\/2022\/07\/8-Moto-Cross-um-show-de-acrobacias-e-muita-adrenalina-300x196.jpg 300w\" sizes=\"(max-width: 600px) 100vw, 600px\" \/><\/figure>\n\n\n\n<figure class=\"wp-block-image size-large is-style-default\"><img loading=\"lazy\" decoding=\"async\" width=\"600\" height=\"400\" data-id=\"16171\" src=\"https:\/\/diariotribuna.com.br\/wp-content\/uploads\/2022\/07\/71f19831-0e6c-47c7-924a-ce98fcb26d3d.jpg\" alt=\"\" class=\"wp-image-16171\" srcset=\"https:\/\/diariotribuna.com.br\/wp-content\/uploads\/2022\/07\/71f19831-0e6c-47c7-924a-ce98fcb26d3d.jpg 600w, https:\/\/diariotribuna.com.br\/wp-content\/uploads\/2022\/07\/71f19831-0e6c-47c7-924a-ce98fcb26d3d-300x200.jpg 300w\" sizes=\"(max-width: 600px) 100vw, 600px\" \/><\/figure>\n\n\n\n<figure class=\"wp-block-image size-large is-style-default\"><img loading=\"lazy\" decoding=\"async\" width=\"600\" height=\"414\" data-id=\"16167\" src=\"https:\/\/diariotribuna.com.br\/wp-content\/uploads\/2022\/07\/808682fc-f7ef-4aae-97d2-4401f71a3391.jpg\" alt=\"\" class=\"wp-image-16167\" srcset=\"https:\/\/diariotribuna.com.br\/wp-content\/uploads\/2022\/07\/808682fc-f7ef-4aae-97d2-4401f71a3391.jpg 600w, https:\/\/diariotribuna.com.br\/wp-content\/uploads\/2022\/07\/808682fc-f7ef-4aae-97d2-4401f71a3391-300x207.jpg 300w, https:\/\/diariotribuna.com.br\/wp-content\/uploads\/2022\/07\/808682fc-f7ef-4aae-97d2-4401f71a3391-100x70.jpg 100w, https:\/\/diariotribuna.com.br\/wp-content\/uploads\/2022\/07\/808682fc-f7ef-4aae-97d2-4401f71a3391-218x150.jpg 218w\" sizes=\"(max-width: 600px) 100vw, 600px\" \/><\/figure>\n\n\n\n<figure class=\"wp-block-image size-large is-style-default\"><img loading=\"lazy\" decoding=\"async\" width=\"600\" height=\"400\" data-id=\"16168\" src=\"https:\/\/diariotribuna.com.br\/wp-content\/uploads\/2022\/07\/185a8dec-3d68-4f88-a902-5c29c8e5e761.jpg\" alt=\"\" class=\"wp-image-16168\" srcset=\"https:\/\/diariotribuna.com.br\/wp-content\/uploads\/2022\/07\/185a8dec-3d68-4f88-a902-5c29c8e5e761.jpg 600w, https:\/\/diariotribuna.com.br\/wp-content\/uploads\/2022\/07\/185a8dec-3d68-4f88-a902-5c29c8e5e761-300x200.jpg 300w\" sizes=\"(max-width: 600px) 100vw, 600px\" \/><\/figure>\n\n\n\n<figure class=\"wp-block-image size-large is-style-default\"><img loading=\"lazy\" decoding=\"async\" width=\"600\" height=\"425\" data-id=\"16169\" src=\"https:\/\/diariotribuna.com.br\/wp-content\/uploads\/2022\/07\/93d4f6ab-f24f-432f-883e-780c94882a8d.jpg\" alt=\"\" class=\"wp-image-16169\" srcset=\"https:\/\/diariotribuna.com.br\/wp-content\/uploads\/2022\/07\/93d4f6ab-f24f-432f-883e-780c94882a8d.jpg 600w, https:\/\/diariotribuna.com.br\/wp-content\/uploads\/2022\/07\/93d4f6ab-f24f-432f-883e-780c94882a8d-300x213.jpg 300w, https:\/\/diariotribuna.com.br\/wp-content\/uploads\/2022\/07\/93d4f6ab-f24f-432f-883e-780c94882a8d-100x70.jpg 100w, https:\/\/diariotribuna.com.br\/wp-content\/uploads\/2022\/07\/93d4f6ab-f24f-432f-883e-780c94882a8d-593x420.jpg 593w\" sizes=\"(max-width: 600px) 100vw, 600px\" \/><\/figure>\n<\/figure>\n\n\n\n<h3 class=\"wp-block-heading\"><strong>Festa do Ladainhense Ausente, uma das melhores e maiores festas culturais da regi\u00e3o<\/strong><\/h3>\n\n\n\n<figure class=\"wp-block-gallery has-nested-images columns-default is-cropped wp-block-gallery-6 is-layout-flex wp-block-gallery-is-layout-flex\">\n<figure class=\"wp-block-image size-large is-style-default\"><img loading=\"lazy\" decoding=\"async\" width=\"600\" height=\"413\" data-id=\"16175\" src=\"https:\/\/diariotribuna.com.br\/wp-content\/uploads\/2022\/07\/7d93777b-aad7-4e13-b32a-28a2fc9c2c13.jpg\" alt=\"\" class=\"wp-image-16175\" srcset=\"https:\/\/diariotribuna.com.br\/wp-content\/uploads\/2022\/07\/7d93777b-aad7-4e13-b32a-28a2fc9c2c13.jpg 600w, https:\/\/diariotribuna.com.br\/wp-content\/uploads\/2022\/07\/7d93777b-aad7-4e13-b32a-28a2fc9c2c13-300x207.jpg 300w, https:\/\/diariotribuna.com.br\/wp-content\/uploads\/2022\/07\/7d93777b-aad7-4e13-b32a-28a2fc9c2c13-100x70.jpg 100w, https:\/\/diariotribuna.com.br\/wp-content\/uploads\/2022\/07\/7d93777b-aad7-4e13-b32a-28a2fc9c2c13-218x150.jpg 218w\" sizes=\"(max-width: 600px) 100vw, 600px\" \/><\/figure>\n\n\n\n<figure class=\"wp-block-image size-large is-style-default\"><img loading=\"lazy\" decoding=\"async\" width=\"600\" height=\"397\" data-id=\"16215\" src=\"https:\/\/diariotribuna.com.br\/wp-content\/uploads\/2022\/07\/DSC_1180-1.jpg\" alt=\"\" class=\"wp-image-16215\" srcset=\"https:\/\/diariotribuna.com.br\/wp-content\/uploads\/2022\/07\/DSC_1180-1.jpg 600w, https:\/\/diariotribuna.com.br\/wp-content\/uploads\/2022\/07\/DSC_1180-1-300x199.jpg 300w\" sizes=\"(max-width: 600px) 100vw, 600px\" \/><\/figure>\n\n\n\n<figure class=\"wp-block-image size-large is-style-default\"><img loading=\"lazy\" decoding=\"async\" width=\"600\" height=\"413\" data-id=\"16176\" src=\"https:\/\/diariotribuna.com.br\/wp-content\/uploads\/2022\/07\/9-1.jpg\" alt=\"\" class=\"wp-image-16176\" srcset=\"https:\/\/diariotribuna.com.br\/wp-content\/uploads\/2022\/07\/9-1.jpg 600w, https:\/\/diariotribuna.com.br\/wp-content\/uploads\/2022\/07\/9-1-300x207.jpg 300w, https:\/\/diariotribuna.com.br\/wp-content\/uploads\/2022\/07\/9-1-100x70.jpg 100w, https:\/\/diariotribuna.com.br\/wp-content\/uploads\/2022\/07\/9-1-218x150.jpg 218w\" sizes=\"(max-width: 600px) 100vw, 600px\" \/><\/figure>\n\n\n\n<figure class=\"wp-block-image size-large is-style-default\"><img loading=\"lazy\" decoding=\"async\" width=\"600\" height=\"397\" data-id=\"16214\" src=\"https:\/\/diariotribuna.com.br\/wp-content\/uploads\/2022\/07\/DSC_1130-1.jpg\" alt=\"\" class=\"wp-image-16214\" srcset=\"https:\/\/diariotribuna.com.br\/wp-content\/uploads\/2022\/07\/DSC_1130-1.jpg 600w, https:\/\/diariotribuna.com.br\/wp-content\/uploads\/2022\/07\/DSC_1130-1-300x199.jpg 300w\" sizes=\"(max-width: 600px) 100vw, 600px\" \/><\/figure>\n\n\n\n<figure class=\"wp-block-image size-large is-style-default\"><img loading=\"lazy\" decoding=\"async\" width=\"600\" height=\"397\" data-id=\"16213\" src=\"https:\/\/diariotribuna.com.br\/wp-content\/uploads\/2022\/07\/DSC_1193-1.jpg\" alt=\"\" class=\"wp-image-16213\" srcset=\"https:\/\/diariotribuna.com.br\/wp-content\/uploads\/2022\/07\/DSC_1193-1.jpg 600w, https:\/\/diariotribuna.com.br\/wp-content\/uploads\/2022\/07\/DSC_1193-1-300x199.jpg 300w\" sizes=\"(max-width: 600px) 100vw, 600px\" \/><\/figure>\n\n\n\n<figure class=\"wp-block-image size-large is-style-default\"><img loading=\"lazy\" decoding=\"async\" width=\"600\" height=\"400\" data-id=\"16172\" src=\"https:\/\/diariotribuna.com.br\/wp-content\/uploads\/2022\/07\/bf6ae0ba-8e60-4973-b53b-1db969692179.jpg\" alt=\"\" class=\"wp-image-16172\" srcset=\"https:\/\/diariotribuna.com.br\/wp-content\/uploads\/2022\/07\/bf6ae0ba-8e60-4973-b53b-1db969692179.jpg 600w, https:\/\/diariotribuna.com.br\/wp-content\/uploads\/2022\/07\/bf6ae0ba-8e60-4973-b53b-1db969692179-300x200.jpg 300w\" sizes=\"(max-width: 600px) 100vw, 600px\" \/><\/figure>\n\n\n\n<figure class=\"wp-block-image size-large is-style-default\"><img loading=\"lazy\" decoding=\"async\" width=\"600\" height=\"408\" data-id=\"16174\" src=\"https:\/\/diariotribuna.com.br\/wp-content\/uploads\/2022\/07\/ac3b381e-5c0a-4035-a0f4-b41af157036b.jpg\" alt=\"\" class=\"wp-image-16174\" srcset=\"https:\/\/diariotribuna.com.br\/wp-content\/uploads\/2022\/07\/ac3b381e-5c0a-4035-a0f4-b41af157036b.jpg 600w, https:\/\/diariotribuna.com.br\/wp-content\/uploads\/2022\/07\/ac3b381e-5c0a-4035-a0f4-b41af157036b-300x204.jpg 300w\" sizes=\"(max-width: 600px) 100vw, 600px\" \/><\/figure>\n\n\n\n<figure class=\"wp-block-image size-large is-style-default\"><img loading=\"lazy\" decoding=\"async\" width=\"600\" height=\"412\" data-id=\"16173\" src=\"https:\/\/diariotribuna.com.br\/wp-content\/uploads\/2022\/07\/2-4.jpg\" alt=\"\" class=\"wp-image-16173\" srcset=\"https:\/\/diariotribuna.com.br\/wp-content\/uploads\/2022\/07\/2-4.jpg 600w, https:\/\/diariotribuna.com.br\/wp-content\/uploads\/2022\/07\/2-4-300x206.jpg 300w, https:\/\/diariotribuna.com.br\/wp-content\/uploads\/2022\/07\/2-4-100x70.jpg 100w, https:\/\/diariotribuna.com.br\/wp-content\/uploads\/2022\/07\/2-4-218x150.jpg 218w\" sizes=\"(max-width: 600px) 100vw, 600px\" \/><\/figure>\n<\/figure>\n\n\n\n<h3 class=\"wp-block-heading\"><strong> (Fotos: Di\u00e1rio Tribuna e Breno Faria Fotografias\/Ladainha).<\/strong> <\/h3>\n","protected":false},"excerpt":{"rendered":"<p>A Prefeitura Municipal de Ladainha realizou entre os dias 17 e 24 de julho a Festa do Ladainhense Ausente, uma das melhores e maiores festas culturais da regi\u00e3o com vasta programa\u00e7\u00e3o. A festa j\u00e1 \u00e9 tradi\u00e7\u00e3o e atrai os filhos ausentes e presentes, al\u00e9m de visitantes de todo pa\u00eds. O prefeito de Ladainha, Reled Maikel [&hellip;]<\/p>\n","protected":false},"author":1,"featured_media":16184,"comment_status":"open","ping_status":"open","sticky":false,"template":"","format":"standard","meta":{"rop_custom_images_group":[],"rop_custom_messages_group":[],"rop_publish_now":"initial","rop_publish_now_accounts":[],"rop_publish_now_history":[],"rop_publish_now_status":"pending","footnotes":""},"categories":[25,18],"tags":[3372,4662,86,4663,4605],"class_list":["post-16163","post","type-post","status-publish","format-standard","has-post-thumbnail","hentry","category-destaque","category-regiao","tag-alegria","tag-festa-cultural-2022","tag-ladainha","tag-ladainhense-ausente","tag-shows"],"_links":{"self":[{"href":"https:\/\/diariotribuna.com.br\/index.php?rest_route=\/wp\/v2\/posts\/16163"}],"collection":[{"href":"https:\/\/diariotribuna.com.br\/index.php?rest_route=\/wp\/v2\/posts"}],"about":[{"href":"https:\/\/diariotribuna.com.br\/index.php?rest_route=\/wp\/v2\/types\/post"}],"author":[{"embeddable":true,"href":"https:\/\/diariotribuna.com.br\/index.php?rest_route=\/wp\/v2\/users\/1"}],"replies":[{"embeddable":true,"href":"https:\/\/diariotribuna.com.br\/index.php?rest_route=%2Fwp%2Fv2%2Fcomments&post=16163"}],"version-history":[{"count":10,"href":"https:\/\/diariotribuna.com.br\/index.php?rest_route=\/wp\/v2\/posts\/16163\/revisions"}],"predecessor-version":[{"id":16218,"href":"https:\/\/diariotribuna.com.br\/index.php?rest_route=\/wp\/v2\/posts\/16163\/revisions\/16218"}],"wp:featuredmedia":[{"embeddable":true,"href":"https:\/\/diariotribuna.com.br\/index.php?rest_route=\/wp\/v2\/media\/16184"}],"wp:attachment":[{"href":"https:\/\/diariotribuna.com.br\/index.php?rest_route=%2Fwp%2Fv2%2Fmedia&parent=16163"}],"wp:term":[{"taxonomy":"category","embeddable":true,"href":"https:\/\/diariotribuna.com.br\/index.php?rest_route=%2Fwp%2Fv2%2Fcategories&post=16163"},{"taxonomy":"post_tag","embeddable":true,"href":"https:\/\/diariotribuna.com.br\/index.php?rest_route=%2Fwp%2Fv2%2Ftags&post=16163"}],"curies":[{"name":"wp","href":"https:\/\/api.w.org\/{rel}","templated":true}]}}