{"id":16219,"date":"2022-07-31T23:33:11","date_gmt":"2022-08-01T02:33:11","guid":{"rendered":"https:\/\/diariotribuna.com.br\/?p=16219"},"modified":"2022-08-02T23:38:03","modified_gmt":"2022-08-03T02:38:03","slug":"policia-civil-realiza-operacoes-e-cumpre-mandados-judiciais-em-aracuai","status":"publish","type":"post","link":"https:\/\/diariotribuna.com.br\/?p=16219","title":{"rendered":"Pol\u00edcia Civil realiza opera\u00e7\u00f5es e cumpre mandados judiciais em Ara\u00e7ua\u00ed"},"content":{"rendered":"\n<p><strong><em>Na opera\u00e7\u00e3o Bom Despacho foram cumpridos 03 mandados de busca e apreens\u00e3o; na opera\u00e7\u00e3o Quebra de Comando foram cumpridos 12 mandados de pris\u00e3o<\/em><\/strong><\/p>\n\n\n\n<figure class=\"wp-block-gallery has-nested-images columns-default is-cropped wp-block-gallery-1 is-layout-flex wp-block-gallery-is-layout-flex\">\n<figure class=\"wp-block-image size-large is-style-default\"><img loading=\"lazy\" decoding=\"async\" width=\"600\" height=\"395\" data-id=\"16220\" src=\"https:\/\/diariotribuna.com.br\/wp-content\/uploads\/2022\/07\/49357b27-5ffd-4d60-a11b-8efda2eed175.jpg\" alt=\"\" class=\"wp-image-16220\" srcset=\"https:\/\/diariotribuna.com.br\/wp-content\/uploads\/2022\/07\/49357b27-5ffd-4d60-a11b-8efda2eed175.jpg 600w, https:\/\/diariotribuna.com.br\/wp-content\/uploads\/2022\/07\/49357b27-5ffd-4d60-a11b-8efda2eed175-300x198.jpg 300w\" sizes=\"(max-width: 600px) 100vw, 600px\" \/><\/figure>\n\n\n\n<figure class=\"wp-block-image size-large is-style-default\"><img loading=\"lazy\" decoding=\"async\" width=\"700\" height=\"432\" data-id=\"16221\" src=\"https:\/\/diariotribuna.com.br\/wp-content\/uploads\/2022\/07\/08807997-04cd-4dec-8084-de5f9458ddc4.jpg\" alt=\"\" class=\"wp-image-16221\" srcset=\"https:\/\/diariotribuna.com.br\/wp-content\/uploads\/2022\/07\/08807997-04cd-4dec-8084-de5f9458ddc4.jpg 700w, https:\/\/diariotribuna.com.br\/wp-content\/uploads\/2022\/07\/08807997-04cd-4dec-8084-de5f9458ddc4-300x185.jpg 300w, https:\/\/diariotribuna.com.br\/wp-content\/uploads\/2022\/07\/08807997-04cd-4dec-8084-de5f9458ddc4-356x220.jpg 356w, https:\/\/diariotribuna.com.br\/wp-content\/uploads\/2022\/07\/08807997-04cd-4dec-8084-de5f9458ddc4-696x430.jpg 696w, https:\/\/diariotribuna.com.br\/wp-content\/uploads\/2022\/07\/08807997-04cd-4dec-8084-de5f9458ddc4-681x420.jpg 681w\" sizes=\"(max-width: 700px) 100vw, 700px\" \/><\/figure>\n<\/figure>\n\n\n\n<p><strong>Ara\u00e7ua\u00ed &#8211;<\/strong>&nbsp; Na sexta-feira (29\/07), a Pol\u00edcia Civil de Minas Gerais, por meio da delegacia de Ara\u00e7ua\u00ed, deflagrou a opera\u00e7\u00e3o \u201cQuebra de Comando\u201d e cumpriu 12 mandados de pris\u00e3o expedidos pela comarca local. A opera\u00e7\u00e3o visou desarticular a organiza\u00e7\u00e3o criminosa chamada \u201cNovo Comando\u201d. Dos alvos, 07 j\u00e1 estavam presos e 06 foram presos nesta data (29\/07). Nesta mesma data (29\/07), a PCMG deflagrou a opera\u00e7\u00e3o \u201cBom Despacho\u201d e cumpriu 03 mandados de busca e apreens\u00e3o tamb\u00e9m expedidos pela comarca local.<\/p>\n\n\n\n<p>Segundo a PCMG, nas opera\u00e7\u00f5es: \u201cQuebra de Comando\u201d, os suspeitos poder\u00e3o responder por associa\u00e7\u00e3o criminosa, associa\u00e7\u00e3o ao tr\u00e1fico e tr\u00e1fico de drogas, e na opera\u00e7\u00e3o \u201cBom Despacho\u201d, os suspeitos est\u00e3o sendo investigados por envolvimento com fraudes na concess\u00e3o do seguro DPVAT e poder\u00e3o responder por estelionato e falsifica\u00e7\u00e3o documental.<\/p>\n\n\n\n<p>As duas opera\u00e7\u00f5es foram coordenadas pelo delegado de pol\u00edcia da delegacia de Ara\u00e7ua\u00ed, dr. Ciro Trindade Rold\u00e3o de Carvalho, e contou com o apoio do Delegado Regional de Pedra Azul, dr. Henrique Franco Neri e o delegado titular, dr. Danilo Fernandes. Foram realizadas de forma conjunta com os policiais civis das delegacias de Te\u00f3filo Otoni, Padre Para\u00edso, Itaobim e Pedra Azul. As dilig\u00eancias continuam em andamento. (Informa\u00e7\u00f5es\/Foto: PCMG, assessoria Te\u00f3filo Otoni).<\/p>\n","protected":false},"excerpt":{"rendered":"<p>Na opera\u00e7\u00e3o Bom Despacho foram cumpridos 03 mandados de busca e apreens\u00e3o; na opera\u00e7\u00e3o Quebra de Comando foram cumpridos 12 mandados de pris\u00e3o Ara\u00e7ua\u00ed &#8211;&nbsp; Na sexta-feira (29\/07), a Pol\u00edcia Civil de Minas Gerais, por meio da delegacia de Ara\u00e7ua\u00ed, deflagrou a opera\u00e7\u00e3o \u201cQuebra de Comando\u201d e cumpriu 12 mandados de pris\u00e3o expedidos pela comarca [&hellip;]<\/p>\n","protected":false},"author":1,"featured_media":16221,"comment_status":"open","ping_status":"open","sticky":false,"template":"","format":"standard","meta":{"rop_custom_images_group":[],"rop_custom_messages_group":[],"rop_publish_now":"initial","rop_publish_now_accounts":[],"rop_publish_now_history":[],"rop_publish_now_status":"pending","footnotes":""},"categories":[20],"tags":[380,4666,4665,1733,1081,292,4667],"class_list":["post-16219","post","type-post","status-publish","format-standard","has-post-thumbnail","hentry","category-policia","tag-aracuai","tag-bom-despacho","tag-busca-e-apreensao","tag-mandados-de-prisao","tag-operacoes","tag-policia-civil","tag-quebra-de-comando"],"_links":{"self":[{"href":"https:\/\/diariotribuna.com.br\/index.php?rest_route=\/wp\/v2\/posts\/16219"}],"collection":[{"href":"https:\/\/diariotribuna.com.br\/index.php?rest_route=\/wp\/v2\/posts"}],"about":[{"href":"https:\/\/diariotribuna.com.br\/index.php?rest_route=\/wp\/v2\/types\/post"}],"author":[{"embeddable":true,"href":"https:\/\/diariotribuna.com.br\/index.php?rest_route=\/wp\/v2\/users\/1"}],"replies":[{"embeddable":true,"href":"https:\/\/diariotribuna.com.br\/index.php?rest_route=%2Fwp%2Fv2%2Fcomments&post=16219"}],"version-history":[{"count":1,"href":"https:\/\/diariotribuna.com.br\/index.php?rest_route=\/wp\/v2\/posts\/16219\/revisions"}],"predecessor-version":[{"id":16222,"href":"https:\/\/diariotribuna.com.br\/index.php?rest_route=\/wp\/v2\/posts\/16219\/revisions\/16222"}],"wp:featuredmedia":[{"embeddable":true,"href":"https:\/\/diariotribuna.com.br\/index.php?rest_route=\/wp\/v2\/media\/16221"}],"wp:attachment":[{"href":"https:\/\/diariotribuna.com.br\/index.php?rest_route=%2Fwp%2Fv2%2Fmedia&parent=16219"}],"wp:term":[{"taxonomy":"category","embeddable":true,"href":"https:\/\/diariotribuna.com.br\/index.php?rest_route=%2Fwp%2Fv2%2Fcategories&post=16219"},{"taxonomy":"post_tag","embeddable":true,"href":"https:\/\/diariotribuna.com.br\/index.php?rest_route=%2Fwp%2Fv2%2Ftags&post=16219"}],"curies":[{"name":"wp","href":"https:\/\/api.w.org\/{rel}","templated":true}]}}