{"id":16406,"date":"2022-08-16T12:58:50","date_gmt":"2022-08-16T15:58:50","guid":{"rendered":"https:\/\/diariotribuna.com.br\/?p=16406"},"modified":"2022-08-16T13:06:08","modified_gmt":"2022-08-16T16:06:08","slug":"policia-civil-prende-trio-suspeito-de-praticar-estelionato-em-almenara","status":"publish","type":"post","link":"https:\/\/diariotribuna.com.br\/?p=16406","title":{"rendered":"Pol\u00edcia Civil prende trio suspeito de praticar estelionato em Almenara"},"content":{"rendered":"\n<pre class=\"wp-block-verse\"><strong><em>Tr\u00eas homens com idades entre 18 e 42 anos, oriundos de S\u00e3o Paulo, s\u00e3o investigados pelo crime de estelionato aplicado por meio do golpe do falso curso profissionalizante<\/em><\/strong><\/pre>\n\n\n\n<p>A Pol\u00edcia Civil de Minas Gerais, por meio da Delegacia de Repress\u00e3o a Crimes Contra o Patrim\u00f4nio da 3\u00aa Delegacia Regional de Pol\u00edcia Civil de Almenara, com foco na repress\u00e3o aos crimes de estelionato, prendeu em flagrante, no s\u00e1bado (13\/08), tr\u00eas homens, com idade entre 18 e 42 anos, pela pr\u00e1tica dos crimes de estelionato e associa\u00e7\u00e3o criminosa em Almenara, no Vale do Jequitinhonha.<\/p>\n\n\n\n<p>Segundo a Pol\u00edcia Civil, foi apurado que, o trio, do Estado de S\u00e3o Paulo, seria respons\u00e1vel por aplicar o golpe do falso curso profissionalizante, modalidade criminosa j\u00e1 registrada, que vem ocorrendo de forma corriqueira no Vale do Jequitinhonha, assim como em outros lugares do Estado e do pa\u00eds. Desde o fim do m\u00eas passado, quando semelhante golpe foi aplicado na cidade, a equipe da PCMG passou a colher informa\u00e7\u00f5es sobre situa\u00e7\u00f5es semelhantes, visando a repress\u00e3o a tais atos delituosos.<\/p>\n\n\n\n<p>No s\u00e1bado (13), pela manh\u00e3, a PCMG recebeu informa\u00e7\u00f5es de que os indiv\u00edduos vinham tentando captar crian\u00e7as e adolescentes, por meio de redes sociais e palestras em institui\u00e7\u00f5es de ensino. \u201cAssim, as dilig\u00eancias necess\u00e1rias para a coleta dos elementos foram imediatamente realizadas, de forma a garantir a produ\u00e7\u00e3o dos elementos de prova. Conforme verificado, ap\u00f3s o aliciamento, as v\u00edtimas eram convidadas a participar de uma palestra, por meio da qual eram apresentadas aos cursos e \u00e0s plataformas oferecidas\u201d, explicou o Delegado Regional de Almenara, dr. Thiago Passos.<\/p>\n\n\n\n<p>Os suspeitos informavam que a capacita\u00e7\u00e3o era gratuita, mas, seria necess\u00e1rio adquirir o material t\u00e9cnico pedag\u00f3gico pelo valor, no boleto banc\u00e1rio, de 12x R$ 120,00 para o curso profissionalizante e 18x R$ 149,90 para o curso t\u00e9cnico. Se o pagamento fosse realizado no cart\u00e3o, o que dificultaria o cancelamento por parte das v\u00edtimas, o valor sairia pela metade do pre\u00e7o.<\/p>\n\n\n\n<p>A Pol\u00edcia Civil colheu ind\u00edcios de que os suspeitos, nos \u00faltimos dias, teriam passado por in\u00fameras cidades, inclusive outras do Baixo e tamb\u00e9m do M\u00e9dio Jequitinhonha, e que a associa\u00e7\u00e3o criminosa tamb\u00e9m vinha atuando, possivelmente, at\u00e9 em outros estados. Para a condu\u00e7\u00e3o do inqu\u00e9rito policial, a equipe da PCMG apreendeu vasto material, composto por contratos, crach\u00e1s, m\u00e1quinas de cart\u00e3o de cr\u00e9dito e celulares utilizados nas transa\u00e7\u00f5es.<\/p>\n\n\n\n<p>\u201cTamb\u00e9m, ap\u00f3s a realiza\u00e7\u00e3o de busca no ve\u00edculo, foi encontrada por\u00e7\u00e3o de entorpecentes. De acordo com os elementos, o trio teria adquirido o material il\u00edcito na cidade de Itaobim. Foi verificada ainda, a exist\u00eancia de diversos registros de ocorr\u00eancia em v\u00e1rias cidades com os nomes das empresas, CNPJ, n\u00fameros de telefone e, inclusive, com o nome de poss\u00edvel mentora da associa\u00e7\u00e3o criminosa, que estaria respondendo a a\u00e7\u00e3o penal referente ao crime de estelionato\u201d.<\/p>\n\n\n\n<p>Os suspeitos foram autuados em flagrante e encaminhados ao sistema prisional, ficando \u00e0 disposi\u00e7\u00e3o da justi\u00e7a. O delegado informa que, as investiga\u00e7\u00f5es prosseguem com vistas \u00e0 completa elucida\u00e7\u00e3o dos fatos e responsabiliza\u00e7\u00e3o penal dos envolvidos, e tamb\u00e9m para a recupera\u00e7\u00e3o dos ativos obtidos indevidamente das v\u00edtimas.<\/p>\n\n\n\n<figure class=\"wp-block-image size-large is-resized is-style-default\"><img loading=\"lazy\" decoding=\"async\" src=\"https:\/\/diariotribuna.com.br\/wp-content\/uploads\/2022\/08\/d54f916e-79c9-4703-8f20-fb45b1be7fdf-Copia-644x1024.jpg\" alt=\"\" class=\"wp-image-16407\" width=\"352\" height=\"559\" srcset=\"https:\/\/diariotribuna.com.br\/wp-content\/uploads\/2022\/08\/d54f916e-79c9-4703-8f20-fb45b1be7fdf-Copia-644x1024.jpg 644w, https:\/\/diariotribuna.com.br\/wp-content\/uploads\/2022\/08\/d54f916e-79c9-4703-8f20-fb45b1be7fdf-Copia-189x300.jpg 189w, https:\/\/diariotribuna.com.br\/wp-content\/uploads\/2022\/08\/d54f916e-79c9-4703-8f20-fb45b1be7fdf-Copia-696x1107.jpg 696w, https:\/\/diariotribuna.com.br\/wp-content\/uploads\/2022\/08\/d54f916e-79c9-4703-8f20-fb45b1be7fdf-Copia-264x420.jpg 264w, https:\/\/diariotribuna.com.br\/wp-content\/uploads\/2022\/08\/d54f916e-79c9-4703-8f20-fb45b1be7fdf-Copia.jpg 700w\" sizes=\"(max-width: 352px) 100vw, 352px\" \/><\/figure>\n\n\n\n<h2 class=\"wp-block-heading\"><strong>Pol\u00edcia Civil de Minas Gerais: Mais pr\u00f3xima de voc\u00ea.<\/strong><\/h2>\n\n\n\n<p><strong>Instagram:<\/strong> @pcmg.oficial<\/p>\n\n\n\n<p><strong>Facebook:<\/strong> @pcmgoficial<\/p>\n\n\n\n<p><strong>Twitter:<\/strong> @pcmgoficial<\/p>\n\n\n\n<p><strong>YouTube:<\/strong> @pcmgoficial<\/p>\n\n\n\n<p><strong><a href=\"http:\/\/www.policiacivil.mg.gov.br\">www.policiacivil.mg.gov.br<\/a><\/strong><\/p>\n","protected":false},"excerpt":{"rendered":"<p>Tr\u00eas homens com idades entre 18 e 42 anos, oriundos de S\u00e3o Paulo, s\u00e3o investigados pelo crime de estelionato aplicado por meio do golpe do falso curso profissionalizante A Pol\u00edcia Civil de Minas Gerais, por meio da Delegacia de Repress\u00e3o a Crimes Contra o Patrim\u00f4nio da 3\u00aa Delegacia Regional de Pol\u00edcia Civil de Almenara, com [&hellip;]<\/p>\n","protected":false},"author":1,"featured_media":16407,"comment_status":"open","ping_status":"open","sticky":false,"template":"","format":"standard","meta":{"rop_custom_images_group":[],"rop_custom_messages_group":[],"rop_publish_now":"initial","rop_publish_now_accounts":[],"rop_publish_now_history":[],"rop_publish_now_status":"pending","footnotes":""},"categories":[25,20],"tags":[110,641,4703,292,4702,374],"class_list":["post-16406","post","type-post","status-publish","format-standard","has-post-thumbnail","hentry","category-destaque","category-policia","tag-almenara","tag-estelionato","tag-falsos-cursos","tag-policia-civil","tag-trio-preso","tag-vale-jequitinhonha"],"_links":{"self":[{"href":"https:\/\/diariotribuna.com.br\/index.php?rest_route=\/wp\/v2\/posts\/16406"}],"collection":[{"href":"https:\/\/diariotribuna.com.br\/index.php?rest_route=\/wp\/v2\/posts"}],"about":[{"href":"https:\/\/diariotribuna.com.br\/index.php?rest_route=\/wp\/v2\/types\/post"}],"author":[{"embeddable":true,"href":"https:\/\/diariotribuna.com.br\/index.php?rest_route=\/wp\/v2\/users\/1"}],"replies":[{"embeddable":true,"href":"https:\/\/diariotribuna.com.br\/index.php?rest_route=%2Fwp%2Fv2%2Fcomments&post=16406"}],"version-history":[{"count":2,"href":"https:\/\/diariotribuna.com.br\/index.php?rest_route=\/wp\/v2\/posts\/16406\/revisions"}],"predecessor-version":[{"id":16409,"href":"https:\/\/diariotribuna.com.br\/index.php?rest_route=\/wp\/v2\/posts\/16406\/revisions\/16409"}],"wp:featuredmedia":[{"embeddable":true,"href":"https:\/\/diariotribuna.com.br\/index.php?rest_route=\/wp\/v2\/media\/16407"}],"wp:attachment":[{"href":"https:\/\/diariotribuna.com.br\/index.php?rest_route=%2Fwp%2Fv2%2Fmedia&parent=16406"}],"wp:term":[{"taxonomy":"category","embeddable":true,"href":"https:\/\/diariotribuna.com.br\/index.php?rest_route=%2Fwp%2Fv2%2Fcategories&post=16406"},{"taxonomy":"post_tag","embeddable":true,"href":"https:\/\/diariotribuna.com.br\/index.php?rest_route=%2Fwp%2Fv2%2Ftags&post=16406"}],"curies":[{"name":"wp","href":"https:\/\/api.w.org\/{rel}","templated":true}]}}