{"id":16413,"date":"2022-08-17T00:56:51","date_gmt":"2022-08-17T03:56:51","guid":{"rendered":"https:\/\/diariotribuna.com.br\/?p=16413"},"modified":"2022-08-17T00:56:52","modified_gmt":"2022-08-17T03:56:52","slug":"policia-militar-apreende-droga-no-bairro-vila-romao-em-mata-verde","status":"publish","type":"post","link":"https:\/\/diariotribuna.com.br\/?p=16413","title":{"rendered":"Pol\u00edcia Militar apreende droga no Bairro Vila Rom\u00e3o, em Mata Verde"},"content":{"rendered":"\n<figure class=\"wp-block-image size-full is-resized is-style-default\"><img loading=\"lazy\" decoding=\"async\" src=\"https:\/\/diariotribuna.com.br\/wp-content\/uploads\/2022\/08\/IMG_20220813_191908-1.jpg\" alt=\"\" class=\"wp-image-16414\" width=\"550\" height=\"310\" srcset=\"https:\/\/diariotribuna.com.br\/wp-content\/uploads\/2022\/08\/IMG_20220813_191908-1.jpg 700w, https:\/\/diariotribuna.com.br\/wp-content\/uploads\/2022\/08\/IMG_20220813_191908-1-300x169.jpg 300w, https:\/\/diariotribuna.com.br\/wp-content\/uploads\/2022\/08\/IMG_20220813_191908-1-696x393.jpg 696w\" sizes=\"(max-width: 550px) 100vw, 550px\" \/><\/figure>\n\n\n\n<p>No s\u00e1bado (13\/08), a Pol\u00edcia Militar desencadeou uma opera\u00e7\u00e3o de combate ao tr\u00e1fico de drogas na cidade de Mata Verde, abrang\u00eancia do 44\u00ba Batalh\u00e3o de Pol\u00edcia Militar, quando os militares prenderam um homem de 20 anos, no Bairro Vila Rom\u00e3o, por envolvimento com tr\u00e1fico de drogas.\u00a0 Segundo a pol\u00edcia, o homem possui diversas passagens por porte ilegal de arma de fogo e tr\u00e1fico de drogas.<\/p>\n\n\n\n<p>O preso e os materiais apreendidos foram encaminhados para a delegacia de Pol\u00edcia Civil de Almenara para as medidas a serem adotadas pela pol\u00edcia judici\u00e1ria. Materiais apreendidos: 18 pedras de crack, 03 telefones celulares de proced\u00eancia duvidosa e R$ 92 em moeda corrente. O autor foi abordado na rua, os materiais foram apreendidos em cima do telhado da sua resid\u00eancia. (Informa\u00e7\u00f5es\/Foto: sargento Thalles Wilke Santos Silva, comandante fra\u00e7\u00e3o PM de Mata Verde).<\/p>\n","protected":false},"excerpt":{"rendered":"<p>No s\u00e1bado (13\/08), a Pol\u00edcia Militar desencadeou uma opera\u00e7\u00e3o de combate ao tr\u00e1fico de drogas na cidade de Mata Verde, abrang\u00eancia do 44\u00ba Batalh\u00e3o de Pol\u00edcia Militar, quando os militares prenderam um homem de 20 anos, no Bairro Vila Rom\u00e3o, por envolvimento com tr\u00e1fico de drogas.\u00a0 Segundo a pol\u00edcia, o homem possui diversas passagens por [&hellip;]<\/p>\n","protected":false},"author":1,"featured_media":16414,"comment_status":"open","ping_status":"open","sticky":false,"template":"","format":"standard","meta":{"rop_custom_images_group":[],"rop_custom_messages_group":[],"rop_publish_now":"initial","rop_publish_now_accounts":[],"rop_publish_now_history":[],"rop_publish_now_status":"pending","footnotes":""},"categories":[20],"tags":[4705,204,4696,76],"class_list":["post-16413","post","type-post","status-publish","format-standard","has-post-thumbnail","hentry","category-policia","tag-bairro-vila-romao","tag-droga","tag-mata-verde","tag-policia-militar"],"_links":{"self":[{"href":"https:\/\/diariotribuna.com.br\/index.php?rest_route=\/wp\/v2\/posts\/16413"}],"collection":[{"href":"https:\/\/diariotribuna.com.br\/index.php?rest_route=\/wp\/v2\/posts"}],"about":[{"href":"https:\/\/diariotribuna.com.br\/index.php?rest_route=\/wp\/v2\/types\/post"}],"author":[{"embeddable":true,"href":"https:\/\/diariotribuna.com.br\/index.php?rest_route=\/wp\/v2\/users\/1"}],"replies":[{"embeddable":true,"href":"https:\/\/diariotribuna.com.br\/index.php?rest_route=%2Fwp%2Fv2%2Fcomments&post=16413"}],"version-history":[{"count":1,"href":"https:\/\/diariotribuna.com.br\/index.php?rest_route=\/wp\/v2\/posts\/16413\/revisions"}],"predecessor-version":[{"id":16415,"href":"https:\/\/diariotribuna.com.br\/index.php?rest_route=\/wp\/v2\/posts\/16413\/revisions\/16415"}],"wp:featuredmedia":[{"embeddable":true,"href":"https:\/\/diariotribuna.com.br\/index.php?rest_route=\/wp\/v2\/media\/16414"}],"wp:attachment":[{"href":"https:\/\/diariotribuna.com.br\/index.php?rest_route=%2Fwp%2Fv2%2Fmedia&parent=16413"}],"wp:term":[{"taxonomy":"category","embeddable":true,"href":"https:\/\/diariotribuna.com.br\/index.php?rest_route=%2Fwp%2Fv2%2Fcategories&post=16413"},{"taxonomy":"post_tag","embeddable":true,"href":"https:\/\/diariotribuna.com.br\/index.php?rest_route=%2Fwp%2Fv2%2Ftags&post=16413"}],"curies":[{"name":"wp","href":"https:\/\/api.w.org\/{rel}","templated":true}]}}