{"id":16435,"date":"2022-08-18T22:06:11","date_gmt":"2022-08-19T01:06:11","guid":{"rendered":"https:\/\/diariotribuna.com.br\/?p=16435"},"modified":"2022-08-18T22:08:06","modified_gmt":"2022-08-19T01:08:06","slug":"policia-civil-prende-homem-investigado-por-estupro-de-vulneravel-em-almenara","status":"publish","type":"post","link":"https:\/\/diariotribuna.com.br\/?p=16435","title":{"rendered":"Pol\u00edcia Civil prende homem investigado por estupro de vulner\u00e1vel em Almenara"},"content":{"rendered":"\n<figure class=\"wp-block-image size-full is-resized is-style-default\"><img loading=\"lazy\" decoding=\"async\" src=\"https:\/\/diariotribuna.com.br\/wp-content\/uploads\/2022\/08\/dbe803b2-d109-4e81-acdc-f954658a0d46.jpg\" alt=\"\" class=\"wp-image-16436\" width=\"405\" height=\"350\" srcset=\"https:\/\/diariotribuna.com.br\/wp-content\/uploads\/2022\/08\/dbe803b2-d109-4e81-acdc-f954658a0d46.jpg 704w, https:\/\/diariotribuna.com.br\/wp-content\/uploads\/2022\/08\/dbe803b2-d109-4e81-acdc-f954658a0d46-300x259.jpg 300w, https:\/\/diariotribuna.com.br\/wp-content\/uploads\/2022\/08\/dbe803b2-d109-4e81-acdc-f954658a0d46-534x462.jpg 534w, https:\/\/diariotribuna.com.br\/wp-content\/uploads\/2022\/08\/dbe803b2-d109-4e81-acdc-f954658a0d46-696x601.jpg 696w, https:\/\/diariotribuna.com.br\/wp-content\/uploads\/2022\/08\/dbe803b2-d109-4e81-acdc-f954658a0d46-486x420.jpg 486w\" sizes=\"(max-width: 405px) 100vw, 405px\" \/><\/figure>\n\n\n\n<p>A Pol\u00edcia Civil de Minas Gerais, por meio da 3\u00aa Delegacia Regional de Pol\u00edcia Civil de Almenara prendeu, na quarta-feira (17\/08), um homem, de 52 anos, em cumprimento a mandado de pris\u00e3o tempor\u00e1ria na cidade de Almenara, na regi\u00e3o do Jequitinhonha. O homem \u00e9 investigado pela pr\u00e1tica de estupro de vulner\u00e1vel.<\/p>\n\n\n\n<p>O fato chegou ao conhecimento da Pol\u00edcia Civil quando a v\u00edtima, de 20 anos, encaminhada \u00e0 unidade policial em raz\u00e3o de ter sido v\u00edtima de viol\u00eancia dom\u00e9stica, em outro relacionamento, informou que era m\u00e3e de um menino, de 6 anos, cujo pai \u00e9 o investigado, tendo a crian\u00e7a sido concebida, ent\u00e3o, quando a v\u00edtima ainda era menor de 14 anos.<\/p>\n\n\n\n<p>Assim, constatou-se a pr\u00e1tica do ato delituoso tipificado no artigo 217-A do C\u00f3digo Penal, sendo instaurado inqu\u00e9rito policial para apura\u00e7\u00e3o dos fatos. Segundo a PCMG, ap\u00f3s a oitiva dos envolvidos, o investigado passou a amea\u00e7ar a v\u00edtima e uma testemunha.<\/p>\n\n\n\n<p>A Pol\u00edcia Civil representou pela decreta\u00e7\u00e3o da sua pris\u00e3o tempor\u00e1ria, que foi decretada pelo Ju\u00edzo da Comarca de Almenara, ap\u00f3s manifesta\u00e7\u00e3o favor\u00e1vel do Minist\u00e9rio P\u00fablico, sendo a ordem judicial cumprida na manh\u00e3 desta quarta-feira (17).<\/p>\n\n\n\n<p>\u201cA investiga\u00e7\u00e3o prossegue para a completa apura\u00e7\u00e3o dos fatos, inclusive, sobre outros dois delitos da mesma natureza que teriam sido praticados pelo investigado\u201d, disse o Delegado Regional de Almenara, dr. Thiago de Carvalho Passos. A a\u00e7\u00e3o da PCMG faz parte do &#8220;Agosto Lil\u00e1s&#8221;, no qual as a\u00e7\u00f5es de combate a todas as formas de viol\u00eancia dom\u00e9stica e familiar contra a mulher s\u00e3o intensificadas. (Informa\u00e7\u00f5es\/Foto: PCMG, dr. Thiago Passos).<\/p>\n\n\n\n<p><strong>Pol\u00edcia Civil de Minas Gerais: &#8220;Mais pr\u00f3xima de voc\u00ea<\/strong>&#8220;<br><strong>Instagram:<\/strong> @pcmg.oficial<br><strong>Facebook: <\/strong>@pcmgoficial<br><strong>Twitter: <\/strong>@pcmgoficial<br><strong>YouTube:<\/strong> @pcmgoficial<br><strong>www.policiacivil.mg.gov.br<\/strong><\/p>\n","protected":false},"excerpt":{"rendered":"<p>A Pol\u00edcia Civil de Minas Gerais, por meio da 3\u00aa Delegacia Regional de Pol\u00edcia Civil de Almenara prendeu, na quarta-feira (17\/08), um homem, de 52 anos, em cumprimento a mandado de pris\u00e3o tempor\u00e1ria na cidade de Almenara, na regi\u00e3o do Jequitinhonha. O homem \u00e9 investigado pela pr\u00e1tica de estupro de vulner\u00e1vel. O fato chegou ao [&hellip;]<\/p>\n","protected":false},"author":1,"featured_media":16436,"comment_status":"open","ping_status":"open","sticky":false,"template":"","format":"standard","meta":{"rop_custom_images_group":[],"rop_custom_messages_group":[],"rop_publish_now":"initial","rop_publish_now_accounts":[],"rop_publish_now_history":[],"rop_publish_now_status":"pending","footnotes":""},"categories":[25,20],"tags":[110,1173,381,292,649],"class_list":["post-16435","post","type-post","status-publish","format-standard","has-post-thumbnail","hentry","category-destaque","category-policia","tag-almenara","tag-estupro-de-vulneravel","tag-investigacao","tag-policia-civil","tag-prisao"],"_links":{"self":[{"href":"https:\/\/diariotribuna.com.br\/index.php?rest_route=\/wp\/v2\/posts\/16435"}],"collection":[{"href":"https:\/\/diariotribuna.com.br\/index.php?rest_route=\/wp\/v2\/posts"}],"about":[{"href":"https:\/\/diariotribuna.com.br\/index.php?rest_route=\/wp\/v2\/types\/post"}],"author":[{"embeddable":true,"href":"https:\/\/diariotribuna.com.br\/index.php?rest_route=\/wp\/v2\/users\/1"}],"replies":[{"embeddable":true,"href":"https:\/\/diariotribuna.com.br\/index.php?rest_route=%2Fwp%2Fv2%2Fcomments&post=16435"}],"version-history":[{"count":2,"href":"https:\/\/diariotribuna.com.br\/index.php?rest_route=\/wp\/v2\/posts\/16435\/revisions"}],"predecessor-version":[{"id":16439,"href":"https:\/\/diariotribuna.com.br\/index.php?rest_route=\/wp\/v2\/posts\/16435\/revisions\/16439"}],"wp:featuredmedia":[{"embeddable":true,"href":"https:\/\/diariotribuna.com.br\/index.php?rest_route=\/wp\/v2\/media\/16436"}],"wp:attachment":[{"href":"https:\/\/diariotribuna.com.br\/index.php?rest_route=%2Fwp%2Fv2%2Fmedia&parent=16435"}],"wp:term":[{"taxonomy":"category","embeddable":true,"href":"https:\/\/diariotribuna.com.br\/index.php?rest_route=%2Fwp%2Fv2%2Fcategories&post=16435"},{"taxonomy":"post_tag","embeddable":true,"href":"https:\/\/diariotribuna.com.br\/index.php?rest_route=%2Fwp%2Fv2%2Ftags&post=16435"}],"curies":[{"name":"wp","href":"https:\/\/api.w.org\/{rel}","templated":true}]}}