{"id":16444,"date":"2022-08-18T23:59:17","date_gmt":"2022-08-19T02:59:17","guid":{"rendered":"https:\/\/diariotribuna.com.br\/?p=16444"},"modified":"2022-08-19T00:03:35","modified_gmt":"2022-08-19T03:03:35","slug":"tres-pessoas-sao-mortas-a-tiros-dentro-de-casa-em-ladainha-2","status":"publish","type":"post","link":"https:\/\/diariotribuna.com.br\/?p=16444","title":{"rendered":"Tr\u00eas pessoas s\u00e3o mortas a tiros dentro de casa em Ladainha"},"content":{"rendered":"\n<figure class=\"wp-block-image size-full is-resized is-style-default\"><img loading=\"lazy\" decoding=\"async\" src=\"https:\/\/diariotribuna.com.br\/wp-content\/uploads\/2022\/08\/07530935-8466-41f0-ae9c-db614c777e40-1.jpg\" alt=\"\" class=\"wp-image-16445\" width=\"519\" height=\"349\" srcset=\"https:\/\/diariotribuna.com.br\/wp-content\/uploads\/2022\/08\/07530935-8466-41f0-ae9c-db614c777e40-1.jpg 700w, https:\/\/diariotribuna.com.br\/wp-content\/uploads\/2022\/08\/07530935-8466-41f0-ae9c-db614c777e40-1-300x202.jpg 300w, https:\/\/diariotribuna.com.br\/wp-content\/uploads\/2022\/08\/07530935-8466-41f0-ae9c-db614c777e40-1-696x468.jpg 696w, https:\/\/diariotribuna.com.br\/wp-content\/uploads\/2022\/08\/07530935-8466-41f0-ae9c-db614c777e40-1-624x420.jpg 624w\" sizes=\"(max-width: 519px) 100vw, 519px\" \/><\/figure>\n\n\n\n<p>A Pol\u00edcia Militar registrou um triplo homic\u00eddio na madrugada desta quinta-feira (18\/08), dentro de uma casa na Rua Bernardino Rocha, Bairro Esplanada, em Ladainha. Por volta das 3h da manh\u00e3, indiv\u00edduos chegaram em um carro de cor escura e entraram pelos fundos do im\u00f3vel, arrombaram a porta e mataram a tiros, segundo informa\u00e7\u00f5es, primeiro o dono da casa, Sebasti\u00e3o Ramos de Souza, de 38 anos. Depois, foram at\u00e9 a sala, onde executaram seu sobrinho Ant\u00f4nio Carlos de Souza Ramalho, de 17 anos, e Sidney Alecrim de Abreu, 18 anos, que era amigo do menor.<\/p>\n\n\n\n<p>Uma mulher que tamb\u00e9m estava na casa, esposa de Sebasti\u00e3o, conseguiu fugir sem ferimentos. Apesar dos crimes terem acontecido durante a madrugada, a Pol\u00edcia Militar s\u00f3 foi acionada por volta das 8h. Sebasti\u00e3o Ramos morava h\u00e1 dois anos em Ladainha e tinha passagem por furtos ocorridos na cidade de Pot\u00e9. A motiva\u00e7\u00e3o do assassinato de Sebasti\u00e3o pode ter liga\u00e7\u00e3o com esses crimes, mas a pol\u00edcia n\u00e3o descarta outros motivos. As outras v\u00edtimas n\u00e3o possuem ficha criminal.<\/p>\n\n\n\n<figure class=\"wp-block-image size-full is-resized is-style-default\"><img loading=\"lazy\" decoding=\"async\" src=\"https:\/\/diariotribuna.com.br\/wp-content\/uploads\/2022\/08\/c1ade933-9b64-4c38-a155-0547a83bc628-1.jpg\" alt=\"\" class=\"wp-image-16449\" width=\"527\" height=\"333\" srcset=\"https:\/\/diariotribuna.com.br\/wp-content\/uploads\/2022\/08\/c1ade933-9b64-4c38-a155-0547a83bc628-1.jpg 600w, https:\/\/diariotribuna.com.br\/wp-content\/uploads\/2022\/08\/c1ade933-9b64-4c38-a155-0547a83bc628-1-300x190.jpg 300w\" sizes=\"(max-width: 527px) 100vw, 527px\" \/><\/figure>\n\n\n\n<p>Ap\u00f3s os trabalhos da per\u00edcia t\u00e9cnica da Pol\u00edcia Civil no local, os tr\u00eas corpos foram removidos ao Instituto M\u00e9dico Legal de Te\u00f3filo Otoni, para serem necropsiados. O delegado de Pol\u00edcia Civil de Ladainha, dr. C\u00e9sar C\u00e2ndido, esteve no local com tr\u00eas equipes da Pol\u00edcia Civil, onde j\u00e1 colheram as primeiras informa\u00e7\u00f5es e as investiga\u00e7\u00f5es prosseguem para a apura\u00e7\u00e3o das causas e circunst\u00e2ncias do triplo homic\u00eddio. (Colaborou: Jerry Santos\/ Fotos cedidas por Victor Couy).<\/p>\n","protected":false},"excerpt":{"rendered":"<p>A Pol\u00edcia Militar registrou um triplo homic\u00eddio na madrugada desta quinta-feira (18\/08), dentro de uma casa na Rua Bernardino Rocha, Bairro Esplanada, em Ladainha. Por volta das 3h da manh\u00e3, indiv\u00edduos chegaram em um carro de cor escura e entraram pelos fundos do im\u00f3vel, arrombaram a porta e mataram a tiros, segundo informa\u00e7\u00f5es, primeiro o [&hellip;]<\/p>\n","protected":false},"author":1,"featured_media":16445,"comment_status":"open","ping_status":"open","sticky":false,"template":"","format":"standard","meta":{"rop_custom_images_group":[],"rop_custom_messages_group":[],"rop_publish_now":"initial","rop_publish_now_accounts":[],"rop_publish_now_history":[],"rop_publish_now_status":"pending","footnotes":""},"categories":[25,20],"tags":[4708,86,292,76,4710],"class_list":["post-16444","post","type-post","status-publish","format-standard","has-post-thumbnail","hentry","category-destaque","category-policia","tag-execucao","tag-ladainha","tag-policia-civil","tag-policia-militar","tag-triplo-homicidio"],"_links":{"self":[{"href":"https:\/\/diariotribuna.com.br\/index.php?rest_route=\/wp\/v2\/posts\/16444"}],"collection":[{"href":"https:\/\/diariotribuna.com.br\/index.php?rest_route=\/wp\/v2\/posts"}],"about":[{"href":"https:\/\/diariotribuna.com.br\/index.php?rest_route=\/wp\/v2\/types\/post"}],"author":[{"embeddable":true,"href":"https:\/\/diariotribuna.com.br\/index.php?rest_route=\/wp\/v2\/users\/1"}],"replies":[{"embeddable":true,"href":"https:\/\/diariotribuna.com.br\/index.php?rest_route=%2Fwp%2Fv2%2Fcomments&post=16444"}],"version-history":[{"count":3,"href":"https:\/\/diariotribuna.com.br\/index.php?rest_route=\/wp\/v2\/posts\/16444\/revisions"}],"predecessor-version":[{"id":16451,"href":"https:\/\/diariotribuna.com.br\/index.php?rest_route=\/wp\/v2\/posts\/16444\/revisions\/16451"}],"wp:featuredmedia":[{"embeddable":true,"href":"https:\/\/diariotribuna.com.br\/index.php?rest_route=\/wp\/v2\/media\/16445"}],"wp:attachment":[{"href":"https:\/\/diariotribuna.com.br\/index.php?rest_route=%2Fwp%2Fv2%2Fmedia&parent=16444"}],"wp:term":[{"taxonomy":"category","embeddable":true,"href":"https:\/\/diariotribuna.com.br\/index.php?rest_route=%2Fwp%2Fv2%2Fcategories&post=16444"},{"taxonomy":"post_tag","embeddable":true,"href":"https:\/\/diariotribuna.com.br\/index.php?rest_route=%2Fwp%2Fv2%2Ftags&post=16444"}],"curies":[{"name":"wp","href":"https:\/\/api.w.org\/{rel}","templated":true}]}}