{"id":16467,"date":"2022-08-20T21:15:54","date_gmt":"2022-08-21T00:15:54","guid":{"rendered":"https:\/\/diariotribuna.com.br\/?p=16467"},"modified":"2022-08-26T00:06:50","modified_gmt":"2022-08-26T03:06:50","slug":"policia-civil-prende-policial-militar-por-forca-de-mandado-judicial-em-teofilo-otoni","status":"publish","type":"post","link":"https:\/\/diariotribuna.com.br\/?p=16467","title":{"rendered":"Pol\u00edcia Civil prende policial militar por for\u00e7a de mandado judicial em Te\u00f3filo Otoni"},"content":{"rendered":"\n<h3 class=\"wp-block-heading\"><strong><em>O policial militar \u00e9 suspeito de envolvimento num homic\u00eddio contra o comerciante de pedras preciosas Anderson da Silva Pereira<\/em><\/strong><\/h3>\n\n\n\n<figure class=\"wp-block-image size-full is-resized is-style-default\"><img loading=\"lazy\" decoding=\"async\" src=\"https:\/\/diariotribuna.com.br\/wp-content\/uploads\/2022\/08\/f40f0c90-f72f-4d21-942e-63a31f0534b7.jpg\" alt=\"\" class=\"wp-image-16468\" width=\"471\" height=\"445\" srcset=\"https:\/\/diariotribuna.com.br\/wp-content\/uploads\/2022\/08\/f40f0c90-f72f-4d21-942e-63a31f0534b7.jpg 700w, https:\/\/diariotribuna.com.br\/wp-content\/uploads\/2022\/08\/f40f0c90-f72f-4d21-942e-63a31f0534b7-300x284.jpg 300w, https:\/\/diariotribuna.com.br\/wp-content\/uploads\/2022\/08\/f40f0c90-f72f-4d21-942e-63a31f0534b7-696x658.jpg 696w, https:\/\/diariotribuna.com.br\/wp-content\/uploads\/2022\/08\/f40f0c90-f72f-4d21-942e-63a31f0534b7-444x420.jpg 444w\" sizes=\"(max-width: 471px) 100vw, 471px\" \/><figcaption><strong>Anderson da Silva Pereira, 38 anos, foi morto a tiros \u00e0s<\/strong><br><strong>margens da BR 116, em Te\u00f3filo Otoni<\/strong><\/figcaption><\/figure>\n\n\n\n<p>A Pol\u00edcia Civil de Minas Gerais, por meio da Delegacia Especializada de Crimes Contra a Vida, de Te\u00f3filo Otoni, deflagrou uma opera\u00e7\u00e3o na manh\u00e3 deste s\u00e1bado (20\/08\/22), para dar cumprimento a um mandado de pris\u00e3o tempor\u00e1ria contra o policial militar lotado na 15\u00aa Cia de Pol\u00edcia Militar Rodovi\u00e1ria, V.L.D.S., de 40 anos, suspeito da autoria do homic\u00eddio contra Anderson da Silva Pereira, 38 anos, o \u201cDan Dan Barulho\u201d, comerciante de pedras preciosas que residia no Bairro Bela Vista, assassinato que teve grande repercuss\u00e3o na sociedade.<\/p>\n\n\n\n<p>Segundo a Pol\u00edcia Civil, por se tratar de um policial militar como suspeito, o cumprimento do mandado de pris\u00e3o na sua resid\u00eancia foi acompanhado de uma equipe da PMMG. Equipe PCMG atuante no caso &#8211;&nbsp;<strong>Delegados:<\/strong>&nbsp;H\u00e9rika Ribeiro Senna e C\u00e9sar C\u00e2ndido Neves Jr.&nbsp;<strong>Escriv\u00e3es:<\/strong>&nbsp;Larissa Syngrid e Jagna Ferreira.&nbsp;<strong>Investigadores:<\/strong>&nbsp;Lucas da Fran\u00e7a, Philip Lauar e Winter Goecking.<\/p>\n\n\n\n<p><strong>Entenda o Caso &#8211;<\/strong>&nbsp;A Pol\u00edcia Civil est\u00e1 investigando o homic\u00eddio contra Anderson, ocorrido na noite de quarta-feira (17\/08), \u00e0s margens da BR 116, pr\u00f3ximo ao antigo posto Nicoletti. Anderson foi morto a tiros e o policial militar, chegou a ser preso pela pr\u00f3pria PMMG, suspeito de envolvimento no crime, mas a sua pris\u00e3o n\u00e3o foi ratificada pela Pol\u00edcia Civil, e no dia seguinte ele foi liberado.<\/p>\n\n\n\n<p>Conforme a ocorr\u00eancia registrada pela PMMG, uma testemunha relatou que por volta das 21h40 de quarta-feira (17) percebeu que um ve\u00edculo, provavelmente de cor branca, modelo Corolla ou similar, teria parado no local dos fatos, logo em seguida ele ouviu dois disparos, seguidos de um clar\u00e3o, e o condutor saiu com o ve\u00edculo sentido ao Distrito de Mucuri e retornou logo em seguida ao local, e um dos ocupantes efetuou mais dois ou tr\u00eas tiros na v\u00edtima. A per\u00edcia t\u00e9cnica da Pol\u00edcia Civil foi acionada, e ap\u00f3s os trabalhos de praxe o corpo de Anderson foi encaminhado do Instituto M\u00e9dico Legal para necropsia.<\/p>\n\n\n\n<p>Desde que tomou conhecimento do crime a Pol\u00edcia Militar fez rastreamentos e dilig\u00eancias pela cidade pra tentar chegar \u00e0 autoria, e recebeu informa\u00e7\u00f5es que, na tarde de quarta-feira (17), tr\u00eas pessoas teriam ido \u00e0 resid\u00eancia de um parente da v\u00edtima \u00e0 sua procura supostamente para cobrar uma d\u00edvida relacionada a comercializa\u00e7\u00e3o de pedras preciosas. Uma dessas pessoas teria sido reconhecida pelo morador.<\/p>\n\n\n\n<p>Ainda durante os levantamentos, a Pol\u00edcia Militar foi informada que o policial militar rodovi\u00e1rio possui um ve\u00edculo Toyota\/Corolla, cor branca, e teria sido visto conduzindo tal ve\u00edculo no dia do crime, na BR 116. O suspeito ainda teria sido visto junto com a v\u00edtima no p\u00e1tio de um posto de combust\u00edveis, que ambos sentaram e ali teriam permanecido por cerca de uma hora. Por volta das 20h, ambos sa\u00edram do posto e seguiram sentido BR 116.<\/p>\n\n\n\n<p>A Pol\u00edcia Militar chegou a fazer buscas na resid\u00eancia do suspeito, tendo constatado que ali teria sido feita uma limpeza geral, carro ainda molhado e garagem com \u00e1gua, e outras observa\u00e7\u00f5es relevantes. O ve\u00edculo que estava na garagem foi removido para ser periciado pela Pol\u00edcia Civil. As dilig\u00eancias foram acompanhadas por um advogado. O militar foi conduzido preso e o seu telefone celular foi apreendido. As investiga\u00e7\u00f5es sobre as causas e circunst\u00e2ncias do crime est\u00e3o a cargo da Pol\u00edcia Civil de Te\u00f3filo Otoni, tendo \u00e0 frente a delegada H\u00e9rika Ribeiro Senna. (Ocorr\u00eancia registrada pela PMMG\/ Foto da v\u00edtima: Divulga\u00e7\u00e3o).<\/p>\n\n\n\n<p><strong>Nota da ASPRA \u2013<\/strong>&nbsp;A Associa\u00e7\u00e3o dos Pra\u00e7as Policiais e Bombeiros Militares de Minas Gerais (ASPRA) emitiu uma nota na sexta-feira (19) sobre o caso. Veja na \u00edntegra: \u201cNa manh\u00e3 desta sexta-feira (19\/08\/22), ap\u00f3s 24 horas de dilig\u00eancias ininterruptas, o militar associado V.L.D.S, Cabo da PMMG, lotado na 15\u00aa Cia PM Mat \u2013 Te\u00f3filo Otoni\/MG, foi colocado em liberdade ap\u00f3s prestar esclarecimentos sobre o homic\u00eddio ocorrido na cidade de Te\u00f3filo Otoni\/MG, envolvendo a v\u00edtima Anderson da Silva Pereira, na estrada BR 116, pr\u00f3ximo ao Posto Nicoletti.<\/p>\n\n\n\n<p>O Militar foi inicialmente conduzido pela pr\u00f3pria PMMG como suspeito do homic\u00eddio, entretanto, ap\u00f3s atua\u00e7\u00e3o da assessoria jur\u00eddica da ASPRA, Escrit\u00f3rio Fantecelle Advogados, na pessoa do Dr. Gylliard M. Fantecelle, a delegada respons\u00e1vel pelo caso n\u00e3o ratificou o estado de flagr\u00e2ncia tendo em vista a insufici\u00eancia das provas at\u00e9 o momento. O militar foi ouvido e liberado. V\u00e1rias dilig\u00eancias ainda est\u00e3o em andamento, no sentido de descobrir os verdadeiros autores do homic\u00eddio e sua motiva\u00e7\u00e3o. A ASPRA \u2013 Associa\u00e7\u00e3o dos Pra\u00e7as Policiais e Bombeiros Militares de Minas Gerais, maior associa\u00e7\u00e3o de classe do Estado, solidariza-se com os familiares da v\u00edtima ao mesmo tempo que presta seus sinceros p\u00easames e condol\u00eancias. ASPRA, Regional Te\u00f3filo Otoni\u201d.<\/p>\n","protected":false},"excerpt":{"rendered":"<p>O policial militar \u00e9 suspeito de envolvimento num homic\u00eddio contra o comerciante de pedras preciosas Anderson da Silva Pereira A Pol\u00edcia Civil de Minas Gerais, por meio da Delegacia Especializada de Crimes Contra a Vida, de Te\u00f3filo Otoni, deflagrou uma opera\u00e7\u00e3o na manh\u00e3 deste s\u00e1bado (20\/08\/22), para dar cumprimento a um mandado de pris\u00e3o tempor\u00e1ria [&hellip;]<\/p>\n","protected":false},"author":1,"featured_media":16468,"comment_status":"open","ping_status":"open","sticky":false,"template":"","format":"standard","meta":{"rop_custom_images_group":[],"rop_custom_messages_group":[],"rop_publish_now":"initial","rop_publish_now_accounts":[],"rop_publish_now_history":[],"rop_publish_now_status":"pending","footnotes":""},"categories":[20],"tags":[],"class_list":["post-16467","post","type-post","status-publish","format-standard","has-post-thumbnail","hentry","category-policia"],"_links":{"self":[{"href":"https:\/\/diariotribuna.com.br\/index.php?rest_route=\/wp\/v2\/posts\/16467"}],"collection":[{"href":"https:\/\/diariotribuna.com.br\/index.php?rest_route=\/wp\/v2\/posts"}],"about":[{"href":"https:\/\/diariotribuna.com.br\/index.php?rest_route=\/wp\/v2\/types\/post"}],"author":[{"embeddable":true,"href":"https:\/\/diariotribuna.com.br\/index.php?rest_route=\/wp\/v2\/users\/1"}],"replies":[{"embeddable":true,"href":"https:\/\/diariotribuna.com.br\/index.php?rest_route=%2Fwp%2Fv2%2Fcomments&post=16467"}],"version-history":[{"count":1,"href":"https:\/\/diariotribuna.com.br\/index.php?rest_route=\/wp\/v2\/posts\/16467\/revisions"}],"predecessor-version":[{"id":16469,"href":"https:\/\/diariotribuna.com.br\/index.php?rest_route=\/wp\/v2\/posts\/16467\/revisions\/16469"}],"wp:featuredmedia":[{"embeddable":true,"href":"https:\/\/diariotribuna.com.br\/index.php?rest_route=\/wp\/v2\/media\/16468"}],"wp:attachment":[{"href":"https:\/\/diariotribuna.com.br\/index.php?rest_route=%2Fwp%2Fv2%2Fmedia&parent=16467"}],"wp:term":[{"taxonomy":"category","embeddable":true,"href":"https:\/\/diariotribuna.com.br\/index.php?rest_route=%2Fwp%2Fv2%2Fcategories&post=16467"},{"taxonomy":"post_tag","embeddable":true,"href":"https:\/\/diariotribuna.com.br\/index.php?rest_route=%2Fwp%2Fv2%2Ftags&post=16467"}],"curies":[{"name":"wp","href":"https:\/\/api.w.org\/{rel}","templated":true}]}}