{"id":16481,"date":"2022-08-22T23:44:12","date_gmt":"2022-08-23T02:44:12","guid":{"rendered":"https:\/\/diariotribuna.com.br\/?p=16481"},"modified":"2022-08-22T23:44:14","modified_gmt":"2022-08-23T02:44:14","slug":"ppvd-da-232a-cia-pm-de-novo-cruzeiro-conquista-3o-lugar-em-concurso-do-estado","status":"publish","type":"post","link":"https:\/\/diariotribuna.com.br\/?p=16481","title":{"rendered":"PPVD da 232\u00aa Cia PM de Novo Cruzeiro conquista 3\u00ba lugar em concurso do Estado"},"content":{"rendered":"\n<h3 class=\"wp-block-heading\"><em><strong>Os militares participaram do concurso &#8220;Boas Pr\u00e1ticas em Preven\u00e7\u00e3o \u00e0 Viol\u00eancia Dom\u00e9stica&#8221;, durante semin\u00e1rio em Belo Horizonte<\/strong><\/em><\/h3>\n\n\n\n<figure class=\"wp-block-image size-full is-resized is-style-default\"><img loading=\"lazy\" decoding=\"async\" src=\"https:\/\/diariotribuna.com.br\/wp-content\/uploads\/2022\/08\/4c366e6a-1e40-4575-9ca2-f0d6244dde0d.jpg\" alt=\"\" class=\"wp-image-16482\" width=\"535\" height=\"399\" srcset=\"https:\/\/diariotribuna.com.br\/wp-content\/uploads\/2022\/08\/4c366e6a-1e40-4575-9ca2-f0d6244dde0d.jpg 700w, https:\/\/diariotribuna.com.br\/wp-content\/uploads\/2022\/08\/4c366e6a-1e40-4575-9ca2-f0d6244dde0d-300x224.jpg 300w, https:\/\/diariotribuna.com.br\/wp-content\/uploads\/2022\/08\/4c366e6a-1e40-4575-9ca2-f0d6244dde0d-80x60.jpg 80w, https:\/\/diariotribuna.com.br\/wp-content\/uploads\/2022\/08\/4c366e6a-1e40-4575-9ca2-f0d6244dde0d-265x198.jpg 265w, https:\/\/diariotribuna.com.br\/wp-content\/uploads\/2022\/08\/4c366e6a-1e40-4575-9ca2-f0d6244dde0d-696x519.jpg 696w, https:\/\/diariotribuna.com.br\/wp-content\/uploads\/2022\/08\/4c366e6a-1e40-4575-9ca2-f0d6244dde0d-563x420.jpg 563w\" sizes=\"(max-width: 535px) 100vw, 535px\" \/><\/figure>\n\n\n\n<p>A Patrulha de Preven\u00e7\u00e3o \u00e0 Viol\u00eancia Dom\u00e9stica (PPVD) da 232\u00aa Cia Pol\u00edcia Militar de Novo Cruzeiro, composta pela sargento Tayse e cabo Lopes, durante semin\u00e1rio sobre viol\u00eancia dom\u00e9stica, na quinta-feira (18\/08), conquistou o 3\u00b0 lugar na categoria \u201cAtua\u00e7\u00f5es das Patrulhas de Preven\u00e7\u00e3o \u00e0 Viol\u00eancia Dom\u00e9stica\u201d&nbsp;no interior do Estado de Minas Gerais, do concurso \u201cBoas Pr\u00e1ticas em Preven\u00e7\u00e3o \u00e0 Viol\u00eancia Dom\u00e9stica\u201d.<\/p>\n\n\n\n<p>O comandante da 232\u00aa Cia PM de Novo Cruzeiro, tenente Thalles, destaca que, o caso atendido pela PPVD que conquistou o p\u00f3dio foi o ocorrido no m\u00eas de janeiro de 2022 em Novo Cruzeiro, em que uma mulher foi mantida em c\u00e1rcere privado pelo seu ex-companheiro, por mais de 03 anos, dentro de um quarto pequeno, onde era agredida constantemente. \u201cO agressor foi preso pela PPVD e permanece no pres\u00eddio at\u00e9 a presente data. O ciclo de viol\u00eancia foi quebrado e a v\u00edtima se encontra livre e feliz\u201d, disse o tenente.<\/p>\n\n\n\n<p>Ele ressalta que, esse concurso teve como objetivo o reconhecimento e valoriza\u00e7\u00e3o das equipes que atuam nas Patrulhas de Preven\u00e7\u00e3o \u00e0 Viol\u00eancia Dom\u00e9stica, no atendimento \u00e0s v\u00edtimas, cujo caso tenha sido oportunamente identificado pela equipe PPVD, dado o devido encaminhamento de forma c\u00e9lere e eficaz, e que tenha contribu\u00eddo para a quebra do ciclo da viol\u00eancia, denotando a import\u00e2ncia do servi\u00e7o das patrulhas para o resgate da dignidade humana das v\u00edtimas de viol\u00eancia dom\u00e9stica em todo o Estado de Minas.<\/p>\n\n\n\n<figure class=\"wp-block-gallery has-nested-images columns-default is-cropped wp-block-gallery-1 is-layout-flex wp-block-gallery-is-layout-flex\">\n<figure class=\"wp-block-image size-large is-style-default\"><img loading=\"lazy\" decoding=\"async\" width=\"600\" height=\"427\" data-id=\"16483\" src=\"https:\/\/diariotribuna.com.br\/wp-content\/uploads\/2022\/08\/b4bd20a8-6e41-4fe3-bd89-01abc0e272f3.jpg\" alt=\"\" class=\"wp-image-16483\" srcset=\"https:\/\/diariotribuna.com.br\/wp-content\/uploads\/2022\/08\/b4bd20a8-6e41-4fe3-bd89-01abc0e272f3.jpg 600w, https:\/\/diariotribuna.com.br\/wp-content\/uploads\/2022\/08\/b4bd20a8-6e41-4fe3-bd89-01abc0e272f3-300x214.jpg 300w, https:\/\/diariotribuna.com.br\/wp-content\/uploads\/2022\/08\/b4bd20a8-6e41-4fe3-bd89-01abc0e272f3-100x70.jpg 100w, https:\/\/diariotribuna.com.br\/wp-content\/uploads\/2022\/08\/b4bd20a8-6e41-4fe3-bd89-01abc0e272f3-590x420.jpg 590w\" sizes=\"(max-width: 600px) 100vw, 600px\" \/><\/figure>\n\n\n\n<figure class=\"wp-block-image size-large is-style-default\"><img loading=\"lazy\" decoding=\"async\" width=\"600\" height=\"418\" data-id=\"16484\" src=\"https:\/\/diariotribuna.com.br\/wp-content\/uploads\/2022\/08\/0ce13ce9-c278-4c2c-ad69-c7d3fb2533ee.jpg\" alt=\"\" class=\"wp-image-16484\" srcset=\"https:\/\/diariotribuna.com.br\/wp-content\/uploads\/2022\/08\/0ce13ce9-c278-4c2c-ad69-c7d3fb2533ee.jpg 600w, https:\/\/diariotribuna.com.br\/wp-content\/uploads\/2022\/08\/0ce13ce9-c278-4c2c-ad69-c7d3fb2533ee-300x209.jpg 300w, https:\/\/diariotribuna.com.br\/wp-content\/uploads\/2022\/08\/0ce13ce9-c278-4c2c-ad69-c7d3fb2533ee-100x70.jpg 100w\" sizes=\"(max-width: 600px) 100vw, 600px\" \/><\/figure>\n<\/figure>\n\n\n\n<p>A equipe PPVD recebeu das m\u00e3os do comandante geral da PMMG, coronel Rodrigo Sousa Rodrigues, e do comandante da 15\u00aa RPM, coronel Sandro Heleno Gomes Ferreira, os seus trof\u00e9us e certificados. Os militares tamb\u00e9m foram agraciados pelo comando geral com um elogio individual, que consiste na maior recompensa concedida pela corpora\u00e7\u00e3o, sendo motivo de orgulho e admira\u00e7\u00e3o do comandante da 232\u00aa Cia, tenente Thalles e toda a sua tropa. (Informa\u00e7\u00f5es\/Fotos: tenente Thalles Dohler Schutte, Cmt. 232\u00aa Cia PM).<\/p>\n","protected":false},"excerpt":{"rendered":"<p>Os militares participaram do concurso &#8220;Boas Pr\u00e1ticas em Preven\u00e7\u00e3o \u00e0 Viol\u00eancia Dom\u00e9stica&#8221;, durante semin\u00e1rio em Belo Horizonte A Patrulha de Preven\u00e7\u00e3o \u00e0 Viol\u00eancia Dom\u00e9stica (PPVD) da 232\u00aa Cia Pol\u00edcia Militar de Novo Cruzeiro, composta pela sargento Tayse e cabo Lopes, durante semin\u00e1rio sobre viol\u00eancia dom\u00e9stica, na quinta-feira (18\/08), conquistou o 3\u00b0 lugar na categoria \u201cAtua\u00e7\u00f5es [&hellip;]<\/p>\n","protected":false},"author":1,"featured_media":16482,"comment_status":"open","ping_status":"open","sticky":false,"template":"","format":"standard","meta":{"rop_custom_images_group":[],"rop_custom_messages_group":[],"rop_publish_now":"initial","rop_publish_now_accounts":[],"rop_publish_now_history":[],"rop_publish_now_status":"pending","footnotes":""},"categories":[25,19],"tags":[789,91,149,76,1414,4715],"class_list":["post-16481","post","type-post","status-publish","format-standard","has-post-thumbnail","hentry","category-destaque","category-gerais","tag-concurso","tag-minas","tag-novo-cruzeiro","tag-policia-militar","tag-ppvd","tag-premio"],"_links":{"self":[{"href":"https:\/\/diariotribuna.com.br\/index.php?rest_route=\/wp\/v2\/posts\/16481"}],"collection":[{"href":"https:\/\/diariotribuna.com.br\/index.php?rest_route=\/wp\/v2\/posts"}],"about":[{"href":"https:\/\/diariotribuna.com.br\/index.php?rest_route=\/wp\/v2\/types\/post"}],"author":[{"embeddable":true,"href":"https:\/\/diariotribuna.com.br\/index.php?rest_route=\/wp\/v2\/users\/1"}],"replies":[{"embeddable":true,"href":"https:\/\/diariotribuna.com.br\/index.php?rest_route=%2Fwp%2Fv2%2Fcomments&post=16481"}],"version-history":[{"count":1,"href":"https:\/\/diariotribuna.com.br\/index.php?rest_route=\/wp\/v2\/posts\/16481\/revisions"}],"predecessor-version":[{"id":16485,"href":"https:\/\/diariotribuna.com.br\/index.php?rest_route=\/wp\/v2\/posts\/16481\/revisions\/16485"}],"wp:featuredmedia":[{"embeddable":true,"href":"https:\/\/diariotribuna.com.br\/index.php?rest_route=\/wp\/v2\/media\/16482"}],"wp:attachment":[{"href":"https:\/\/diariotribuna.com.br\/index.php?rest_route=%2Fwp%2Fv2%2Fmedia&parent=16481"}],"wp:term":[{"taxonomy":"category","embeddable":true,"href":"https:\/\/diariotribuna.com.br\/index.php?rest_route=%2Fwp%2Fv2%2Fcategories&post=16481"},{"taxonomy":"post_tag","embeddable":true,"href":"https:\/\/diariotribuna.com.br\/index.php?rest_route=%2Fwp%2Fv2%2Ftags&post=16481"}],"curies":[{"name":"wp","href":"https:\/\/api.w.org\/{rel}","templated":true}]}}