{"id":16498,"date":"2022-08-24T23:52:36","date_gmt":"2022-08-25T02:52:36","guid":{"rendered":"https:\/\/diariotribuna.com.br\/?p=16498"},"modified":"2022-08-27T23:27:18","modified_gmt":"2022-08-28T02:27:18","slug":"empretec-2022-prepare-se-para-o-seu-ponto-de-virada","status":"publish","type":"post","link":"https:\/\/diariotribuna.com.br\/?p=16498","title":{"rendered":"Empretec 2022: Prepare-se para o seu ponto de virada"},"content":{"rendered":"\n<h2 class=\"wp-block-heading\"><strong><mark style=\"background-color:rgba(0, 0, 0, 0)\" class=\"has-inline-color has-black-color\">Est\u00e1 chegando a hora de dar uma virada na sua carreira e na sua vida<\/mark><\/strong><\/h2>\n\n\n\n<figure class=\"wp-block-image size-full is-resized is-style-default\"><img loading=\"lazy\" decoding=\"async\" src=\"https:\/\/diariotribuna.com.br\/wp-content\/uploads\/2022\/08\/unnamed.png\" alt=\"\" class=\"wp-image-16500\" width=\"547\" height=\"376\" srcset=\"https:\/\/diariotribuna.com.br\/wp-content\/uploads\/2022\/08\/unnamed.png 700w, https:\/\/diariotribuna.com.br\/wp-content\/uploads\/2022\/08\/unnamed-300x206.png 300w, https:\/\/diariotribuna.com.br\/wp-content\/uploads\/2022\/08\/unnamed-100x70.png 100w, https:\/\/diariotribuna.com.br\/wp-content\/uploads\/2022\/08\/unnamed-218x150.png 218w, https:\/\/diariotribuna.com.br\/wp-content\/uploads\/2022\/08\/unnamed-696x478.png 696w, https:\/\/diariotribuna.com.br\/wp-content\/uploads\/2022\/08\/unnamed-611x420.png 611w\" sizes=\"(max-width: 547px) 100vw, 547px\" \/><\/figure>\n\n\n\n<p>Voc\u00ea n\u00e3o pode perder o Empretec, o Semin\u00e1rio de Empreendedorismo da ONU realizado pelo Sebrae que desenvolve o comportamento empreendedor e desperta novas habilidades em 6 dias de uma imers\u00e3o transformadora.<\/p>\n\n\n\n<p>Durante o treinamento, os participantes desenvolvem as dez caracter\u00edsticas essenciais do comportamento empreendedor voltadas para a busca de oportunidades e iniciativas, persist\u00eancia, riscos calculados, qualidade e efici\u00eancia, comprometimento, busca por informa\u00e7\u00f5es, estabelecimento de metas, planejamento e monitoramento sistem\u00e1ticos, persuas\u00e3o e rede de contatos, independ\u00eancia e autoconfian\u00e7a.<\/p>\n\n\n\n<p>\u201cA capacita\u00e7\u00e3o aumenta as chances dos participantes em gerir melhor seus empreendimentos ou iniciar um neg\u00f3cio bem-sucedido. Eles tamb\u00e9m aprendem a identificar o potencial empreendedor, descobrir novas oportunidades de neg\u00f3cios, al\u00e9m de aumentar a rentabilidade de suas empresas\u201d, explica a analista do Sebrae Minas, Deborah Constantino.<\/p>\n\n\n\n<p><strong>DATA:<\/strong> De 11 a 16\/09 em Te\u00f3filo Otoni<\/p>\n\n\n\n<p><strong>Inscri\u00e7\u00f5es at\u00e9:<\/strong> 02\/09<\/p>\n\n\n\n<p><strong>Hor\u00e1rio:<\/strong> 8h \u00e0s 18h<\/p>\n\n\n\n<p><strong>Informa\u00e7\u00f5es:<\/strong> (33) 3086-3615<\/p>\n\n\n\n<p><strong>N\u00e3o perca mais tempo. Inscreva-se<\/strong>, converse com (33) 98832-6017 no WhatsApp.<\/p>\n\n\n\n<h3 class=\"has-text-align-left wp-block-heading\"><strong><strong><mark style=\"background-color:rgba(0, 0, 0, 0)\" class=\"has-inline-color has-black-color\">Veja o depoimento de pessoas que foram transformadas pelo Empretec<\/mark><\/strong><\/strong><\/h3>\n\n\n\n<figure class=\"wp-block-embed is-type-video is-provider-youtube wp-block-embed-youtube wp-embed-aspect-16-9 wp-has-aspect-ratio\"><div class=\"wp-block-embed__wrapper\">\n<iframe loading=\"lazy\" title=\"Depoimento Empreteco \u2013 Alexandre Mattar das Farm\u00e1cias Indiana\" width=\"696\" height=\"392\" src=\"https:\/\/www.youtube.com\/embed\/Ui1LkNz9Nqg?feature=oembed\" frameborder=\"0\" allow=\"accelerometer; autoplay; clipboard-write; encrypted-media; gyroscope; picture-in-picture\" allowfullscreen><\/iframe>\n<\/div><figcaption><mark style=\"background-color:#000000\" class=\"has-inline-color has-white-color\"><strong>Alexandre Mattar &#8211; Diretor Executivo da Rede de Farm\u00e1cias Indiana<\/strong> <\/mark><\/figcaption><\/figure>\n\n\n\n<figure class=\"wp-block-embed is-type-video is-provider-youtube wp-block-embed-youtube wp-embed-aspect-16-9 wp-has-aspect-ratio\"><div class=\"wp-block-embed__wrapper\">\n<iframe loading=\"lazy\" title=\"Depoimento Empreteco - Karine Ramalho da Karine Ramalho Semij\u00f3ias\" width=\"696\" height=\"392\" src=\"https:\/\/www.youtube.com\/embed\/Ey6GehecyTk?feature=oembed\" frameborder=\"0\" allow=\"accelerometer; autoplay; clipboard-write; encrypted-media; gyroscope; picture-in-picture\" allowfullscreen><\/iframe>\n<\/div><figcaption><strong><mark style=\"background-color:#000000\" class=\"has-inline-color has-white-color\">Karine Ramalho &#8211; Karine Ramalho Joias<\/mark><\/strong><\/figcaption><\/figure>\n\n\n\n<figure class=\"wp-block-embed is-type-video is-provider-youtube wp-block-embed-youtube wp-embed-aspect-16-9 wp-has-aspect-ratio\"><div class=\"wp-block-embed__wrapper\">\n<iframe loading=\"lazy\" title=\"Depoimento Empreteco \u2013 Leia da Tok Tok\" width=\"696\" height=\"392\" src=\"https:\/\/www.youtube.com\/embed\/wbw8SG92JSE?feature=oembed\" frameborder=\"0\" allow=\"accelerometer; autoplay; clipboard-write; encrypted-media; gyroscope; picture-in-picture\" allowfullscreen><\/iframe>\n<\/div><figcaption><strong><mark style=\"background-color:#000000\" class=\"has-inline-color has-white-color\">Lucil\u00e9ia Ramos &#8220;L\u00e9ia&#8221; &#8211; Loja TokTok<\/mark><\/strong><\/figcaption><\/figure>\n\n\n\n<p><\/p>\n","protected":false},"excerpt":{"rendered":"<p>Est\u00e1 chegando a hora de dar uma virada na sua carreira e na sua vida Voc\u00ea n\u00e3o pode perder o Empretec, o Semin\u00e1rio de Empreendedorismo da ONU realizado pelo Sebrae que desenvolve o comportamento empreendedor e desperta novas habilidades em 6 dias de uma imers\u00e3o transformadora. Durante o treinamento, os participantes desenvolvem as dez caracter\u00edsticas [&hellip;]<\/p>\n","protected":false},"author":1,"featured_media":16500,"comment_status":"open","ping_status":"open","sticky":false,"template":"","format":"standard","meta":{"rop_custom_images_group":[],"rop_custom_messages_group":[],"rop_publish_now":"initial","rop_publish_now_accounts":[],"rop_publish_now_history":[],"rop_publish_now_status":"pending","footnotes":""},"categories":[17],"tags":[4718,4717,221,75],"class_list":["post-16498","post","type-post","status-publish","format-standard","has-post-thumbnail","hentry","category-teofilootoni","tag-depoimentos","tag-empretec-2022","tag-sindcomercio","tag-teofilo-otoni"],"_links":{"self":[{"href":"https:\/\/diariotribuna.com.br\/index.php?rest_route=\/wp\/v2\/posts\/16498"}],"collection":[{"href":"https:\/\/diariotribuna.com.br\/index.php?rest_route=\/wp\/v2\/posts"}],"about":[{"href":"https:\/\/diariotribuna.com.br\/index.php?rest_route=\/wp\/v2\/types\/post"}],"author":[{"embeddable":true,"href":"https:\/\/diariotribuna.com.br\/index.php?rest_route=\/wp\/v2\/users\/1"}],"replies":[{"embeddable":true,"href":"https:\/\/diariotribuna.com.br\/index.php?rest_route=%2Fwp%2Fv2%2Fcomments&post=16498"}],"version-history":[{"count":7,"href":"https:\/\/diariotribuna.com.br\/index.php?rest_route=\/wp\/v2\/posts\/16498\/revisions"}],"predecessor-version":[{"id":16507,"href":"https:\/\/diariotribuna.com.br\/index.php?rest_route=\/wp\/v2\/posts\/16498\/revisions\/16507"}],"wp:featuredmedia":[{"embeddable":true,"href":"https:\/\/diariotribuna.com.br\/index.php?rest_route=\/wp\/v2\/media\/16500"}],"wp:attachment":[{"href":"https:\/\/diariotribuna.com.br\/index.php?rest_route=%2Fwp%2Fv2%2Fmedia&parent=16498"}],"wp:term":[{"taxonomy":"category","embeddable":true,"href":"https:\/\/diariotribuna.com.br\/index.php?rest_route=%2Fwp%2Fv2%2Fcategories&post=16498"},{"taxonomy":"post_tag","embeddable":true,"href":"https:\/\/diariotribuna.com.br\/index.php?rest_route=%2Fwp%2Fv2%2Ftags&post=16498"}],"curies":[{"name":"wp","href":"https:\/\/api.w.org\/{rel}","templated":true}]}}