{"id":1660,"date":"2020-07-17T01:49:02","date_gmt":"2020-07-17T04:49:02","guid":{"rendered":"https:\/\/diariotribuna.com.br\/?p=1660"},"modified":"2020-07-17T01:49:03","modified_gmt":"2020-07-17T04:49:03","slug":"teofilo-otoni-secretaria-de-saude-confirma-1063-casos-positivos-e-47-obitos-por-covid-19","status":"publish","type":"post","link":"https:\/\/diariotribuna.com.br\/?p=1660","title":{"rendered":"Te\u00f3filo Otoni: Secretaria de Sa\u00fade confirma 1063 casos positivos e 47 \u00f3bitos por Covid-19"},"content":{"rendered":"\n<figure class=\"wp-block-image size-large is-resized\"><img loading=\"lazy\" decoding=\"async\" src=\"https:\/\/diariotribuna.com.br\/wp-content\/uploads\/2020\/07\/Te\u00f3filo-Otoni-4.jpg\" alt=\"\" class=\"wp-image-1661\" width=\"373\" height=\"210\" srcset=\"https:\/\/diariotribuna.com.br\/wp-content\/uploads\/2020\/07\/Te\u00f3filo-Otoni-4.jpg 640w, https:\/\/diariotribuna.com.br\/wp-content\/uploads\/2020\/07\/Te\u00f3filo-Otoni-4-300x169.jpg 300w\" sizes=\"(max-width: 373px) 100vw, 373px\" \/><\/figure>\n\n\n\n<p>A Secretaria Municipal de Sa\u00fade divulgou o boletim epidemiol\u00f3gico Covid-19, desta quinta-feira (16\/07), confirmando 1.063 casos positivos em Te\u00f3filo Otoni, 23 a mais nas \u00faltimas 24 horas. De acordo com a secretaria, dos 1063 casos, 814 pessoas est\u00e3o recuperadas, 10 internadas em ala, 06 em UTI e 186 est\u00e3o em isolamento domiciliar. O boletim confirma ainda o registro de mais um \u00f3bito, totalizando 47.<\/p>\n\n\n\n<p>O <strong>47\u00ba \u00f3bito<\/strong> por complica\u00e7\u00e3o causada pela Covid-19, ocorrido na quarta-feira (08\/07\/2020), trata-se de um homem de 64 anos, que apresentava comorbidades e esteve internado na UPA 24 Horas, onde recebeu toda assist\u00eancia e tratamento necess\u00e1rios. O paciente teve o resultado confirmado por RT-PCR (laborat\u00f3rio) nesta quinta-feira (16\/07).<\/p>\n\n\n\n<p>Dos 429 suspeitos em investiga\u00e7\u00e3o e monitoramento, 421 pessoas est\u00e3o em isolamento domiciliar, 07 internadas em ala, 01 em UTI. Das 6.093 investiga\u00e7\u00f5es conclu\u00eddas, 3.917 foram descartadas por exame laboratorial e 2.176 monitoramentos conclu\u00eddos por crit\u00e9rio cl\u00ednico. At\u00e9 esta data foram feitas 7.585 notifica\u00e7\u00f5es. Das pessoas infectadas, 585 s\u00e3o do sexo feminino e 478 do sexo masculino.<\/p>\n","protected":false},"excerpt":{"rendered":"<p>A Secretaria Municipal de Sa\u00fade divulgou o boletim epidemiol\u00f3gico Covid-19, desta quinta-feira (16\/07), confirmando 1.063 casos positivos em Te\u00f3filo Otoni, 23 a mais nas \u00faltimas 24 horas. De acordo com a secretaria, dos 1063 casos, 814 pessoas est\u00e3o recuperadas, 10 internadas em ala, 06 em UTI e 186 est\u00e3o em isolamento domiciliar. O boletim confirma [&hellip;]<\/p>\n","protected":false},"author":1,"featured_media":1661,"comment_status":"open","ping_status":"open","sticky":false,"template":"","format":"standard","meta":{"rop_custom_images_group":[],"rop_custom_messages_group":[],"rop_publish_now":"initial","rop_publish_now_accounts":[],"rop_publish_now_history":[],"rop_publish_now_status":"pending","footnotes":""},"categories":[192],"tags":[571,489,65,75],"class_list":["post-1660","post","type-post","status-publish","format-standard","has-post-thumbnail","hentry","category-covid19","tag-16-07-2020","tag-boletim-epidemiologico","tag-covid","tag-teofilo-otoni"],"_links":{"self":[{"href":"https:\/\/diariotribuna.com.br\/index.php?rest_route=\/wp\/v2\/posts\/1660"}],"collection":[{"href":"https:\/\/diariotribuna.com.br\/index.php?rest_route=\/wp\/v2\/posts"}],"about":[{"href":"https:\/\/diariotribuna.com.br\/index.php?rest_route=\/wp\/v2\/types\/post"}],"author":[{"embeddable":true,"href":"https:\/\/diariotribuna.com.br\/index.php?rest_route=\/wp\/v2\/users\/1"}],"replies":[{"embeddable":true,"href":"https:\/\/diariotribuna.com.br\/index.php?rest_route=%2Fwp%2Fv2%2Fcomments&post=1660"}],"version-history":[{"count":1,"href":"https:\/\/diariotribuna.com.br\/index.php?rest_route=\/wp\/v2\/posts\/1660\/revisions"}],"predecessor-version":[{"id":1662,"href":"https:\/\/diariotribuna.com.br\/index.php?rest_route=\/wp\/v2\/posts\/1660\/revisions\/1662"}],"wp:featuredmedia":[{"embeddable":true,"href":"https:\/\/diariotribuna.com.br\/index.php?rest_route=\/wp\/v2\/media\/1661"}],"wp:attachment":[{"href":"https:\/\/diariotribuna.com.br\/index.php?rest_route=%2Fwp%2Fv2%2Fmedia&parent=1660"}],"wp:term":[{"taxonomy":"category","embeddable":true,"href":"https:\/\/diariotribuna.com.br\/index.php?rest_route=%2Fwp%2Fv2%2Fcategories&post=1660"},{"taxonomy":"post_tag","embeddable":true,"href":"https:\/\/diariotribuna.com.br\/index.php?rest_route=%2Fwp%2Fv2%2Ftags&post=1660"}],"curies":[{"name":"wp","href":"https:\/\/api.w.org\/{rel}","templated":true}]}}