{"id":1663,"date":"2020-07-17T17:47:40","date_gmt":"2020-07-17T20:47:40","guid":{"rendered":"https:\/\/diariotribuna.com.br\/?p=1663"},"modified":"2020-07-17T17:48:29","modified_gmt":"2020-07-17T20:48:29","slug":"rodrigo-pacheco-assegura-r-5-milhoes-para-o-combate-a-covid-19-nos-vales-do-jequitinhonha-e-mucuri","status":"publish","type":"post","link":"https:\/\/diariotribuna.com.br\/?p=1663","title":{"rendered":"Rodrigo Pacheco assegura R$ 5 milh\u00f5es para o combate \u00e0 Covid-19 nos vales do Jequitinhonha e Mucuri"},"content":{"rendered":"\n<figure class=\"wp-block-image size-large is-resized\"><img loading=\"lazy\" decoding=\"async\" src=\"https:\/\/diariotribuna.com.br\/wp-content\/uploads\/2020\/07\/067819a0-a743-4e3f-8149-83890cd5c7a4.jpg\" alt=\"\" class=\"wp-image-1664\" width=\"493\" height=\"328\" srcset=\"https:\/\/diariotribuna.com.br\/wp-content\/uploads\/2020\/07\/067819a0-a743-4e3f-8149-83890cd5c7a4.jpg 700w, https:\/\/diariotribuna.com.br\/wp-content\/uploads\/2020\/07\/067819a0-a743-4e3f-8149-83890cd5c7a4-300x200.jpg 300w, https:\/\/diariotribuna.com.br\/wp-content\/uploads\/2020\/07\/067819a0-a743-4e3f-8149-83890cd5c7a4-696x463.jpg 696w, https:\/\/diariotribuna.com.br\/wp-content\/uploads\/2020\/07\/067819a0-a743-4e3f-8149-83890cd5c7a4-631x420.jpg 631w\" sizes=\"(max-width: 493px) 100vw, 493px\" \/><\/figure>\n\n\n\n<p><strong>O senador Rodrigo Pacheco (MG), l\u00edder do Democratas<\/strong>, assegurou, nesta quarta- -feira (15), repasse de R$ 5 milh\u00f5es para o combate \u00e0 pandemia do coronav\u00edrus para os munic\u00edpios dos vales do Jequitinhonha e Mucuri. O valor, j\u00e1 depositado nas contas das prefeituras e entidades, faz parte dos recursos extras do Minist\u00e9rio da Sa\u00fade e foi indicado por Pacheco para refor\u00e7ar as a\u00e7\u00f5es de preven\u00e7\u00e3o e enfrentamento da Covid-19 nas cidades mineiras.<\/p>\n\n\n\n<p>Entre os munic\u00edpios contemplados est\u00e3o <strong>Te\u00f3filo Otoni<\/strong>, com R$ 1,5 milh\u00e3o. O recurso foi destinado para o <strong>Hospital Santa Ros\u00e1lia<\/strong>, que atende cerca de 1,2 milh\u00e3o de pacientes de 63 munic\u00edpios dos vales do Mucuri, Alto e M\u00e9dio Jequitinhonha e S\u00e3o Mateus, nas divisas com o Esp\u00edrito Santo e Bahia. Tamb\u00e9m receberam repasses, por indica\u00e7\u00e3o de Pacheco, os munic\u00edpios de Nanuque, no valor de R$ 750 mil; Pedra Azul, R$ 500 mil; e Almenara, Jequitinhonha e Padre Para\u00edso R$ 300 mil, separadamente.<\/p>\n\n\n\n<p>J\u00e1 para Joa\u00edma, Leme do Prado e Medina foram repassados, para cada, R$ 200 mil em recursos indicados pelo senador Pacheco. Os munic\u00edpios de Francisc\u00f3polis, Palm\u00f3polis, Rubim e Salto da Divisa foram contemplados, separadamente, com R$ 100 mil. Com os recursos, as prefeituras poder\u00e3o adquirir medicamentos, insumos, equipamentos, al\u00e9m de contratar servi\u00e7os de sa\u00fade e divulga\u00e7\u00e3o de informa\u00e7\u00f5es \u00e0 popula\u00e7\u00e3o.<\/p>\n\n\n\n<p>Para Rodrigo Pacheco, a situa\u00e7\u00e3o no estado \u00e9 preocupante e, por isso, \u00e9 imprescind\u00edvel unir a\u00e7\u00f5es e esfor\u00e7os, de todos os poderes e da classe pol\u00edtica, para ajudar os munic\u00edpios no enfrentamento dessa crise, que n\u00e3o para de fazer v\u00edtimas. Conforme dados da Secretaria de Estado de Sa\u00fade (SES) da \u00faltima ter\u00e7a-feira (14), 78 mil pessoas foram infectadas com o v\u00edrus e 1.688 morreram em decorr\u00eancia da doen\u00e7a, em Minas.<\/p>\n\n\n\n<p>A indica\u00e7\u00e3o de recursos para a sa\u00fade nos munic\u00edpios \u00e9 mais um compromisso cumprido pelo senador Rodrigo Pacheco. O senador lembra que, mesmo antes da pandemia, a transfer\u00eancia de verbas para as prefeituras sempre foi prioridade do seu mandato, em todas as \u00e1reas. \u201cO momento exige de n\u00f3s, classe pol\u00edtica, governo, lideran\u00e7as locais, a uni\u00e3o de todos os esfor\u00e7os poss\u00edveis e necess\u00e1rios para que o estado e a popula\u00e7\u00e3o sofram o m\u00ednimo poss\u00edvel com as consequ\u00eancias dessa pandemia\u201d, disse o parlamentar.<\/p>\n\n\n\n<p>O senador lembrou que, diante dos problemas econ\u00f4micos que o estado tem vivido, e que refletem negativamente em diferentes \u00e1reas, como sa\u00fade, seguran\u00e7a e educa\u00e7\u00e3o, ele tem lutado, em Bras\u00edlia, para que as prefeituras tenham condi\u00e7\u00f5es de atender as principais reivindica\u00e7\u00f5es da popula\u00e7\u00e3o. \u201cApesar desse momento de crise aguda que o pa\u00eds enfrenta, estamos conseguindo, fruto de nossos esfor\u00e7os no Congresso, buscar recursos e honrar os compromissos com os munic\u00edpios, em todas as \u00e1reas. Os problemas s\u00e3o muitos, mas com os esfor\u00e7os e a uni\u00e3o de todos, iremos conseguir fazer com que o estado volte a ocupar o lugar que sempre mereceu\u201d, destacou Pacheco.<\/p>\n","protected":false},"excerpt":{"rendered":"<p>O senador Rodrigo Pacheco (MG), l\u00edder do Democratas, assegurou, nesta quarta- -feira (15), repasse de R$ 5 milh\u00f5es para o combate \u00e0 pandemia do coronav\u00edrus para os munic\u00edpios dos vales do Jequitinhonha e Mucuri. O valor, j\u00e1 depositado nas contas das prefeituras e entidades, faz parte dos recursos extras do Minist\u00e9rio da Sa\u00fade e foi [&hellip;]<\/p>\n","protected":false},"author":1,"featured_media":1664,"comment_status":"open","ping_status":"open","sticky":false,"template":"","format":"standard","meta":{"rop_custom_images_group":[],"rop_custom_messages_group":[],"rop_publish_now":"initial","rop_publish_now_accounts":[],"rop_publish_now_history":[],"rop_publish_now_status":"pending","footnotes":""},"categories":[25,21],"tags":[586,588,585,584,587],"class_list":["post-1663","post","type-post","status-publish","format-standard","has-post-thumbnail","hentry","category-destaque","category-politica","tag-5-milhoes","tag-combate-a-covid-19","tag-rodrigo-pacheco","tag-senador","tag-vales-jequitinhonha-e-mucuri"],"_links":{"self":[{"href":"https:\/\/diariotribuna.com.br\/index.php?rest_route=\/wp\/v2\/posts\/1663"}],"collection":[{"href":"https:\/\/diariotribuna.com.br\/index.php?rest_route=\/wp\/v2\/posts"}],"about":[{"href":"https:\/\/diariotribuna.com.br\/index.php?rest_route=\/wp\/v2\/types\/post"}],"author":[{"embeddable":true,"href":"https:\/\/diariotribuna.com.br\/index.php?rest_route=\/wp\/v2\/users\/1"}],"replies":[{"embeddable":true,"href":"https:\/\/diariotribuna.com.br\/index.php?rest_route=%2Fwp%2Fv2%2Fcomments&post=1663"}],"version-history":[{"count":2,"href":"https:\/\/diariotribuna.com.br\/index.php?rest_route=\/wp\/v2\/posts\/1663\/revisions"}],"predecessor-version":[{"id":1666,"href":"https:\/\/diariotribuna.com.br\/index.php?rest_route=\/wp\/v2\/posts\/1663\/revisions\/1666"}],"wp:featuredmedia":[{"embeddable":true,"href":"https:\/\/diariotribuna.com.br\/index.php?rest_route=\/wp\/v2\/media\/1664"}],"wp:attachment":[{"href":"https:\/\/diariotribuna.com.br\/index.php?rest_route=%2Fwp%2Fv2%2Fmedia&parent=1663"}],"wp:term":[{"taxonomy":"category","embeddable":true,"href":"https:\/\/diariotribuna.com.br\/index.php?rest_route=%2Fwp%2Fv2%2Fcategories&post=1663"},{"taxonomy":"post_tag","embeddable":true,"href":"https:\/\/diariotribuna.com.br\/index.php?rest_route=%2Fwp%2Fv2%2Ftags&post=1663"}],"curies":[{"name":"wp","href":"https:\/\/api.w.org\/{rel}","templated":true}]}}