{"id":1675,"date":"2020-07-17T23:58:42","date_gmt":"2020-07-18T02:58:42","guid":{"rendered":"https:\/\/diariotribuna.com.br\/?p=1675"},"modified":"2020-07-17T23:58:43","modified_gmt":"2020-07-18T02:58:43","slug":"pm-ambiental-autua-condutor-por-transportar-carga-de-madeira-nativa-sem-documentacao-legal","status":"publish","type":"post","link":"https:\/\/diariotribuna.com.br\/?p=1675","title":{"rendered":"PM Ambiental autua condutor por transportar carga de madeira nativa sem documenta\u00e7\u00e3o legal"},"content":{"rendered":"\n<figure class=\"wp-block-image size-large is-resized\"><img loading=\"lazy\" decoding=\"async\" src=\"https:\/\/diariotribuna.com.br\/wp-content\/uploads\/2020\/07\/84b090a2-6abe-447a-b023-aaee82f66ecd.jpg\" alt=\"\" class=\"wp-image-1676\" width=\"374\" height=\"374\" srcset=\"https:\/\/diariotribuna.com.br\/wp-content\/uploads\/2020\/07\/84b090a2-6abe-447a-b023-aaee82f66ecd.jpg 700w, https:\/\/diariotribuna.com.br\/wp-content\/uploads\/2020\/07\/84b090a2-6abe-447a-b023-aaee82f66ecd-300x300.jpg 300w, https:\/\/diariotribuna.com.br\/wp-content\/uploads\/2020\/07\/84b090a2-6abe-447a-b023-aaee82f66ecd-150x150.jpg 150w, https:\/\/diariotribuna.com.br\/wp-content\/uploads\/2020\/07\/84b090a2-6abe-447a-b023-aaee82f66ecd-696x696.jpg 696w, https:\/\/diariotribuna.com.br\/wp-content\/uploads\/2020\/07\/84b090a2-6abe-447a-b023-aaee82f66ecd-420x420.jpg 420w\" sizes=\"(max-width: 374px) 100vw, 374px\" \/><\/figure>\n\n\n\n<p><strong>Te\u00f3filo Otoni<\/strong> &#8211; A Pol\u00edcia Militar do Meio Ambiente foi acionada na quarta-feira (15\/07), para fazer uma fiscaliza\u00e7\u00e3o de um ve\u00edculo, que estaria transportando uma carga de madeira sem os documentos ambientais obrigat\u00f3rios. Considerando que o ve\u00edculo estava apreendido pela Pol\u00edcia Rodovi\u00e1ria Federal, os militares foram ao p\u00e1tio de apreens\u00e3o de ve\u00edculos da Pol\u00edcia Civil onde o ve\u00edculo se encontrava<\/p>\n\n\n\n<p>O tenente Marco Ant\u00f4nio informou que, \u201cfoi apresentado pelo condutor do ve\u00edculo um Danfe emitido em 07\/07\/2020, bem como a guia florestal para transporte de mat\u00e9ria prima florestal diversa, que ao ser consultado n\u00e3o foi constatada a sua exist\u00eancia, evidenciando assim, ind\u00edcios de falsifica\u00e7\u00e3o, motivo pelo qual o ve\u00edculo ora referenciado e a carga de 40m\u00b3 de madeira nativa das esp\u00e9cies Guajara e Jarana foram apreendidos\u201d. Por contrariarem o disposto no Decreto Estadual 47.383\/2018, os autores foram autuados na quantia de R$ 302.866,56, sendo: o propriet\u00e1rio da carga de madeira na quantia de R$ 151.433,28 e o condutor do ve\u00edculo na quantia de R$ 151.433,28, por co-participa\u00e7\u00e3o. O ve\u00edculo e a carga de madeiras encontram-se apreendidos no p\u00e1tio. (Informa\u00e7\u00f5es\/ Fotos: Tenente Marco Ant\u00f4nio \/ Comandante da 15\u00aa Cia Meio Ambiente &#8211; Te\u00f3filo Otoni).<\/p>\n","protected":false},"excerpt":{"rendered":"<p>Te\u00f3filo Otoni &#8211; A Pol\u00edcia Militar do Meio Ambiente foi acionada na quarta-feira (15\/07), para fazer uma fiscaliza\u00e7\u00e3o de um ve\u00edculo, que estaria transportando uma carga de madeira sem os documentos ambientais obrigat\u00f3rios. Considerando que o ve\u00edculo estava apreendido pela Pol\u00edcia Rodovi\u00e1ria Federal, os militares foram ao p\u00e1tio de apreens\u00e3o de ve\u00edculos da Pol\u00edcia Civil [&hellip;]<\/p>\n","protected":false},"author":1,"featured_media":1676,"comment_status":"open","ping_status":"open","sticky":false,"template":"","format":"standard","meta":{"rop_custom_images_group":[],"rop_custom_messages_group":[],"rop_publish_now":"initial","rop_publish_now_accounts":[],"rop_publish_now_history":[],"rop_publish_now_status":"pending","footnotes":""},"categories":[20],"tags":[593,592,594,591,75],"class_list":["post-1675","post","type-post","status-publish","format-standard","has-post-thumbnail","hentry","category-policia","tag-autuacao","tag-carga-de-madeira","tag-madeira-nativa","tag-pm-ambiental","tag-teofilo-otoni"],"_links":{"self":[{"href":"https:\/\/diariotribuna.com.br\/index.php?rest_route=\/wp\/v2\/posts\/1675"}],"collection":[{"href":"https:\/\/diariotribuna.com.br\/index.php?rest_route=\/wp\/v2\/posts"}],"about":[{"href":"https:\/\/diariotribuna.com.br\/index.php?rest_route=\/wp\/v2\/types\/post"}],"author":[{"embeddable":true,"href":"https:\/\/diariotribuna.com.br\/index.php?rest_route=\/wp\/v2\/users\/1"}],"replies":[{"embeddable":true,"href":"https:\/\/diariotribuna.com.br\/index.php?rest_route=%2Fwp%2Fv2%2Fcomments&post=1675"}],"version-history":[{"count":1,"href":"https:\/\/diariotribuna.com.br\/index.php?rest_route=\/wp\/v2\/posts\/1675\/revisions"}],"predecessor-version":[{"id":1677,"href":"https:\/\/diariotribuna.com.br\/index.php?rest_route=\/wp\/v2\/posts\/1675\/revisions\/1677"}],"wp:featuredmedia":[{"embeddable":true,"href":"https:\/\/diariotribuna.com.br\/index.php?rest_route=\/wp\/v2\/media\/1676"}],"wp:attachment":[{"href":"https:\/\/diariotribuna.com.br\/index.php?rest_route=%2Fwp%2Fv2%2Fmedia&parent=1675"}],"wp:term":[{"taxonomy":"category","embeddable":true,"href":"https:\/\/diariotribuna.com.br\/index.php?rest_route=%2Fwp%2Fv2%2Fcategories&post=1675"},{"taxonomy":"post_tag","embeddable":true,"href":"https:\/\/diariotribuna.com.br\/index.php?rest_route=%2Fwp%2Fv2%2Ftags&post=1675"}],"curies":[{"name":"wp","href":"https:\/\/api.w.org\/{rel}","templated":true}]}}