{"id":16850,"date":"2022-09-20T23:19:39","date_gmt":"2022-09-21T02:19:39","guid":{"rendered":"https:\/\/diariotribuna.com.br\/?p=16850"},"modified":"2022-09-20T23:19:40","modified_gmt":"2022-09-21T02:19:40","slug":"prf-e-ministerio-do-trabalho-e-previdencia-realizam-operacao-em-carvoarias-no-vale-do-jequitinhonha","status":"publish","type":"post","link":"https:\/\/diariotribuna.com.br\/?p=16850","title":{"rendered":"PRF e Minist\u00e9rio do Trabalho e Previd\u00eancia realizam opera\u00e7\u00e3o em carvoarias no Vale do Jequitinhonha"},"content":{"rendered":"\n<figure class=\"wp-block-image size-full is-resized is-style-default\"><img loading=\"lazy\" decoding=\"async\" src=\"https:\/\/diariotribuna.com.br\/wp-content\/uploads\/2022\/09\/7ae62866-3b66-4fb7-90cb-4325ed91dbcf.jpg\" alt=\"\" class=\"wp-image-16851\" width=\"534\" height=\"358\" srcset=\"https:\/\/diariotribuna.com.br\/wp-content\/uploads\/2022\/09\/7ae62866-3b66-4fb7-90cb-4325ed91dbcf.jpg 700w, https:\/\/diariotribuna.com.br\/wp-content\/uploads\/2022\/09\/7ae62866-3b66-4fb7-90cb-4325ed91dbcf-300x201.jpg 300w, https:\/\/diariotribuna.com.br\/wp-content\/uploads\/2022\/09\/7ae62866-3b66-4fb7-90cb-4325ed91dbcf-696x466.jpg 696w, https:\/\/diariotribuna.com.br\/wp-content\/uploads\/2022\/09\/7ae62866-3b66-4fb7-90cb-4325ed91dbcf-627x420.jpg 627w\" sizes=\"(max-width: 534px) 100vw, 534px\" \/><\/figure>\n\n\n\n<p>Nos dias 13 e 14 de setembro de 2022 foi deflagrada uma opera\u00e7\u00e3o de combate ao trabalho escravo e \u00e0s m\u00e1s condi\u00e7\u00f5es de trabalho, com \u00eanfase em carvoarias situadas no Vale do Jequitinhonha. A a\u00e7\u00e3o contou com a participa\u00e7\u00e3o de policiais rodovi\u00e1rios federais e auditores-fiscais do trabalho, do Minist\u00e9rio do Trabalho e Previd\u00eancia. Seis carvoarias, al\u00e9m de outras propriedades rurais, foram fiscalizadas pelos agentes.<\/p>\n\n\n\n<figure class=\"wp-block-image size-full is-resized is-style-default\"><img loading=\"lazy\" decoding=\"async\" src=\"https:\/\/diariotribuna.com.br\/wp-content\/uploads\/2022\/09\/16619602-ab04-4a2b-ad37-294ae21b1136.jpg\" alt=\"\" class=\"wp-image-16852\" width=\"525\" height=\"367\" srcset=\"https:\/\/diariotribuna.com.br\/wp-content\/uploads\/2022\/09\/16619602-ab04-4a2b-ad37-294ae21b1136.jpg 600w, https:\/\/diariotribuna.com.br\/wp-content\/uploads\/2022\/09\/16619602-ab04-4a2b-ad37-294ae21b1136-300x210.jpg 300w, https:\/\/diariotribuna.com.br\/wp-content\/uploads\/2022\/09\/16619602-ab04-4a2b-ad37-294ae21b1136-100x70.jpg 100w\" sizes=\"(max-width: 525px) 100vw, 525px\" \/><\/figure>\n\n\n\n<p>Dezenas de trabalhadores realizavam suas atividades nos locais e diversas irregularidades foram constatadas, tais como: alojamentos desprovidos de banheiros, aus\u00eancia de \u00e1gua pot\u00e1vel para os trabalhadores, falta de equipamentos de prote\u00e7\u00e3o individual fornecidos pelos empregadores e empregados laborando sem Carteira de Trabalho assinada. Os empregadores foram identificados, todos se comprometeram a se adequarem \u00e0 legisla\u00e7\u00e3o trabalhista nos prazos estipulados pelos auditores. (Informa\u00e7\u00f5es\/Fotos: PRF Te\u00f3filo Otoni).<\/p>\n","protected":false},"excerpt":{"rendered":"<p>Nos dias 13 e 14 de setembro de 2022 foi deflagrada uma opera\u00e7\u00e3o de combate ao trabalho escravo e \u00e0s m\u00e1s condi\u00e7\u00f5es de trabalho, com \u00eanfase em carvoarias situadas no Vale do Jequitinhonha. A a\u00e7\u00e3o contou com a participa\u00e7\u00e3o de policiais rodovi\u00e1rios federais e auditores-fiscais do trabalho, do Minist\u00e9rio do Trabalho e Previd\u00eancia. Seis carvoarias, [&hellip;]<\/p>\n","protected":false},"author":1,"featured_media":16851,"comment_status":"open","ping_status":"open","sticky":false,"template":"","format":"standard","meta":{"rop_custom_images_group":[],"rop_custom_messages_group":[],"rop_publish_now":"initial","rop_publish_now_accounts":[],"rop_publish_now_history":[],"rop_publish_now_status":"pending","footnotes":""},"categories":[25,19],"tags":[4793,4792,80,3798,1987,3135],"class_list":["post-16850","post","type-post","status-publish","format-standard","has-post-thumbnail","hentry","category-destaque","category-gerais","tag-carvoarias","tag-mtp","tag-operacao","tag-prf-teofilo-otoni","tag-trabalho-escravo","tag-vale-do-jequitinhonha"],"_links":{"self":[{"href":"https:\/\/diariotribuna.com.br\/index.php?rest_route=\/wp\/v2\/posts\/16850"}],"collection":[{"href":"https:\/\/diariotribuna.com.br\/index.php?rest_route=\/wp\/v2\/posts"}],"about":[{"href":"https:\/\/diariotribuna.com.br\/index.php?rest_route=\/wp\/v2\/types\/post"}],"author":[{"embeddable":true,"href":"https:\/\/diariotribuna.com.br\/index.php?rest_route=\/wp\/v2\/users\/1"}],"replies":[{"embeddable":true,"href":"https:\/\/diariotribuna.com.br\/index.php?rest_route=%2Fwp%2Fv2%2Fcomments&post=16850"}],"version-history":[{"count":1,"href":"https:\/\/diariotribuna.com.br\/index.php?rest_route=\/wp\/v2\/posts\/16850\/revisions"}],"predecessor-version":[{"id":16853,"href":"https:\/\/diariotribuna.com.br\/index.php?rest_route=\/wp\/v2\/posts\/16850\/revisions\/16853"}],"wp:featuredmedia":[{"embeddable":true,"href":"https:\/\/diariotribuna.com.br\/index.php?rest_route=\/wp\/v2\/media\/16851"}],"wp:attachment":[{"href":"https:\/\/diariotribuna.com.br\/index.php?rest_route=%2Fwp%2Fv2%2Fmedia&parent=16850"}],"wp:term":[{"taxonomy":"category","embeddable":true,"href":"https:\/\/diariotribuna.com.br\/index.php?rest_route=%2Fwp%2Fv2%2Fcategories&post=16850"},{"taxonomy":"post_tag","embeddable":true,"href":"https:\/\/diariotribuna.com.br\/index.php?rest_route=%2Fwp%2Fv2%2Ftags&post=16850"}],"curies":[{"name":"wp","href":"https:\/\/api.w.org\/{rel}","templated":true}]}}