{"id":16854,"date":"2022-09-20T23:47:07","date_gmt":"2022-09-21T02:47:07","guid":{"rendered":"https:\/\/diariotribuna.com.br\/?p=16854"},"modified":"2022-09-22T22:50:22","modified_gmt":"2022-09-23T01:50:22","slug":"mpt-em-minas-prorroga-ate-09-10-inscricoes-para-processo-seletivo-de-estagiarios","status":"publish","type":"post","link":"https:\/\/diariotribuna.com.br\/?p=16854","title":{"rendered":"MPT em Minas prorroga, at\u00e9 09\/10, inscri\u00e7\u00f5es para processo seletivo de estagi\u00e1rios"},"content":{"rendered":"\n<p><strong><em>Estudantes de gradua\u00e7\u00e3o de oito \u00e1reas poder\u00e3o se inscrever at\u00e9 9 de outubro<\/em><\/strong><\/p>\n\n\n\n<figure class=\"wp-block-image size-full is-resized is-style-default\"><img loading=\"lazy\" decoding=\"async\" src=\"https:\/\/diariotribuna.com.br\/wp-content\/uploads\/2022\/09\/Estagio_2022_-_Banner_Site_22-1.png\" alt=\"\" class=\"wp-image-16856\" width=\"560\" height=\"314\" srcset=\"https:\/\/diariotribuna.com.br\/wp-content\/uploads\/2022\/09\/Estagio_2022_-_Banner_Site_22-1.png 700w, https:\/\/diariotribuna.com.br\/wp-content\/uploads\/2022\/09\/Estagio_2022_-_Banner_Site_22-1-300x168.png 300w, https:\/\/diariotribuna.com.br\/wp-content\/uploads\/2022\/09\/Estagio_2022_-_Banner_Site_22-1-696x391.png 696w\" sizes=\"(max-width: 560px) 100vw, 560px\" \/><\/figure>\n\n\n\n<p><strong>Belo Horizonte (MG) &#8211; <\/strong>O Minist\u00e9rio P\u00fablico do Trabalho em Minas Gerais (MPT-MG) prorrogou, at\u00e9 9 de outubro de 2022, o prazo de inscri\u00e7\u00f5es para o processo seletivo de estagi\u00e1rios para cursos de gradua\u00e7\u00e3o das seguintes \u00e1reas e localidades: &#8211; Direito: Sede (Belo Horizonte) e Procuradorias do Trabalho nos munic\u00edpios de Coronel Fabriciano, Divin\u00f3polis, Governador Valadares, Montes Claros, Patos de Minas, Te\u00f3filo Otoni, Uberl\u00e2ndia e Varginha. &#8211; Administra\u00e7\u00e3o \/ Gest\u00e3o P\u00fablica; \u00c1reas relacionadas \u00e0 Tecnologia da Informa\u00e7\u00e3o; Ci\u00eancias Cont\u00e1beis; Direito; Engenharia (Ambiental, Civil, de Produ\u00e7\u00e3o, de Seguran\u00e7a do Trabalho e El\u00e9trica); Jornalismo\/Comunica\u00e7\u00e3o Social: apenas Sede (Belo Horizonte).<\/p>\n\n\n\n<p><strong>A data prevista para a prova \u00e9 25 de outubro.<\/strong> O certame oferece vagas para provimento imediato e para forma\u00e7\u00e3o de cadastro de reserva para contrata\u00e7\u00f5es ao longo de sua validade, que \u00e9 de um ano, podendo ser prorrogada at\u00e9 o limite de dois anos.<\/p>\n\n\n\n<p><strong>Os interessados poder\u00e3o se inscrever, at\u00e9 09\/10\/2022, gratuitamente, no site do MPT, preenchendo o formul\u00e1rio de inscri\u00e7\u00e3o com as informa\u00e7\u00f5es solicitadas. <\/strong>Ap\u00f3s o preenchimento do formul\u00e1rio, a PRT 3\u00aa Regi\u00e3o enviar\u00e1 ao(\u00e0) candidato(a) mensagem eletr\u00f4nica\/e-mail que dever\u00e1 ser respondida com a anexa\u00e7\u00e3o dos documentos digitalizados em formato PDF, conforme rela\u00e7\u00e3o constante do edital. Somente poder\u00e3o concorrer \u00e0s vagas os alunos regularmente matriculados nas institui\u00e7\u00f5es de ensino conveniadas com o MPT em Minas.<\/p>\n\n\n\n<p>O processo seletivo consistir\u00e1 na aplica\u00e7\u00e3o de provas objetivas e discursivas. As provas ser\u00e3o realizadas em ambiente virtual, por plataforma a ser indicada oportunamente. Os interessados dever\u00e3o atender aos requisitos listados no edital, dentre eles: portar dispositivo (desktop ou notebook) com acesso \u00e0 Internet, webcam e microfone. Utilizar, necessariamente, o sistema operacional Windows 10, devidamente atualizado e o navegador Internet Google Chrome ou vers\u00f5es mais recentes do Microsoft Edge Chromium. O candidato poder\u00e1 utilizar tablet, desde que compat\u00edvel com o sistema de aplica\u00e7\u00e3o da prova.<\/p>\n\n\n\n<p>S\u00e3o reservadas 20% das vagas para candidatos com defici\u00eancia, 10% para os participantes do Sistema de Cotas para Minorias \u00c9tnico-Raciais e 30% das vagas para negros. A bolsa mensal \u00e9 de R$ 976,00 reais, mais aux\u00edlio-transporte. O estagi\u00e1rio ter\u00e1 que cumprir jornada de 20 horas semanais, obedecendo o hor\u00e1rio de funcionamento da PRT 3\u00aa Regi\u00e3o. Para outras informa\u00e7\u00f5es, entre em contato com a Comiss\u00e3o do Processo Seletivo, por meio do e-mail: prt03.concursoestagio@mpt.mp.br ou por telefone (31) 3304-6212 \/ 3304-6163 \/ 3304-6213). (Assessoria de Comunica\u00e7\u00e3o\/ Minist\u00e9rio P\u00fablico do Trabalho\/MG).<\/p>\n","protected":false},"excerpt":{"rendered":"<p>Estudantes de gradua\u00e7\u00e3o de oito \u00e1reas poder\u00e3o se inscrever at\u00e9 9 de outubro Belo Horizonte (MG) &#8211; O Minist\u00e9rio P\u00fablico do Trabalho em Minas Gerais (MPT-MG) prorrogou, at\u00e9 9 de outubro de 2022, o prazo de inscri\u00e7\u00f5es para o processo seletivo de estagi\u00e1rios para cursos de gradua\u00e7\u00e3o das seguintes \u00e1reas e localidades: &#8211; Direito: Sede [&hellip;]<\/p>\n","protected":false},"author":1,"featured_media":16856,"comment_status":"open","ping_status":"open","sticky":false,"template":"","format":"standard","meta":{"rop_custom_images_group":[],"rop_custom_messages_group":[],"rop_publish_now":"initial","rop_publish_now_accounts":[],"rop_publish_now_history":[],"rop_publish_now_status":"pending","footnotes":""},"categories":[19],"tags":[4795,2070,4127,4794,2529],"class_list":["post-16854","post","type-post","status-publish","format-standard","has-post-thumbnail","hentry","category-gerais","tag-estagiarios","tag-inscricoes","tag-mptmg","tag-processo-seletivo","tag-prorrogacao"],"_links":{"self":[{"href":"https:\/\/diariotribuna.com.br\/index.php?rest_route=\/wp\/v2\/posts\/16854"}],"collection":[{"href":"https:\/\/diariotribuna.com.br\/index.php?rest_route=\/wp\/v2\/posts"}],"about":[{"href":"https:\/\/diariotribuna.com.br\/index.php?rest_route=\/wp\/v2\/types\/post"}],"author":[{"embeddable":true,"href":"https:\/\/diariotribuna.com.br\/index.php?rest_route=\/wp\/v2\/users\/1"}],"replies":[{"embeddable":true,"href":"https:\/\/diariotribuna.com.br\/index.php?rest_route=%2Fwp%2Fv2%2Fcomments&post=16854"}],"version-history":[{"count":3,"href":"https:\/\/diariotribuna.com.br\/index.php?rest_route=\/wp\/v2\/posts\/16854\/revisions"}],"predecessor-version":[{"id":16860,"href":"https:\/\/diariotribuna.com.br\/index.php?rest_route=\/wp\/v2\/posts\/16854\/revisions\/16860"}],"wp:featuredmedia":[{"embeddable":true,"href":"https:\/\/diariotribuna.com.br\/index.php?rest_route=\/wp\/v2\/media\/16856"}],"wp:attachment":[{"href":"https:\/\/diariotribuna.com.br\/index.php?rest_route=%2Fwp%2Fv2%2Fmedia&parent=16854"}],"wp:term":[{"taxonomy":"category","embeddable":true,"href":"https:\/\/diariotribuna.com.br\/index.php?rest_route=%2Fwp%2Fv2%2Fcategories&post=16854"},{"taxonomy":"post_tag","embeddable":true,"href":"https:\/\/diariotribuna.com.br\/index.php?rest_route=%2Fwp%2Fv2%2Ftags&post=16854"}],"curies":[{"name":"wp","href":"https:\/\/api.w.org\/{rel}","templated":true}]}}