{"id":16870,"date":"2022-09-22T22:35:09","date_gmt":"2022-09-23T01:35:09","guid":{"rendered":"https:\/\/diariotribuna.com.br\/?p=16870"},"modified":"2022-09-22T22:35:10","modified_gmt":"2022-09-23T01:35:10","slug":"prf-realiza-acoes-de-educacao-para-o-transito-em-escolas-municipais-de-teofilo-otoni","status":"publish","type":"post","link":"https:\/\/diariotribuna.com.br\/?p=16870","title":{"rendered":"PRF realiza a\u00e7\u00f5es de educa\u00e7\u00e3o para o tr\u00e2nsito em escolas municipais de Te\u00f3filo Otoni"},"content":{"rendered":"\n<figure class=\"wp-block-image size-full is-resized is-style-default\"><img loading=\"lazy\" decoding=\"async\" src=\"https:\/\/diariotribuna.com.br\/wp-content\/uploads\/2022\/09\/3-2.jpg\" alt=\"\" class=\"wp-image-16871\" width=\"505\" height=\"379\" srcset=\"https:\/\/diariotribuna.com.br\/wp-content\/uploads\/2022\/09\/3-2.jpg 700w, https:\/\/diariotribuna.com.br\/wp-content\/uploads\/2022\/09\/3-2-300x225.jpg 300w, https:\/\/diariotribuna.com.br\/wp-content\/uploads\/2022\/09\/3-2-80x60.jpg 80w, https:\/\/diariotribuna.com.br\/wp-content\/uploads\/2022\/09\/3-2-265x198.jpg 265w, https:\/\/diariotribuna.com.br\/wp-content\/uploads\/2022\/09\/3-2-696x522.jpg 696w, https:\/\/diariotribuna.com.br\/wp-content\/uploads\/2022\/09\/3-2-560x420.jpg 560w\" sizes=\"(max-width: 505px) 100vw, 505px\" \/><\/figure>\n\n\n\n<p>Entre os dias 08 e 16 de setembro de 2022, o Grupo de Educa\u00e7\u00e3o para o Tr\u00e2nsito (GETRAN) de Te\u00f3filo Otoni compareceu \u00e0s escolas municipais Sid\u00f4nio Ottoni e Irm\u00e3 Maria Am\u00e1lia, em Te\u00f3filo Otoni, para ministrar palestras sobre Educa\u00e7\u00e3o para o Tr\u00e2nsito. 1.398 alunos acompanharam as palestras. Os encontros tamb\u00e9m tiveram a presen\u00e7a do \u201cPatrulhinha\u201d, mascote da PRF, que fez a alegria da crian\u00e7ada.<\/p>\n\n\n\n<p>Na ocasi\u00e3o, foram passadas informa\u00e7\u00f5es sobre a atua\u00e7\u00e3o da PRF no tr\u00e2nsito e no combate \u00e0 criminalidade, o correto uso do cinto de seguran\u00e7a, a import\u00e2ncia do uso do capacete para ciclistas e motociclistas, os cuidados na travessia da faixa de pedestre, os impactos do uso do celular para o pedestre e para o condutor de ve\u00edculos, as condutas positivas no tr\u00e2nsito, os acidentes, suas causas e consequ\u00eancias. Durante as a\u00e7\u00f5es nas escolas, teve tamb\u00e9m a participa\u00e7\u00e3o conjunta com o Corpo de Bombeiros.<\/p>\n\n\n\n<div class=\"wp-block-group is-nowrap is-layout-flex wp-container-core-group-is-layout-3 wp-block-group-is-layout-flex\">\n<div class=\"wp-block-group\"><div class=\"wp-block-group__inner-container is-layout-flow wp-block-group-is-layout-flow\">\n<div class=\"wp-block-group\"><div class=\"wp-block-group__inner-container is-layout-flow wp-block-group-is-layout-flow\">\n<figure class=\"wp-block-gallery has-nested-images columns-2 is-cropped wp-block-gallery-1 is-layout-flex wp-block-gallery-is-layout-flex\">\n<figure class=\"wp-block-image size-large is-style-default\"><img loading=\"lazy\" decoding=\"async\" width=\"600\" height=\"455\" src=\"https:\/\/diariotribuna.com.br\/wp-content\/uploads\/2022\/09\/4-2.jpg\" alt=\"\" class=\"wp-image-16874\" srcset=\"https:\/\/diariotribuna.com.br\/wp-content\/uploads\/2022\/09\/4-2.jpg 600w, https:\/\/diariotribuna.com.br\/wp-content\/uploads\/2022\/09\/4-2-300x228.jpg 300w, https:\/\/diariotribuna.com.br\/wp-content\/uploads\/2022\/09\/4-2-80x60.jpg 80w, https:\/\/diariotribuna.com.br\/wp-content\/uploads\/2022\/09\/4-2-554x420.jpg 554w\" sizes=\"(max-width: 600px) 100vw, 600px\" \/><\/figure>\n\n\n\n<figure class=\"wp-block-image size-large is-style-default\"><img loading=\"lazy\" decoding=\"async\" width=\"600\" height=\"405\" src=\"https:\/\/diariotribuna.com.br\/wp-content\/uploads\/2022\/09\/2-4.jpg\" alt=\"\" class=\"wp-image-16873\" srcset=\"https:\/\/diariotribuna.com.br\/wp-content\/uploads\/2022\/09\/2-4.jpg 600w, https:\/\/diariotribuna.com.br\/wp-content\/uploads\/2022\/09\/2-4-300x203.jpg 300w\" sizes=\"(max-width: 600px) 100vw, 600px\" \/><\/figure>\n\n\n\n<figure class=\"wp-block-image size-large is-style-default\"><img loading=\"lazy\" decoding=\"async\" width=\"600\" height=\"413\" src=\"https:\/\/diariotribuna.com.br\/wp-content\/uploads\/2022\/09\/5-2.jpg\" alt=\"\" class=\"wp-image-16875\" srcset=\"https:\/\/diariotribuna.com.br\/wp-content\/uploads\/2022\/09\/5-2.jpg 600w, https:\/\/diariotribuna.com.br\/wp-content\/uploads\/2022\/09\/5-2-300x207.jpg 300w, https:\/\/diariotribuna.com.br\/wp-content\/uploads\/2022\/09\/5-2-100x70.jpg 100w, https:\/\/diariotribuna.com.br\/wp-content\/uploads\/2022\/09\/5-2-218x150.jpg 218w\" sizes=\"(max-width: 600px) 100vw, 600px\" \/><\/figure>\n\n\n\n<figure class=\"wp-block-image size-large is-style-default\"><img loading=\"lazy\" decoding=\"async\" width=\"600\" height=\"398\" src=\"https:\/\/diariotribuna.com.br\/wp-content\/uploads\/2022\/09\/1-3.jpg\" alt=\"\" class=\"wp-image-16872\" srcset=\"https:\/\/diariotribuna.com.br\/wp-content\/uploads\/2022\/09\/1-3.jpg 600w, https:\/\/diariotribuna.com.br\/wp-content\/uploads\/2022\/09\/1-3-300x199.jpg 300w\" sizes=\"(max-width: 600px) 100vw, 600px\" \/><\/figure>\n<\/figure>\n<\/div><\/div>\n<\/div><\/div>\n<\/div>\n\n\n\n<p>As palestras fazem parte do cronograma da Semana Nacional de Tr\u00e2nsito, objetivando incentivar a sociedade na pr\u00e1tica de um tr\u00e2nsito mais seguro. Por isso, durante todo o m\u00eas de setembro, a PRF far\u00e1 a\u00e7\u00f5es educativas, dentre elas visitas a escolas, comandos de fiscaliza\u00e7\u00e3o tem\u00e1ticos e cinema rodovi\u00e1rio, com objetivo de atingir todos os p\u00fablicos poss\u00edveis: crian\u00e7as, adolescentes e adultos. (Informa\u00e7\u00f5es\/Fotos: PRF Te\u00f3filo Otoni).<\/p>\n","protected":false},"excerpt":{"rendered":"<p>Entre os dias 08 e 16 de setembro de 2022, o Grupo de Educa\u00e7\u00e3o para o Tr\u00e2nsito (GETRAN) de Te\u00f3filo Otoni compareceu \u00e0s escolas municipais Sid\u00f4nio Ottoni e Irm\u00e3 Maria Am\u00e1lia, em Te\u00f3filo Otoni, para ministrar palestras sobre Educa\u00e7\u00e3o para o Tr\u00e2nsito. 1.398 alunos acompanharam as palestras. Os encontros tamb\u00e9m tiveram a presen\u00e7a do \u201cPatrulhinha\u201d, [&hellip;]<\/p>\n","protected":false},"author":1,"featured_media":16871,"comment_status":"open","ping_status":"open","sticky":false,"template":"","format":"standard","meta":{"rop_custom_images_group":[],"rop_custom_messages_group":[],"rop_publish_now":"initial","rop_publish_now_accounts":[],"rop_publish_now_history":[],"rop_publish_now_status":"pending","footnotes":""},"categories":[25,19],"tags":[],"class_list":["post-16870","post","type-post","status-publish","format-standard","has-post-thumbnail","hentry","category-destaque","category-gerais"],"_links":{"self":[{"href":"https:\/\/diariotribuna.com.br\/index.php?rest_route=\/wp\/v2\/posts\/16870"}],"collection":[{"href":"https:\/\/diariotribuna.com.br\/index.php?rest_route=\/wp\/v2\/posts"}],"about":[{"href":"https:\/\/diariotribuna.com.br\/index.php?rest_route=\/wp\/v2\/types\/post"}],"author":[{"embeddable":true,"href":"https:\/\/diariotribuna.com.br\/index.php?rest_route=\/wp\/v2\/users\/1"}],"replies":[{"embeddable":true,"href":"https:\/\/diariotribuna.com.br\/index.php?rest_route=%2Fwp%2Fv2%2Fcomments&post=16870"}],"version-history":[{"count":1,"href":"https:\/\/diariotribuna.com.br\/index.php?rest_route=\/wp\/v2\/posts\/16870\/revisions"}],"predecessor-version":[{"id":16876,"href":"https:\/\/diariotribuna.com.br\/index.php?rest_route=\/wp\/v2\/posts\/16870\/revisions\/16876"}],"wp:featuredmedia":[{"embeddable":true,"href":"https:\/\/diariotribuna.com.br\/index.php?rest_route=\/wp\/v2\/media\/16871"}],"wp:attachment":[{"href":"https:\/\/diariotribuna.com.br\/index.php?rest_route=%2Fwp%2Fv2%2Fmedia&parent=16870"}],"wp:term":[{"taxonomy":"category","embeddable":true,"href":"https:\/\/diariotribuna.com.br\/index.php?rest_route=%2Fwp%2Fv2%2Fcategories&post=16870"},{"taxonomy":"post_tag","embeddable":true,"href":"https:\/\/diariotribuna.com.br\/index.php?rest_route=%2Fwp%2Fv2%2Ftags&post=16870"}],"curies":[{"name":"wp","href":"https:\/\/api.w.org\/{rel}","templated":true}]}}