{"id":16884,"date":"2022-09-23T15:08:10","date_gmt":"2022-09-23T18:08:10","guid":{"rendered":"https:\/\/diariotribuna.com.br\/?p=16884"},"modified":"2022-09-23T15:25:45","modified_gmt":"2022-09-23T18:25:45","slug":"see-mg-emite-nota-sobre-agressao-sofrida-por-diretora-em-teofilo-otoni","status":"publish","type":"post","link":"https:\/\/diariotribuna.com.br\/?p=16884","title":{"rendered":"SEE\/MG emite nota sobre agress\u00e3o sofrida por diretora em Te\u00f3filo Otoni"},"content":{"rendered":"\n<h3 class=\"wp-block-heading\"><strong><strong>Aluno de 16 anos agrediu a diretora da Escola Estadual de Liberdade da Lajinha com um soco no rosto<\/strong><\/strong><\/h3>\n\n\n\n<figure class=\"wp-block-image size-full is-resized is-style-default\"><img loading=\"lazy\" decoding=\"async\" src=\"https:\/\/diariotribuna.com.br\/wp-content\/uploads\/2022\/09\/1-4.jpg\" alt=\"\" class=\"wp-image-16885\" width=\"615\" height=\"374\" srcset=\"https:\/\/diariotribuna.com.br\/wp-content\/uploads\/2022\/09\/1-4.jpg 700w, https:\/\/diariotribuna.com.br\/wp-content\/uploads\/2022\/09\/1-4-300x182.jpg 300w, https:\/\/diariotribuna.com.br\/wp-content\/uploads\/2022\/09\/1-4-696x423.jpg 696w, https:\/\/diariotribuna.com.br\/wp-content\/uploads\/2022\/09\/1-4-692x420.jpg 692w\" sizes=\"(max-width: 615px) 100vw, 615px\" \/><figcaption><strong>A diretora escolar foi agredida com um soco na face, causando um<\/strong> <strong>corte<\/strong><br><strong>na testa, um hematoma pr\u00f3ximo ao olho esquerdo, e um corte no nariz<\/strong><\/figcaption><\/figure>\n\n\n\n<p><strong>Te\u00f3filo Otoni \u2013<\/strong> A Pol\u00edcia Militar foi acionada na quarta-feira (21\/09) para registro de uma agress\u00e3o dentro da Escola Estadual da Liberdade, na BR 116, lajinha, em Te\u00f3filo Otoni. Um aluno de 16 anos agrediu com um soco no rosto, a diretora da escola, 61 anos. A diretora disse que, por volta das 9h30, durante o recreio, houve um desentendimento com agress\u00f5es m\u00fatuas, entre quatro alunas, de 13 a 17, fato que teria sido motivado por fofocas entre as menores, dentro da escola.<\/p>\n\n\n\n<p>A diretora disse que deparou com as menores atracadas, e que as de 16 e 17 anos, estavam por cima da de 13, e houve a interven\u00e7\u00e3o dela e de funcion\u00e1rias levando as envolvidas para a diretoria. E, momentos depois o aluno do 9\u00ba ano, de 16 anos, em defesa da namorada de 17, queria entrar para agredir a aluna de 13, e ao ser impedido que ele agredisse a aluna, ele desferiu um soco na face da diretora, causando um corte na testa, um hematoma pr\u00f3ximo ao olho esquerdo, e um corte no nariz, depois saiu do local proferindo xingamentos.<\/p>\n\n\n\n<p>Testemunhas que presenciaram os fatos envolvendo principalmente o aluno e a diretora, afirmaram que n\u00e3o houve nenhuma agress\u00e3o da diretora contra o aluno, que esta que foi agredida injustamente por ele. As menores passaram suas vers\u00f5es sobre o ocorrido aos militares. Uma equipe do Samu esteve no local e prestou o atendimento \u00e0 diretora v\u00edtima de les\u00e3o corporal, os militares fizeram dilig\u00eancias e conseguiram localizar e apreender o menor agressor, que durante a abordagem, tentou fugir, teve que ser algemado e colocado na viatura.<\/p>\n\n\n\n<p>A diretora acrescentou ainda, que o aluno \u00e9 problem\u00e1tico no educand\u00e1rio, com v\u00e1rias ocorr\u00eancias na escola, incorrendo em indisciplinas, brigas, amea\u00e7as e desacatos, e que ele teria dito que iria causar um massacre na escola, e que devido a esses acontecimentos, tanto os alunos como os funcion\u00e1rios est\u00e3o aterrorizados. E ela pensa que tal aluno n\u00e3o pode permanecer na escola, e que j\u00e1 estaria inclusive tomando as devidas provid\u00eancias.<\/p>\n\n\n\n<p>Segundo a PM, o menor disse que ap\u00f3s o ocorrido envolvendo a sua namorada, foi at\u00e9 a diretoria para saber o que teria acontecido, que tentaram impedir a sua entrada, mas que conseguindo adentrar foi contido e empurrado, momento em que indignado, desferiu um soco no rosto da diretora da escola, saindo em seguida do local para a sua resid\u00eancia. A diretora manifestou o interesse de representa\u00e7\u00e3o imediata, comparecendo na delegacia de Pol\u00edcia Civil, juntamente com as testemunhas oculares. Acompanhado do pai, o menor agressor foi apresentado na delegacia. (Informa\u00e7\u00f5es: PMMG\/ Foto: cedida por Victor Couy). <\/p>\n\n\n\n<h2 class=\"wp-block-heading\"><strong>Nota da Secretaria de Estado da Educa\u00e7\u00e3o &#8211; Minas Gerais<\/strong><\/h2>\n\n\n\n<p>Sobre o caso de agress\u00e3o \u00e0 diretora da Escola Estadual de Liberdade da Lajinha, em Te\u00f3filo Otoni, na manh\u00e3 desta \u00faltima quarta-feira, dia 21 de setembro, a Secretaria de Estado de Educa\u00e7\u00e3o de Minas Gerais informa que a equipe de inspe\u00e7\u00e3o escolar da Superintend\u00eancia Regional de Ensino de Te\u00f3filo Otoni, respons\u00e1vel pela circunscri\u00e7\u00e3o, esteve nesta \u00faltima quinta-feira, na unidade apurando e acompanhando o caso para tomar as medidas administrativas cab\u00edveis. A diretora registrou um boletim de ocorr\u00eancia, fez representa\u00e7\u00e3o e exame de corpo de delito.<\/p>\n\n\n\n<p>O caso est\u00e1 sendo investigado pelos \u00f3rg\u00e3os de seguran\u00e7a competentes. A fam\u00edlia do estudante envolvido ser\u00e1 chamada para debater as provid\u00eancias a serem tomadas. O Conselho Tutelar j\u00e1 havia sido acionado pela unidade escolar para acompanhar o adolescente. A Secretaria de Estado de Educa\u00e7\u00e3o de Minas Gerais desenvolve e estimula a realiza\u00e7\u00e3o de a\u00e7\u00f5es de combate a viol\u00eancia no \u00e2mbito escolar, al\u00e9m de contar com parcerias e iniciativas dessa tem\u00e1tica como programas de conviv\u00eancia democr\u00e1tica. O tema da viol\u00eancia, inclusive a viol\u00eancia contra a mulher, tamb\u00e9m \u00e9 tratado de forma transversal nos conte\u00fados curriculares obrigat\u00f3rios. Atenciosamente, SEE.<\/p>\n","protected":false},"excerpt":{"rendered":"<p>Aluno de 16 anos agrediu a diretora da Escola Estadual de Liberdade da Lajinha com um soco no rosto Te\u00f3filo Otoni \u2013 A Pol\u00edcia Militar foi acionada na quarta-feira (21\/09) para registro de uma agress\u00e3o dentro da Escola Estadual da Liberdade, na BR 116, lajinha, em Te\u00f3filo Otoni. Um aluno de 16 anos agrediu com [&hellip;]<\/p>\n","protected":false},"author":1,"featured_media":16885,"comment_status":"open","ping_status":"open","sticky":false,"template":"","format":"standard","meta":{"rop_custom_images_group":[],"rop_custom_messages_group":[],"rop_publish_now":"initial","rop_publish_now_accounts":[],"rop_publish_now_history":[],"rop_publish_now_status":"pending","footnotes":""},"categories":[25,19],"tags":[792,349,188,76,75],"class_list":["post-16884","post","type-post","status-publish","format-standard","has-post-thumbnail","hentry","category-destaque","category-gerais","tag-agressao","tag-escola","tag-menor","tag-policia-militar","tag-teofilo-otoni"],"_links":{"self":[{"href":"https:\/\/diariotribuna.com.br\/index.php?rest_route=\/wp\/v2\/posts\/16884"}],"collection":[{"href":"https:\/\/diariotribuna.com.br\/index.php?rest_route=\/wp\/v2\/posts"}],"about":[{"href":"https:\/\/diariotribuna.com.br\/index.php?rest_route=\/wp\/v2\/types\/post"}],"author":[{"embeddable":true,"href":"https:\/\/diariotribuna.com.br\/index.php?rest_route=\/wp\/v2\/users\/1"}],"replies":[{"embeddable":true,"href":"https:\/\/diariotribuna.com.br\/index.php?rest_route=%2Fwp%2Fv2%2Fcomments&post=16884"}],"version-history":[{"count":2,"href":"https:\/\/diariotribuna.com.br\/index.php?rest_route=\/wp\/v2\/posts\/16884\/revisions"}],"predecessor-version":[{"id":16887,"href":"https:\/\/diariotribuna.com.br\/index.php?rest_route=\/wp\/v2\/posts\/16884\/revisions\/16887"}],"wp:featuredmedia":[{"embeddable":true,"href":"https:\/\/diariotribuna.com.br\/index.php?rest_route=\/wp\/v2\/media\/16885"}],"wp:attachment":[{"href":"https:\/\/diariotribuna.com.br\/index.php?rest_route=%2Fwp%2Fv2%2Fmedia&parent=16884"}],"wp:term":[{"taxonomy":"category","embeddable":true,"href":"https:\/\/diariotribuna.com.br\/index.php?rest_route=%2Fwp%2Fv2%2Fcategories&post=16884"},{"taxonomy":"post_tag","embeddable":true,"href":"https:\/\/diariotribuna.com.br\/index.php?rest_route=%2Fwp%2Fv2%2Ftags&post=16884"}],"curies":[{"name":"wp","href":"https:\/\/api.w.org\/{rel}","templated":true}]}}