{"id":1689,"date":"2020-07-19T00:25:38","date_gmt":"2020-07-19T03:25:38","guid":{"rendered":"https:\/\/diariotribuna.com.br\/?p=1689"},"modified":"2020-07-19T00:25:40","modified_gmt":"2020-07-19T03:25:40","slug":"prf-de-teofilo-otoni-atua-firme-no-combate-a-sonegacao-fiscal","status":"publish","type":"post","link":"https:\/\/diariotribuna.com.br\/?p=1689","title":{"rendered":"PRF de Te\u00f3filo Otoni atua firme no combate \u00e0 sonega\u00e7\u00e3o fiscal"},"content":{"rendered":"\n<figure class=\"wp-block-image size-large is-resized\"><img loading=\"lazy\" decoding=\"async\" src=\"https:\/\/diariotribuna.com.br\/wp-content\/uploads\/2020\/07\/898fef1b-2045-4605-b27d-b5e82abeb7ef.jpg\" alt=\"\" class=\"wp-image-1690\" width=\"472\" height=\"264\" srcset=\"https:\/\/diariotribuna.com.br\/wp-content\/uploads\/2020\/07\/898fef1b-2045-4605-b27d-b5e82abeb7ef.jpg 700w, https:\/\/diariotribuna.com.br\/wp-content\/uploads\/2020\/07\/898fef1b-2045-4605-b27d-b5e82abeb7ef-300x168.jpg 300w, https:\/\/diariotribuna.com.br\/wp-content\/uploads\/2020\/07\/898fef1b-2045-4605-b27d-b5e82abeb7ef-696x391.jpg 696w\" sizes=\"(max-width: 472px) 100vw, 472px\" \/><\/figure>\n\n\n\n<p>Agentes da Pol\u00edcia Rodovi\u00e1ria Federal em servi\u00e7o na unidade operacional de Te\u00f3filo Otoni, no s\u00e1bado (11\/07), abordaram dois conjuntos transportadores da cidade de Serra\/ ES, ambos com carregamento de cerveja tendo como destino, o interior do estado do Rio de Janeiro.<\/p>\n\n\n\n<p>Na an\u00e1lise \u00e0 documenta\u00e7\u00e3o fiscal apresentada aos policiais, eles observaram diverg\u00eancias nos dados inseridos, uma vez que, conforme descri\u00e7\u00e3o, o carregamento foi comercializado por um estabelecimento do tipo mini-mercado, sediado na cidade de Fortaleza\/CE, com autoriza\u00e7\u00e3o fiscal para a venda na modalidade varejista, por\u00e9m, emitiu 02 notas fiscais para as cargas fiscalizadas pela PRF, que somadas, ultrapassam o valor de R$ 250.000,00. A PRF confeccionou a ocorr\u00eancia e encaminhou \u00e0 Secretaria Estadual de Fazenda unidade de Te\u00f3filo Otoni. A carga ficou retida at\u00e9 a regulariza\u00e7\u00e3o. (Informa\u00e7\u00f5es\/Fotos: PRF \u2013 Te\u00f3filo Otoni).<\/p>\n","protected":false},"excerpt":{"rendered":"<p>Agentes da Pol\u00edcia Rodovi\u00e1ria Federal em servi\u00e7o na unidade operacional de Te\u00f3filo Otoni, no s\u00e1bado (11\/07), abordaram dois conjuntos transportadores da cidade de Serra\/ ES, ambos com carregamento de cerveja tendo como destino, o interior do estado do Rio de Janeiro. Na an\u00e1lise \u00e0 documenta\u00e7\u00e3o fiscal apresentada aos policiais, eles observaram diverg\u00eancias nos dados inseridos, [&hellip;]<\/p>\n","protected":false},"author":1,"featured_media":1690,"comment_status":"open","ping_status":"open","sticky":false,"template":"","format":"standard","meta":{"rop_custom_images_group":[],"rop_custom_messages_group":[],"rop_publish_now":"initial","rop_publish_now_accounts":[],"rop_publish_now_history":[],"rop_publish_now_status":"pending","footnotes":""},"categories":[25,20],"tags":[599,184,75],"class_list":["post-1689","post","type-post","status-publish","format-standard","has-post-thumbnail","hentry","category-destaque","category-policia","tag-combate-sonegacao-fiscal","tag-prf","tag-teofilo-otoni"],"_links":{"self":[{"href":"https:\/\/diariotribuna.com.br\/index.php?rest_route=\/wp\/v2\/posts\/1689"}],"collection":[{"href":"https:\/\/diariotribuna.com.br\/index.php?rest_route=\/wp\/v2\/posts"}],"about":[{"href":"https:\/\/diariotribuna.com.br\/index.php?rest_route=\/wp\/v2\/types\/post"}],"author":[{"embeddable":true,"href":"https:\/\/diariotribuna.com.br\/index.php?rest_route=\/wp\/v2\/users\/1"}],"replies":[{"embeddable":true,"href":"https:\/\/diariotribuna.com.br\/index.php?rest_route=%2Fwp%2Fv2%2Fcomments&post=1689"}],"version-history":[{"count":1,"href":"https:\/\/diariotribuna.com.br\/index.php?rest_route=\/wp\/v2\/posts\/1689\/revisions"}],"predecessor-version":[{"id":1691,"href":"https:\/\/diariotribuna.com.br\/index.php?rest_route=\/wp\/v2\/posts\/1689\/revisions\/1691"}],"wp:featuredmedia":[{"embeddable":true,"href":"https:\/\/diariotribuna.com.br\/index.php?rest_route=\/wp\/v2\/media\/1690"}],"wp:attachment":[{"href":"https:\/\/diariotribuna.com.br\/index.php?rest_route=%2Fwp%2Fv2%2Fmedia&parent=1689"}],"wp:term":[{"taxonomy":"category","embeddable":true,"href":"https:\/\/diariotribuna.com.br\/index.php?rest_route=%2Fwp%2Fv2%2Fcategories&post=1689"},{"taxonomy":"post_tag","embeddable":true,"href":"https:\/\/diariotribuna.com.br\/index.php?rest_route=%2Fwp%2Fv2%2Ftags&post=1689"}],"curies":[{"name":"wp","href":"https:\/\/api.w.org\/{rel}","templated":true}]}}