{"id":1692,"date":"2020-07-19T00:31:22","date_gmt":"2020-07-19T03:31:22","guid":{"rendered":"https:\/\/diariotribuna.com.br\/?p=1692"},"modified":"2020-07-19T00:31:24","modified_gmt":"2020-07-19T03:31:24","slug":"justica-condena-envolvidos-na-operacao-doce-amargo-em-teofilo-otoni","status":"publish","type":"post","link":"https:\/\/diariotribuna.com.br\/?p=1692","title":{"rendered":"Justi\u00e7a condena envolvidos na Opera\u00e7\u00e3o Doce Amargo em Te\u00f3filo Otoni"},"content":{"rendered":"\n<figure class=\"wp-block-image size-large is-resized\"><img loading=\"lazy\" decoding=\"async\" src=\"https:\/\/diariotribuna.com.br\/wp-content\/uploads\/2020\/07\/Screenshot_2018-02-06-11-44-06-C\u00f3pia.png\" alt=\"\" class=\"wp-image-1693\" width=\"394\" height=\"371\" srcset=\"https:\/\/diariotribuna.com.br\/wp-content\/uploads\/2020\/07\/Screenshot_2018-02-06-11-44-06-C\u00f3pia.png 700w, https:\/\/diariotribuna.com.br\/wp-content\/uploads\/2020\/07\/Screenshot_2018-02-06-11-44-06-C\u00f3pia-300x283.png 300w, https:\/\/diariotribuna.com.br\/wp-content\/uploads\/2020\/07\/Screenshot_2018-02-06-11-44-06-C\u00f3pia-696x656.png 696w, https:\/\/diariotribuna.com.br\/wp-content\/uploads\/2020\/07\/Screenshot_2018-02-06-11-44-06-C\u00f3pia-445x420.png 445w\" sizes=\"(max-width: 394px) 100vw, 394px\" \/><figcaption><strong>Opera\u00e7\u00e3o Doce Amargo deflagrada pela Pol\u00edcia Civil em Te\u00f3filo Otoni<\/strong><\/figcaption><\/figure>\n\n\n\n<p>A justi\u00e7a de 1\u00aa inst\u00e2ncia condenou tr\u00eas envolvidos na Opera\u00e7\u00e3o Doce Amargo em Te\u00f3filo Otoni, deflagrada pela Pol\u00edcia Civil, em 06 de fevereiro de 2018. O Juiz de Direito, dr. R\u00eaidric Victor da Silveira Cond\u00e9 Neiva e Silva julgou parcialmente procedente a pretens\u00e3o condenat\u00f3ria veiculada na den\u00fancia do MP para condenar os tr\u00eas:<\/p>\n\n\n\n<p>Herlon Amos Gomes de Oliveira \u00e0 pena de deten\u00e7\u00e3o: 6 anos, 6 meses e 22 dias de deten\u00e7\u00e3o em regime inicial semiaberto. Pena multa: 30 dias-multa, cada dia no valor de 1\/10 do sal\u00e1rio m\u00ednimo, al\u00e9m de multa de R$211.458,00 (esta \u00faltima destinada ao Munic\u00edpio de Te\u00f3filo Otoni).<\/p>\n\n\n\n<p>Emanuela Rodrigues Martins \u00e0 pena de deten\u00e7\u00e3o: 6 anos, 6 meses e 22 dias de deten\u00e7\u00e3o em regime inicial semiaberto. Pena de multa: 14 dias- -multa, cada dia no valor de 1\/10 do sal\u00e1rio-m\u00ednimo, al\u00e9m de multa de R$158.593,50 (esta \u00faltima destinada ao Munic\u00edpio de Te\u00f3filo Otoni).<\/p>\n\n\n\n<p>Samuel Rodrigues Martins \u00e0 pena de deten\u00e7\u00e3o: 5 anos de deten\u00e7\u00e3o em regime inicial semiaberto. Pena multa: 34 dias-multa, cada dia no valor de 1\/10 do sal\u00e1rio m\u00ednimo, al\u00e9m de multa de R$105.729,00 (esta \u00faltima destinada ao Munic\u00edpio de Te\u00f3filo Otoni). Das considera\u00e7\u00f5es finais, \u201cn\u00e3o h\u00e1 motivos para o encarceramento dos r\u00e9us, que est\u00e3o soltos e podem permanecer at\u00e9 o cumprimento de pena, n\u00e3o havendo not\u00edcia nos autos da necessidade de tal cautelar, lembrando que s\u00e3o prim\u00e1rios\u201d. Cabe recurso.<\/p>\n","protected":false},"excerpt":{"rendered":"<p>A justi\u00e7a de 1\u00aa inst\u00e2ncia condenou tr\u00eas envolvidos na Opera\u00e7\u00e3o Doce Amargo em Te\u00f3filo Otoni, deflagrada pela Pol\u00edcia Civil, em 06 de fevereiro de 2018. O Juiz de Direito, dr. R\u00eaidric Victor da Silveira Cond\u00e9 Neiva e Silva julgou parcialmente procedente a pretens\u00e3o condenat\u00f3ria veiculada na den\u00fancia do MP para condenar os tr\u00eas: Herlon Amos [&hellip;]<\/p>\n","protected":false},"author":1,"featured_media":1693,"comment_status":"open","ping_status":"open","sticky":false,"template":"","format":"standard","meta":{"rop_custom_images_group":[],"rop_custom_messages_group":[],"rop_publish_now":"initial","rop_publish_now_accounts":[],"rop_publish_now_history":[],"rop_publish_now_status":"pending","footnotes":""},"categories":[25,17],"tags":[601,600,292,75],"class_list":["post-1692","post","type-post","status-publish","format-standard","has-post-thumbnail","hentry","category-destaque","category-teofilootoni","tag-doce-amargo","tag-justica","tag-policia-civil","tag-teofilo-otoni"],"_links":{"self":[{"href":"https:\/\/diariotribuna.com.br\/index.php?rest_route=\/wp\/v2\/posts\/1692"}],"collection":[{"href":"https:\/\/diariotribuna.com.br\/index.php?rest_route=\/wp\/v2\/posts"}],"about":[{"href":"https:\/\/diariotribuna.com.br\/index.php?rest_route=\/wp\/v2\/types\/post"}],"author":[{"embeddable":true,"href":"https:\/\/diariotribuna.com.br\/index.php?rest_route=\/wp\/v2\/users\/1"}],"replies":[{"embeddable":true,"href":"https:\/\/diariotribuna.com.br\/index.php?rest_route=%2Fwp%2Fv2%2Fcomments&post=1692"}],"version-history":[{"count":1,"href":"https:\/\/diariotribuna.com.br\/index.php?rest_route=\/wp\/v2\/posts\/1692\/revisions"}],"predecessor-version":[{"id":1694,"href":"https:\/\/diariotribuna.com.br\/index.php?rest_route=\/wp\/v2\/posts\/1692\/revisions\/1694"}],"wp:featuredmedia":[{"embeddable":true,"href":"https:\/\/diariotribuna.com.br\/index.php?rest_route=\/wp\/v2\/media\/1693"}],"wp:attachment":[{"href":"https:\/\/diariotribuna.com.br\/index.php?rest_route=%2Fwp%2Fv2%2Fmedia&parent=1692"}],"wp:term":[{"taxonomy":"category","embeddable":true,"href":"https:\/\/diariotribuna.com.br\/index.php?rest_route=%2Fwp%2Fv2%2Fcategories&post=1692"},{"taxonomy":"post_tag","embeddable":true,"href":"https:\/\/diariotribuna.com.br\/index.php?rest_route=%2Fwp%2Fv2%2Ftags&post=1692"}],"curies":[{"name":"wp","href":"https:\/\/api.w.org\/{rel}","templated":true}]}}