{"id":1695,"date":"2020-07-19T00:48:10","date_gmt":"2020-07-19T03:48:10","guid":{"rendered":"https:\/\/diariotribuna.com.br\/?p=1695"},"modified":"2020-07-19T00:48:11","modified_gmt":"2020-07-19T03:48:11","slug":"menor-de-15-anos-e-morto-em-via-publica-na-cidade-de-aguas-formosas-2","status":"publish","type":"post","link":"https:\/\/diariotribuna.com.br\/?p=1695","title":{"rendered":"Menor de 15 anos \u00e9 morto em via p\u00fablica na cidade de \u00c1guas Formosas"},"content":{"rendered":"\n<figure class=\"wp-block-gallery columns-2 is-cropped wp-block-gallery-1 is-layout-flex wp-block-gallery-is-layout-flex\"><ul class=\"blocks-gallery-grid\"><li class=\"blocks-gallery-item\"><figure><img loading=\"lazy\" decoding=\"async\" width=\"700\" height=\"702\" src=\"https:\/\/diariotribuna.com.br\/wp-content\/uploads\/2020\/07\/2-12.jpg\" alt=\"\" data-id=\"1702\" data-full-url=\"https:\/\/diariotribuna.com.br\/wp-content\/uploads\/2020\/07\/2-12.jpg\" data-link=\"https:\/\/diariotribuna.com.br\/?attachment_id=1702\" class=\"wp-image-1702\" srcset=\"https:\/\/diariotribuna.com.br\/wp-content\/uploads\/2020\/07\/2-12.jpg 700w, https:\/\/diariotribuna.com.br\/wp-content\/uploads\/2020\/07\/2-12-300x300.jpg 300w, https:\/\/diariotribuna.com.br\/wp-content\/uploads\/2020\/07\/2-12-150x150.jpg 150w, https:\/\/diariotribuna.com.br\/wp-content\/uploads\/2020\/07\/2-12-696x698.jpg 696w, https:\/\/diariotribuna.com.br\/wp-content\/uploads\/2020\/07\/2-12-419x420.jpg 419w\" sizes=\"(max-width: 700px) 100vw, 700px\" \/><\/figure><\/li><li class=\"blocks-gallery-item\"><figure><img loading=\"lazy\" decoding=\"async\" width=\"700\" height=\"525\" src=\"https:\/\/diariotribuna.com.br\/wp-content\/uploads\/2020\/07\/1-17.jpg\" alt=\"\" data-id=\"1701\" data-full-url=\"https:\/\/diariotribuna.com.br\/wp-content\/uploads\/2020\/07\/1-17.jpg\" data-link=\"https:\/\/diariotribuna.com.br\/?attachment_id=1701\" class=\"wp-image-1701\" srcset=\"https:\/\/diariotribuna.com.br\/wp-content\/uploads\/2020\/07\/1-17.jpg 700w, https:\/\/diariotribuna.com.br\/wp-content\/uploads\/2020\/07\/1-17-300x225.jpg 300w, https:\/\/diariotribuna.com.br\/wp-content\/uploads\/2020\/07\/1-17-80x60.jpg 80w, https:\/\/diariotribuna.com.br\/wp-content\/uploads\/2020\/07\/1-17-265x198.jpg 265w, https:\/\/diariotribuna.com.br\/wp-content\/uploads\/2020\/07\/1-17-696x522.jpg 696w, https:\/\/diariotribuna.com.br\/wp-content\/uploads\/2020\/07\/1-17-560x420.jpg 560w\" sizes=\"(max-width: 700px) 100vw, 700px\" \/><\/figure><\/li><\/ul><\/figure>\n\n\n\n<p>A Pol\u00edcia Militar foi acionada na madrugada de quarta-feira (15\/07), a comparecer na Rua Manoel Viana, Bairro Bela Vista, em \u00c1guas Formosas, onde ocorreu um homic\u00eddio vitimando o menor de 15 anos, Andr\u00e9 Nunes de Jesus. No local, os militares depararam com Andr\u00e9 deitado, com sangue e perfura\u00e7\u00f5es por disparo de arma de fogo na cabe\u00e7a e nas costas. A PM acionou o Samu para prestar socorro, mas a equipe constatou que a v\u00edtima morreu no local.<\/p>\n\n\n\n<p>O local do crime foi isolado e preservado, at\u00e9 a chegada da equipe da per\u00edcia de Nanuque. Ap\u00f3s os trabalhos periciais o corpo de Andr\u00e9 foi removido ao IML de Te\u00f3filo Otoni para ser necropsiado. A PM recebeu informa\u00e7\u00e3o do nome de um homem de 36 anos, como sendo ele o poss\u00edvel autor do crime, por ter tido um desentendimento com a v\u00edtima em 16\/06\/2020, conforme registro policial.<\/p>\n\n\n\n<p>Durante a confec\u00e7\u00e3o da ocorr\u00eancia, o suspeito compareceu espontaneamente ao quartel da PM, e questionado das den\u00fancias, ele respondeu que no \u00faltimo dia 16 de junho, teria sido v\u00edtima de disparo de arma de fogo por parte de Andr\u00e9, que ele permaneceu internado e em tratamento por aproximadamente uma semana, mas n\u00e3o teria nenhum tipo de envolvimento com o homic\u00eddio ocorrido nesta data.<\/p>\n\n\n\n<p>Disse que procurou a Pol\u00edcia Civil local, para que medidas cautelares de interna\u00e7\u00e3o contra Andr\u00e9 fossem tomadas. A pol\u00edcia continua com rastreamentos pra tentar identificar envolvidos no homic\u00eddio, causas e circunst\u00e2ncias do crime. (Informa\u00e7\u00f5es: BO\/PMMG).<\/p>\n","protected":false},"excerpt":{"rendered":"<p>A Pol\u00edcia Militar foi acionada na madrugada de quarta-feira (15\/07), a comparecer na Rua Manoel Viana, Bairro Bela Vista, em \u00c1guas Formosas, onde ocorreu um homic\u00eddio vitimando o menor de 15 anos, Andr\u00e9 Nunes de Jesus. No local, os militares depararam com Andr\u00e9 deitado, com sangue e perfura\u00e7\u00f5es por disparo de arma de fogo na [&hellip;]<\/p>\n","protected":false},"author":1,"featured_media":1701,"comment_status":"open","ping_status":"open","sticky":false,"template":"","format":"standard","meta":{"rop_custom_images_group":[],"rop_custom_messages_group":[],"rop_publish_now":"initial","rop_publish_now_accounts":[],"rop_publish_now_history":[],"rop_publish_now_status":"pending","footnotes":""},"categories":[20],"tags":[590,107,188],"class_list":["post-1695","post","type-post","status-publish","format-standard","has-post-thumbnail","hentry","category-policia","tag-aguas-formosas","tag-homicidio","tag-menor"],"_links":{"self":[{"href":"https:\/\/diariotribuna.com.br\/index.php?rest_route=\/wp\/v2\/posts\/1695"}],"collection":[{"href":"https:\/\/diariotribuna.com.br\/index.php?rest_route=\/wp\/v2\/posts"}],"about":[{"href":"https:\/\/diariotribuna.com.br\/index.php?rest_route=\/wp\/v2\/types\/post"}],"author":[{"embeddable":true,"href":"https:\/\/diariotribuna.com.br\/index.php?rest_route=\/wp\/v2\/users\/1"}],"replies":[{"embeddable":true,"href":"https:\/\/diariotribuna.com.br\/index.php?rest_route=%2Fwp%2Fv2%2Fcomments&post=1695"}],"version-history":[{"count":1,"href":"https:\/\/diariotribuna.com.br\/index.php?rest_route=\/wp\/v2\/posts\/1695\/revisions"}],"predecessor-version":[{"id":1703,"href":"https:\/\/diariotribuna.com.br\/index.php?rest_route=\/wp\/v2\/posts\/1695\/revisions\/1703"}],"wp:featuredmedia":[{"embeddable":true,"href":"https:\/\/diariotribuna.com.br\/index.php?rest_route=\/wp\/v2\/media\/1701"}],"wp:attachment":[{"href":"https:\/\/diariotribuna.com.br\/index.php?rest_route=%2Fwp%2Fv2%2Fmedia&parent=1695"}],"wp:term":[{"taxonomy":"category","embeddable":true,"href":"https:\/\/diariotribuna.com.br\/index.php?rest_route=%2Fwp%2Fv2%2Fcategories&post=1695"},{"taxonomy":"post_tag","embeddable":true,"href":"https:\/\/diariotribuna.com.br\/index.php?rest_route=%2Fwp%2Fv2%2Ftags&post=1695"}],"curies":[{"name":"wp","href":"https:\/\/api.w.org\/{rel}","templated":true}]}}