{"id":1716,"date":"2020-07-19T16:44:16","date_gmt":"2020-07-19T19:44:16","guid":{"rendered":"https:\/\/diariotribuna.com.br\/?p=1716"},"modified":"2020-07-19T16:47:27","modified_gmt":"2020-07-19T19:47:27","slug":"filha-que-mantinha-pai-em-carcere-privado-tem-habeas-corpus-negado","status":"publish","type":"post","link":"https:\/\/diariotribuna.com.br\/?p=1716","title":{"rendered":"Filha que mantinha pai em c\u00e1rcere privado tem habeas corpus negado"},"content":{"rendered":"\n<p>Defesa alegou que ela \u00e9 diab\u00e9tica e integra grupo de risco da covid-19<\/p>\n\n\n\n<figure class=\"wp-block-image size-large is-resized\"><img loading=\"lazy\" decoding=\"async\" src=\"https:\/\/diariotribuna.com.br\/wp-content\/uploads\/2020\/07\/unnamed-22.jpg\" alt=\"\" class=\"wp-image-1717\" width=\"438\" height=\"291\" srcset=\"https:\/\/diariotribuna.com.br\/wp-content\/uploads\/2020\/07\/unnamed-22.jpg 700w, https:\/\/diariotribuna.com.br\/wp-content\/uploads\/2020\/07\/unnamed-22-300x200.jpg 300w, https:\/\/diariotribuna.com.br\/wp-content\/uploads\/2020\/07\/unnamed-22-696x463.jpg 696w, https:\/\/diariotribuna.com.br\/wp-content\/uploads\/2020\/07\/unnamed-22-631x420.jpg 631w\" sizes=\"(max-width: 438px) 100vw, 438px\" \/><figcaption><strong>Filha mantinha pai em c\u00e1rcere privado e praticava viol\u00eancia f\u00edsica e verbal contra ele<\/strong><\/figcaption><\/figure>\n\n\n\n<p>A 1\u00aa C\u00e2mara Criminal do Tribunal de Justi\u00e7a de Minas Gerais (TJMG) decidiu manter presa preventivamente uma mulher que mantinha seu pai idoso em c\u00e1rcere privado.<\/p>\n\n\n\n<p>Em maio de 2020, a filha foi presa em flagrante pela suposta pr\u00e1tica do crime previsto no artigo 148 do C\u00f3digo Penal: \u2018\u2019Privar algu\u00e9m de sua liberdade, mediante sequestro ou c\u00e1rcere privado\u2019\u2019.<\/p>\n\n\n\n<p>Ela proibia seu genitor de sair do apartamento onde moravam, limitava o contato dele com os demais familiares e o agredia f\u00edsica e verbalmente, al\u00e9m de ter se apossado do dinheiro de sua aposentadoria.<\/p>\n\n\n\n<p>Em primeira inst\u00e2ncia, o juiz da Vara de Inqu\u00e9ritos da comarca de Belo Horizonte decretou a pris\u00e3o preventiva da mulher. A defesa recorreu e impetrou um pedido de&nbsp;<em>habeas<\/em>&nbsp;<em>corpus<\/em>, alegando que a pris\u00e3o era ilegal, por aus\u00eancia dos requisitos do artigo 132 do C\u00f3digo de Processo Penal, que diz que a pris\u00e3o s\u00f3 pode ser decretada quando houver prova da exist\u00eancia do crime e ind\u00edcio suficiente de autoria.<\/p>\n\n\n\n<p>Al\u00e9m disso, alegou a defesa, a r\u00e9 \u00e9 portadora de diabetes e se enquadra no grupo de risco da covid-19 definido pelo Minist\u00e9rio da Sa\u00fade, devendo ser solta, conforme determina\u00e7\u00f5es da&nbsp;<a href=\"https:\/\/yraawiytiinerle.i-mpr.com\/link.php?code=bDpodHRwJTNBJTJGJTJGd3d3OC50am1nLmp1cy5iciUyRmluc3RpdHVjaW9uYWwlMkZhdCUyRnBkZiUyRnBjMDk0ODIwMjAucGRmOjE1NDc0MTA5MDM6dHJpYnVuYWRvbXVjdXJpQGdtYWlsLmNvbTo1Mzk3NmE=\" target=\"_blank\" rel=\"noreferrer noopener\">Portaria Conjunta n\u00ba 949\/PR\/2020<\/a>&nbsp;.<\/p>\n\n\n\n<p><strong>Decis\u00e3o<\/strong>  &#8211; No entendimento do relator, desembargador Wanderley Paiva, \u2018\u2019n\u00e3o restou demonstrado que a liberdade da paciente, neste momento, ocasionar\u00e1 perturba\u00e7\u00f5es \u00e0 ordem p\u00fablica, \u00e0 ordem econ\u00f4mica, que prejudicar\u00e1 a instru\u00e7\u00e3o criminal, ou que colocar\u00e1 em risco a aplica\u00e7\u00e3o da lei penal\u2019\u2019.<\/p>\n\n\n\n<p>Ele acrescentou que, por sua condi\u00e7\u00e3o de sa\u00fade, a mulher correria risco se continuasse encarcerada e disse que o preso tamb\u00e9m tem direito \u00e0 sa\u00fade, e a sua dignidade humana deve ser respeitada. Sendo assim, decidiu revogar o pedido de pris\u00e3o preventiva.<\/p>\n\n\n\n<p>No entanto, a desembargadora K\u00e1rin Emmerich discordou do voto do relator, argumentando que a medida cautelar \u00e9 de extrema necessidade, ao levar em conta a gravidade do acontecimento.<\/p>\n\n\n\n<p>A desembargadora concluiu, dizendo que o eventual risco de cont\u00e1gio por covid-19 no c\u00e1rcere n\u00e3o se sustenta, j\u00e1 que a filha n\u00e3o comprovou ser portadora de diabetes, mas determinou que ela receba a medica\u00e7\u00e3o necess\u00e1ria enquanto estiver presa.<\/p>\n\n\n\n<p>Assim, a desembargadora K\u00e1rin Emmerich indeferiu o pedido de&nbsp;<em>habeas&nbsp;<\/em><em>corpus<\/em>. Ela foi acompanhada pelo desembargador Edison Feital Leite.<\/p>\n\n\n\n<p><strong>Assessoria de Comunica\u00e7\u00e3o Institucional &#8211; Ascom<\/strong><br><strong>Tribunal de Justi\u00e7a de Minas Gerais &#8211; TJMG<\/strong><\/p>\n","protected":false},"excerpt":{"rendered":"<p>Defesa alegou que ela \u00e9 diab\u00e9tica e integra grupo de risco da covid-19 A 1\u00aa C\u00e2mara Criminal do Tribunal de Justi\u00e7a de Minas Gerais (TJMG) decidiu manter presa preventivamente uma mulher que mantinha seu pai idoso em c\u00e1rcere privado. Em maio de 2020, a filha foi presa em flagrante pela suposta pr\u00e1tica do crime previsto [&hellip;]<\/p>\n","protected":false},"author":1,"featured_media":1717,"comment_status":"open","ping_status":"open","sticky":false,"template":"","format":"standard","meta":{"rop_custom_images_group":[],"rop_custom_messages_group":[],"rop_publish_now":"initial","rop_publish_now_accounts":[],"rop_publish_now_history":[],"rop_publish_now_status":"pending","footnotes":""},"categories":[31],"tags":[606,607,70,608,53],"class_list":["post-1716","post","type-post","status-publish","format-standard","has-post-thumbnail","hentry","category-juridico","tag-carcere-privado","tag-filha","tag-minas-gerais","tag-pai","tag-tjmg"],"_links":{"self":[{"href":"https:\/\/diariotribuna.com.br\/index.php?rest_route=\/wp\/v2\/posts\/1716"}],"collection":[{"href":"https:\/\/diariotribuna.com.br\/index.php?rest_route=\/wp\/v2\/posts"}],"about":[{"href":"https:\/\/diariotribuna.com.br\/index.php?rest_route=\/wp\/v2\/types\/post"}],"author":[{"embeddable":true,"href":"https:\/\/diariotribuna.com.br\/index.php?rest_route=\/wp\/v2\/users\/1"}],"replies":[{"embeddable":true,"href":"https:\/\/diariotribuna.com.br\/index.php?rest_route=%2Fwp%2Fv2%2Fcomments&post=1716"}],"version-history":[{"count":2,"href":"https:\/\/diariotribuna.com.br\/index.php?rest_route=\/wp\/v2\/posts\/1716\/revisions"}],"predecessor-version":[{"id":1720,"href":"https:\/\/diariotribuna.com.br\/index.php?rest_route=\/wp\/v2\/posts\/1716\/revisions\/1720"}],"wp:featuredmedia":[{"embeddable":true,"href":"https:\/\/diariotribuna.com.br\/index.php?rest_route=\/wp\/v2\/media\/1717"}],"wp:attachment":[{"href":"https:\/\/diariotribuna.com.br\/index.php?rest_route=%2Fwp%2Fv2%2Fmedia&parent=1716"}],"wp:term":[{"taxonomy":"category","embeddable":true,"href":"https:\/\/diariotribuna.com.br\/index.php?rest_route=%2Fwp%2Fv2%2Fcategories&post=1716"},{"taxonomy":"post_tag","embeddable":true,"href":"https:\/\/diariotribuna.com.br\/index.php?rest_route=%2Fwp%2Fv2%2Ftags&post=1716"}],"curies":[{"name":"wp","href":"https:\/\/api.w.org\/{rel}","templated":true}]}}