{"id":1721,"date":"2020-07-19T16:58:15","date_gmt":"2020-07-19T19:58:15","guid":{"rendered":"https:\/\/diariotribuna.com.br\/?p=1721"},"modified":"2020-07-19T16:58:17","modified_gmt":"2020-07-19T19:58:17","slug":"romeu-zema-se-reune-com-empresarios-para-debater-atualizacoes-do-plano-minas-consciente","status":"publish","type":"post","link":"https:\/\/diariotribuna.com.br\/?p=1721","title":{"rendered":"Romeu Zema se re\u00fane com empres\u00e1rios para debater atualiza\u00e7\u00f5es do plano Minas Consciente"},"content":{"rendered":"\n<p><em>Objetivo \u00e9 entender as necessidades de cada setor para criar protocolos que garantam o resgate econ\u00f4mico e a sa\u00fade popular<\/em><\/p>\n\n\n\n<figure class=\"wp-block-gallery columns-3 is-cropped wp-block-gallery-1 is-layout-flex wp-block-gallery-is-layout-flex\"><ul class=\"blocks-gallery-grid\"><li class=\"blocks-gallery-item\"><figure><img loading=\"lazy\" decoding=\"async\" width=\"800\" height=\"533\" src=\"https:\/\/diariotribuna.com.br\/wp-content\/uploads\/2020\/07\/MG_2345.jpg\" alt=\"\" data-id=\"1722\" data-full-url=\"https:\/\/diariotribuna.com.br\/wp-content\/uploads\/2020\/07\/MG_2345.jpg\" data-link=\"https:\/\/diariotribuna.com.br\/?attachment_id=1722\" class=\"wp-image-1722\" srcset=\"https:\/\/diariotribuna.com.br\/wp-content\/uploads\/2020\/07\/MG_2345.jpg 800w, https:\/\/diariotribuna.com.br\/wp-content\/uploads\/2020\/07\/MG_2345-300x200.jpg 300w, https:\/\/diariotribuna.com.br\/wp-content\/uploads\/2020\/07\/MG_2345-768x512.jpg 768w, https:\/\/diariotribuna.com.br\/wp-content\/uploads\/2020\/07\/MG_2345-696x464.jpg 696w, https:\/\/diariotribuna.com.br\/wp-content\/uploads\/2020\/07\/MG_2345-630x420.jpg 630w\" sizes=\"(max-width: 800px) 100vw, 800px\" \/><\/figure><\/li><li class=\"blocks-gallery-item\"><figure><img loading=\"lazy\" decoding=\"async\" width=\"800\" height=\"517\" src=\"https:\/\/diariotribuna.com.br\/wp-content\/uploads\/2020\/07\/MG_2354.jpg\" alt=\"\" data-id=\"1723\" data-full-url=\"https:\/\/diariotribuna.com.br\/wp-content\/uploads\/2020\/07\/MG_2354.jpg\" data-link=\"https:\/\/diariotribuna.com.br\/?attachment_id=1723\" class=\"wp-image-1723\" srcset=\"https:\/\/diariotribuna.com.br\/wp-content\/uploads\/2020\/07\/MG_2354.jpg 800w, https:\/\/diariotribuna.com.br\/wp-content\/uploads\/2020\/07\/MG_2354-300x194.jpg 300w, https:\/\/diariotribuna.com.br\/wp-content\/uploads\/2020\/07\/MG_2354-768x496.jpg 768w, https:\/\/diariotribuna.com.br\/wp-content\/uploads\/2020\/07\/MG_2354-696x450.jpg 696w, https:\/\/diariotribuna.com.br\/wp-content\/uploads\/2020\/07\/MG_2354-650x420.jpg 650w\" sizes=\"(max-width: 800px) 100vw, 800px\" \/><\/figure><\/li><li class=\"blocks-gallery-item\"><figure><img loading=\"lazy\" decoding=\"async\" width=\"800\" height=\"502\" src=\"https:\/\/diariotribuna.com.br\/wp-content\/uploads\/2020\/07\/MG_2362.jpg\" alt=\"\" data-id=\"1724\" data-full-url=\"https:\/\/diariotribuna.com.br\/wp-content\/uploads\/2020\/07\/MG_2362.jpg\" data-link=\"https:\/\/diariotribuna.com.br\/?attachment_id=1724\" class=\"wp-image-1724\" srcset=\"https:\/\/diariotribuna.com.br\/wp-content\/uploads\/2020\/07\/MG_2362.jpg 800w, https:\/\/diariotribuna.com.br\/wp-content\/uploads\/2020\/07\/MG_2362-300x188.jpg 300w, https:\/\/diariotribuna.com.br\/wp-content\/uploads\/2020\/07\/MG_2362-768x482.jpg 768w, https:\/\/diariotribuna.com.br\/wp-content\/uploads\/2020\/07\/MG_2362-696x437.jpg 696w, https:\/\/diariotribuna.com.br\/wp-content\/uploads\/2020\/07\/MG_2362-669x420.jpg 669w\" sizes=\"(max-width: 800px) 100vw, 800px\" \/><\/figure><\/li><\/ul><\/figure>\n\n\n\n<p>O governador Romeu Zema se reuniu virtualmente, na sexta-feira (17\/7), com l\u00edderes de setores econ\u00f4micos para ouvir as principais demandas e receber sugest\u00f5es que ajudem a adaptar o plano&nbsp;<a href=\"http:\/\/www.mg.gov.br\/minasconsciente\" target=\"_blank\" rel=\"noreferrer noopener\">Minas Consciente<\/a>&nbsp;\u00e0s necessidades de todos. A ideia \u00e9 atualizar os protocolos para o novo momento da pandemia em Minas Gerais, que deve entrar em um estado de plat\u00f4, quando os n\u00fameros de casos e \u00f3bitos di\u00e1rios se mant\u00eam est\u00e1veis.<br><br>\u201cOs protocolos que serviam para o per\u00edodo pr\u00e9-pico s\u00e3o diferentes do que precisaremos agora, no p\u00f3s-pico. Antes, est\u00e1vamos lidando com uma situa\u00e7\u00e3o em que o n\u00famero de casos e \u00f3bitos era, semana ap\u00f3s semana, maior. Agora, j\u00e1 teremos n\u00fameros est\u00e1veis&nbsp;e, depois, devemos ter algum recuo. Por isso, o plano passar\u00e1 por aprimoramentos e n\u00f3s queremos que ele espelhe a realidade, que seja o mais justo poss\u00edvel\u201d, afirmou Romeu Zema.<br><br>O governador tamb\u00e9m ressaltou o esfor\u00e7o da gest\u00e3o para tornar o plano mais abrangente e considerar as necessidades de forma individualizada. \u201cUm dos pontos que vamos rever s\u00e3o as divis\u00f5es por macrorregi\u00e3o, para tentar restringir ainda mais o per\u00edmetro de avalia\u00e7\u00e3o e contemplar necessidades espec\u00edficas dos munic\u00edpios. Tamb\u00e9m abrimos um chamamento p\u00fablico, contando com a participa\u00e7\u00e3o ativa da Associa\u00e7\u00e3o Mineira de Munic\u00edpios, para ouvir as demandas da popula\u00e7\u00e3o e das prefeituras\u201d, disse.<br><br>O secret\u00e1rio adjunto de&nbsp;<a href=\"http:\/\/www.desenvolvimento.mg.gov.br\/\" target=\"_blank\" rel=\"noreferrer noopener\">Desenvolvimento Econ\u00f4mico<\/a>, Fernando Passalio, destacou que o encontro com as entidades de classe faz parte desse esfor\u00e7o para contemplar as diferentes realidades.&nbsp;\u201c\u00c9 muito importante que a gente entenda as necessidades de voc\u00eas, que est\u00e3o passando tantos apertos com essa guerra, que est\u00e3o na linha de frente. N\u00f3s respeitamos isso e sabemos que, somente juntos, poderemos trilhar um caminho melhor, dentro do que a pandemia nos permite, para continuarmos nessa batalha\u201d, afirmou.<br><br>Foram ouvidos l\u00edderes da Federa\u00e7\u00e3o das CDLs de Minas (FCDL), da C\u00e2mara de Dirigentes Lojistas de Belo Horizonte (CDL\/BH), da Federa\u00e7\u00e3o das Associa\u00e7\u00f5es Comerciais e Empresariais de Minas Gerais (Federaminas), do Sindicato e Organiza\u00e7\u00e3o das Cooperativas do Estado de Minas Gerais (Ocemg), da Federa\u00e7\u00e3o das Ind\u00fastrias do Estado de Minas Gerais (Fiemg), da Associa\u00e7\u00e3o Comercial e Empresarial de Minas (ACMinas), da Federa\u00e7\u00e3o do Com\u00e9rcio de Bens Servi\u00e7os e Turismo de Minas Gerais (Fecom\u00e9rcio), da Federa\u00e7\u00e3o das Empresas de Transportes de Carga do Estado de Minas Gerais (FETCEMG), da Federa\u00e7\u00e3o da Agricultura e Pecu\u00e1ria do Estado de Minas Gerais (Faemg), da Associa\u00e7\u00e3o Brasileira de Bares e Restaurantes (Abrasel) e da Associa\u00e7\u00e3o Mineira de Supermercados (Amis).<br><br>Tamb\u00e9m participaram do encontro o secret\u00e1rio de&nbsp;<a href=\"http:\/\/www.governo.mg.gov.br\/\" target=\"_blank\" rel=\"noreferrer noopener\">Governo<\/a>, Igor Eto; o secret\u00e1rio-geral adjunto de Estado, Marcel Beghini; e o subsecret\u00e1rio de Desenvolvimento&nbsp;Regional da&nbsp;Sede, Douglas Cabido.<\/p>\n\n\n\n<p><strong>Fotos\/Cr\u00e9dito:<\/strong>&nbsp;Gil Leonardi \/ Imprensa MG<\/p>\n","protected":false},"excerpt":{"rendered":"<p>Objetivo \u00e9 entender as necessidades de cada setor para criar protocolos que garantam o resgate econ\u00f4mico e a sa\u00fade popular O governador Romeu Zema se reuniu virtualmente, na sexta-feira (17\/7), com l\u00edderes de setores econ\u00f4micos para ouvir as principais demandas e receber sugest\u00f5es que ajudem a adaptar o plano&nbsp;Minas Consciente&nbsp;\u00e0s necessidades de todos. A ideia [&hellip;]<\/p>\n","protected":false},"author":1,"featured_media":1723,"comment_status":"open","ping_status":"open","sticky":false,"template":"","format":"standard","meta":{"rop_custom_images_group":[],"rop_custom_messages_group":[],"rop_publish_now":"initial","rop_publish_now_accounts":[],"rop_publish_now_history":[],"rop_publish_now_status":"pending","footnotes":""},"categories":[25,21],"tags":[211,70,457],"class_list":["post-1721","post","type-post","status-publish","format-standard","has-post-thumbnail","hentry","category-destaque","category-politica","tag-minas-consciente","tag-minas-gerais","tag-romeu-zema"],"_links":{"self":[{"href":"https:\/\/diariotribuna.com.br\/index.php?rest_route=\/wp\/v2\/posts\/1721"}],"collection":[{"href":"https:\/\/diariotribuna.com.br\/index.php?rest_route=\/wp\/v2\/posts"}],"about":[{"href":"https:\/\/diariotribuna.com.br\/index.php?rest_route=\/wp\/v2\/types\/post"}],"author":[{"embeddable":true,"href":"https:\/\/diariotribuna.com.br\/index.php?rest_route=\/wp\/v2\/users\/1"}],"replies":[{"embeddable":true,"href":"https:\/\/diariotribuna.com.br\/index.php?rest_route=%2Fwp%2Fv2%2Fcomments&post=1721"}],"version-history":[{"count":1,"href":"https:\/\/diariotribuna.com.br\/index.php?rest_route=\/wp\/v2\/posts\/1721\/revisions"}],"predecessor-version":[{"id":1725,"href":"https:\/\/diariotribuna.com.br\/index.php?rest_route=\/wp\/v2\/posts\/1721\/revisions\/1725"}],"wp:featuredmedia":[{"embeddable":true,"href":"https:\/\/diariotribuna.com.br\/index.php?rest_route=\/wp\/v2\/media\/1723"}],"wp:attachment":[{"href":"https:\/\/diariotribuna.com.br\/index.php?rest_route=%2Fwp%2Fv2%2Fmedia&parent=1721"}],"wp:term":[{"taxonomy":"category","embeddable":true,"href":"https:\/\/diariotribuna.com.br\/index.php?rest_route=%2Fwp%2Fv2%2Fcategories&post=1721"},{"taxonomy":"post_tag","embeddable":true,"href":"https:\/\/diariotribuna.com.br\/index.php?rest_route=%2Fwp%2Fv2%2Ftags&post=1721"}],"curies":[{"name":"wp","href":"https:\/\/api.w.org\/{rel}","templated":true}]}}