{"id":17257,"date":"2022-10-28T14:57:00","date_gmt":"2022-10-28T17:57:00","guid":{"rendered":"https:\/\/diariotribuna.com.br\/?p=17257"},"modified":"2022-10-29T11:45:22","modified_gmt":"2022-10-29T14:45:22","slug":"secretaria-de-justica-e-seguranca-publica-visita-mina-do-pico-em-itabirito","status":"publish","type":"post","link":"https:\/\/diariotribuna.com.br\/?p=17257","title":{"rendered":"Secretaria de Justi\u00e7a e Seguran\u00e7a P\u00fablica visita Mina do Pico em Itabirito"},"content":{"rendered":"\n<figure class=\"wp-block-image size-full is-resized is-style-default\"><img loading=\"lazy\" decoding=\"async\" src=\"https:\/\/diariotribuna.com.br\/wp-content\/uploads\/2022\/10\/e4c69bed-d101-4a98-802a-ea2895478089.jpg\" alt=\"\" class=\"wp-image-17267\" width=\"508\" height=\"410\" srcset=\"https:\/\/diariotribuna.com.br\/wp-content\/uploads\/2022\/10\/e4c69bed-d101-4a98-802a-ea2895478089.jpg 700w, https:\/\/diariotribuna.com.br\/wp-content\/uploads\/2022\/10\/e4c69bed-d101-4a98-802a-ea2895478089-300x242.jpg 300w, https:\/\/diariotribuna.com.br\/wp-content\/uploads\/2022\/10\/e4c69bed-d101-4a98-802a-ea2895478089-696x562.jpg 696w, https:\/\/diariotribuna.com.br\/wp-content\/uploads\/2022\/10\/e4c69bed-d101-4a98-802a-ea2895478089-520x420.jpg 520w\" sizes=\"(max-width: 508px) 100vw, 508px\" \/><\/figure>\n\n\n\n<p>Na quarta-feira (26\/10), \u00e0s 8h da manh\u00e3, o Secret\u00e1rio de Justi\u00e7a e Seguran\u00e7a P\u00fablica de Minas Gerais, Rog\u00e9rio Greco, visitou o Complexo Vargem Grande, Mina do Pico da Vale\/SA, no munic\u00edpio de Itabirito. Greco esteve acompanhado pelo Secret\u00e1rio Adjunto Jeferson Botelho e por agentes das \u00e1reas meio e operacional da Secretaria. O objetivo primordial da visita t\u00e9cnica foi aproximar as institui\u00e7\u00f5es, Secretaria e Vale-SA para constru\u00e7\u00e3o de futuras parcerias em projetos sociais de aprimoramento do sistema de Seguran\u00e7a P\u00fablica em Minas Gerais.<\/p>\n\n\n\n<p>Por parte da Vale, participaram do evento, Rog\u00e9rio Galv\u00e3o, Gerente Executivo Projetos Repara\u00e7\u00e3o; Karina Rapucci, Gerente Executivo Complexo Vargem Grande; Heloisa Oliveira, Gerente Rela\u00e7\u00f5es Institucionais e Governamentais; Roberto Monteiro, Gerente Seguran\u00e7a Patrimonial MG; os profissionais Eug\u00eanio e Felipe Santana. A comitiva conheceu a estrutura do local e o processo de fabrica\u00e7\u00e3o de blocos produzidos a partir de rejeitos de minera\u00e7\u00e3o. Na oportunidade, o diretor-geral do Depen-MG, Rodrigo Machado apresentou as possibilidades de parcerias com o sistema prisional, utilizando m\u00e3o de obra carcer\u00e1ria.<\/p>\n\n\n\n<p>O Secret\u00e1rio Rog\u00e9rio Greco enfatizou o compromisso de Minas Gerais com a ressocializa\u00e7\u00e3o no sistema prisional por meio de pol\u00edticas p\u00fablicas de comprovada efici\u00eancia como a atividade laboral. Por sua vez, o secret\u00e1rio adjunto Jeferson Botelho disse que o trabalho tem previs\u00e3o na lei de execu\u00e7\u00f5es penais, a teor do artigo 128, segundo a qual o trabalho do condenado, como dever social e condi\u00e7\u00e3o de dignidade humana, ter\u00e1 finalidade educativa e produtiva, asseverou.<\/p>\n\n\n\n<figure class=\"wp-block-gallery has-nested-images columns-2 is-cropped wp-block-gallery-1 is-layout-flex wp-block-gallery-is-layout-flex\">\n<figure class=\"wp-block-image size-large is-style-default\"><img loading=\"lazy\" decoding=\"async\" width=\"600\" height=\"568\" data-id=\"17263\" src=\"https:\/\/diariotribuna.com.br\/wp-content\/uploads\/2022\/10\/5-1.jpg\" alt=\"\" class=\"wp-image-17263\" srcset=\"https:\/\/diariotribuna.com.br\/wp-content\/uploads\/2022\/10\/5-1.jpg 600w, https:\/\/diariotribuna.com.br\/wp-content\/uploads\/2022\/10\/5-1-300x284.jpg 300w, https:\/\/diariotribuna.com.br\/wp-content\/uploads\/2022\/10\/5-1-444x420.jpg 444w\" sizes=\"(max-width: 600px) 100vw, 600px\" \/><\/figure>\n\n\n\n<figure class=\"wp-block-image size-large is-style-default\"><img loading=\"lazy\" decoding=\"async\" width=\"600\" height=\"422\" data-id=\"17259\" src=\"https:\/\/diariotribuna.com.br\/wp-content\/uploads\/2022\/10\/8-1.jpg\" alt=\"\" class=\"wp-image-17259\" srcset=\"https:\/\/diariotribuna.com.br\/wp-content\/uploads\/2022\/10\/8-1.jpg 600w, https:\/\/diariotribuna.com.br\/wp-content\/uploads\/2022\/10\/8-1-300x211.jpg 300w, https:\/\/diariotribuna.com.br\/wp-content\/uploads\/2022\/10\/8-1-100x70.jpg 100w, https:\/\/diariotribuna.com.br\/wp-content\/uploads\/2022\/10\/8-1-597x420.jpg 597w\" sizes=\"(max-width: 600px) 100vw, 600px\" \/><\/figure>\n\n\n\n<figure class=\"wp-block-image size-large is-style-default\"><img loading=\"lazy\" decoding=\"async\" width=\"600\" height=\"397\" data-id=\"17262\" src=\"https:\/\/diariotribuna.com.br\/wp-content\/uploads\/2022\/10\/3-2.jpg\" alt=\"\" class=\"wp-image-17262\" srcset=\"https:\/\/diariotribuna.com.br\/wp-content\/uploads\/2022\/10\/3-2.jpg 600w, https:\/\/diariotribuna.com.br\/wp-content\/uploads\/2022\/10\/3-2-300x199.jpg 300w\" sizes=\"(max-width: 600px) 100vw, 600px\" \/><\/figure>\n\n\n\n<figure class=\"wp-block-image size-large is-style-default\"><img loading=\"lazy\" decoding=\"async\" width=\"600\" height=\"486\" data-id=\"17261\" src=\"https:\/\/diariotribuna.com.br\/wp-content\/uploads\/2022\/10\/78956485-4188-4774-b997-28348fe23911.jpg\" alt=\"\" class=\"wp-image-17261\" srcset=\"https:\/\/diariotribuna.com.br\/wp-content\/uploads\/2022\/10\/78956485-4188-4774-b997-28348fe23911.jpg 600w, https:\/\/diariotribuna.com.br\/wp-content\/uploads\/2022\/10\/78956485-4188-4774-b997-28348fe23911-300x243.jpg 300w, https:\/\/diariotribuna.com.br\/wp-content\/uploads\/2022\/10\/78956485-4188-4774-b997-28348fe23911-519x420.jpg 519w\" sizes=\"(max-width: 600px) 100vw, 600px\" \/><\/figure>\n\n\n\n<figure class=\"wp-block-image size-large is-style-default\"><img loading=\"lazy\" decoding=\"async\" width=\"600\" height=\"405\" data-id=\"17265\" src=\"https:\/\/diariotribuna.com.br\/wp-content\/uploads\/2022\/10\/6-2.jpg\" alt=\"\" class=\"wp-image-17265\" srcset=\"https:\/\/diariotribuna.com.br\/wp-content\/uploads\/2022\/10\/6-2.jpg 600w, https:\/\/diariotribuna.com.br\/wp-content\/uploads\/2022\/10\/6-2-300x203.jpg 300w\" sizes=\"(max-width: 600px) 100vw, 600px\" \/><\/figure>\n\n\n\n<figure class=\"wp-block-image size-large is-style-default\"><img loading=\"lazy\" decoding=\"async\" width=\"600\" height=\"422\" data-id=\"17260\" src=\"https:\/\/diariotribuna.com.br\/wp-content\/uploads\/2022\/10\/4-2.jpg\" alt=\"\" class=\"wp-image-17260\" srcset=\"https:\/\/diariotribuna.com.br\/wp-content\/uploads\/2022\/10\/4-2.jpg 600w, https:\/\/diariotribuna.com.br\/wp-content\/uploads\/2022\/10\/4-2-300x211.jpg 300w, https:\/\/diariotribuna.com.br\/wp-content\/uploads\/2022\/10\/4-2-100x70.jpg 100w, https:\/\/diariotribuna.com.br\/wp-content\/uploads\/2022\/10\/4-2-597x420.jpg 597w\" sizes=\"(max-width: 600px) 100vw, 600px\" \/><\/figure>\n\n\n\n<figure class=\"wp-block-image size-large is-style-default\"><img loading=\"lazy\" decoding=\"async\" width=\"700\" height=\"466\" data-id=\"17258\" src=\"https:\/\/diariotribuna.com.br\/wp-content\/uploads\/2022\/10\/1-1.jpg\" alt=\"\" class=\"wp-image-17258\" srcset=\"https:\/\/diariotribuna.com.br\/wp-content\/uploads\/2022\/10\/1-1.jpg 700w, https:\/\/diariotribuna.com.br\/wp-content\/uploads\/2022\/10\/1-1-300x200.jpg 300w, https:\/\/diariotribuna.com.br\/wp-content\/uploads\/2022\/10\/1-1-696x463.jpg 696w, https:\/\/diariotribuna.com.br\/wp-content\/uploads\/2022\/10\/1-1-631x420.jpg 631w\" sizes=\"(max-width: 700px) 100vw, 700px\" \/><\/figure>\n\n\n\n<figure class=\"wp-block-image size-large is-style-default\"><img loading=\"lazy\" decoding=\"async\" width=\"600\" height=\"764\" data-id=\"17266\" src=\"https:\/\/diariotribuna.com.br\/wp-content\/uploads\/2022\/10\/7-2.jpg\" alt=\"\" class=\"wp-image-17266\" srcset=\"https:\/\/diariotribuna.com.br\/wp-content\/uploads\/2022\/10\/7-2.jpg 600w, https:\/\/diariotribuna.com.br\/wp-content\/uploads\/2022\/10\/7-2-236x300.jpg 236w, https:\/\/diariotribuna.com.br\/wp-content\/uploads\/2022\/10\/7-2-330x420.jpg 330w\" sizes=\"(max-width: 600px) 100vw, 600px\" \/><\/figure>\n\n\n\n<figure class=\"wp-block-image size-large is-style-default\"><img loading=\"lazy\" decoding=\"async\" width=\"600\" height=\"386\" data-id=\"17264\" src=\"https:\/\/diariotribuna.com.br\/wp-content\/uploads\/2022\/10\/2-2.jpg\" alt=\"\" class=\"wp-image-17264\" srcset=\"https:\/\/diariotribuna.com.br\/wp-content\/uploads\/2022\/10\/2-2.jpg 600w, https:\/\/diariotribuna.com.br\/wp-content\/uploads\/2022\/10\/2-2-300x193.jpg 300w\" sizes=\"(max-width: 600px) 100vw, 600px\" \/><\/figure>\n<\/figure>\n\n\n\n<p><\/p>\n","protected":false},"excerpt":{"rendered":"<p>Na quarta-feira (26\/10), \u00e0s 8h da manh\u00e3, o Secret\u00e1rio de Justi\u00e7a e Seguran\u00e7a P\u00fablica de Minas Gerais, Rog\u00e9rio Greco, visitou o Complexo Vargem Grande, Mina do Pico da Vale\/SA, no munic\u00edpio de Itabirito. Greco esteve acompanhado pelo Secret\u00e1rio Adjunto Jeferson Botelho e por agentes das \u00e1reas meio e operacional da Secretaria. O objetivo primordial da [&hellip;]<\/p>\n","protected":false},"author":1,"featured_media":17267,"comment_status":"open","ping_status":"open","sticky":false,"template":"","format":"standard","meta":{"rop_custom_images_group":[],"rop_custom_messages_group":[],"rop_publish_now":"initial","rop_publish_now_accounts":[],"rop_publish_now_history":[],"rop_publish_now_status":"pending","footnotes":""},"categories":[19],"tags":[2192,2337,4895,2951,3096],"class_list":["post-17257","post","type-post","status-publish","format-standard","has-post-thumbnail","hentry","category-gerais","tag-itabirito","tag-jeferson-botelho","tag-mina-do-pico","tag-rogerio-greco","tag-sejusp"],"_links":{"self":[{"href":"https:\/\/diariotribuna.com.br\/index.php?rest_route=\/wp\/v2\/posts\/17257"}],"collection":[{"href":"https:\/\/diariotribuna.com.br\/index.php?rest_route=\/wp\/v2\/posts"}],"about":[{"href":"https:\/\/diariotribuna.com.br\/index.php?rest_route=\/wp\/v2\/types\/post"}],"author":[{"embeddable":true,"href":"https:\/\/diariotribuna.com.br\/index.php?rest_route=\/wp\/v2\/users\/1"}],"replies":[{"embeddable":true,"href":"https:\/\/diariotribuna.com.br\/index.php?rest_route=%2Fwp%2Fv2%2Fcomments&post=17257"}],"version-history":[{"count":1,"href":"https:\/\/diariotribuna.com.br\/index.php?rest_route=\/wp\/v2\/posts\/17257\/revisions"}],"predecessor-version":[{"id":17268,"href":"https:\/\/diariotribuna.com.br\/index.php?rest_route=\/wp\/v2\/posts\/17257\/revisions\/17268"}],"wp:featuredmedia":[{"embeddable":true,"href":"https:\/\/diariotribuna.com.br\/index.php?rest_route=\/wp\/v2\/media\/17267"}],"wp:attachment":[{"href":"https:\/\/diariotribuna.com.br\/index.php?rest_route=%2Fwp%2Fv2%2Fmedia&parent=17257"}],"wp:term":[{"taxonomy":"category","embeddable":true,"href":"https:\/\/diariotribuna.com.br\/index.php?rest_route=%2Fwp%2Fv2%2Fcategories&post=17257"},{"taxonomy":"post_tag","embeddable":true,"href":"https:\/\/diariotribuna.com.br\/index.php?rest_route=%2Fwp%2Fv2%2Ftags&post=17257"}],"curies":[{"name":"wp","href":"https:\/\/api.w.org\/{rel}","templated":true}]}}