{"id":17269,"date":"2022-10-28T23:57:11","date_gmt":"2022-10-29T02:57:11","guid":{"rendered":"https:\/\/diariotribuna.com.br\/?p=17269"},"modified":"2022-10-30T23:31:01","modified_gmt":"2022-10-31T02:31:01","slug":"nota-de-esclarecimento-do-tre-mg-manifestacao-politica-de-servidores-e-magistrados","status":"publish","type":"post","link":"https:\/\/diariotribuna.com.br\/?p=17269","title":{"rendered":"Nota de esclarecimento do TRE-MG: manifesta\u00e7\u00e3o pol\u00edtica de servidores e magistrados"},"content":{"rendered":"\n<h2 class=\"wp-block-heading\"><em><strong>TRE refor\u00e7a postura de neutralidade da institui\u00e7\u00e3o<\/strong><\/em><\/h2>\n\n\n\n<figure class=\"wp-block-image size-full is-resized is-style-default\"><img loading=\"lazy\" decoding=\"async\" src=\"https:\/\/diariotribuna.com.br\/wp-content\/uploads\/2022\/10\/fe99b7bd-a144-438c-9f7f-e1f59651ef14.jpeg\" alt=\"\" class=\"wp-image-17270\" width=\"461\" height=\"251\" srcset=\"https:\/\/diariotribuna.com.br\/wp-content\/uploads\/2022\/10\/fe99b7bd-a144-438c-9f7f-e1f59651ef14.jpeg 600w, https:\/\/diariotribuna.com.br\/wp-content\/uploads\/2022\/10\/fe99b7bd-a144-438c-9f7f-e1f59651ef14-300x164.jpeg 300w\" sizes=\"(max-width: 461px) 100vw, 461px\" \/><\/figure>\n\n\n\n<p>O Tribunal Regional Eleitoral de Minas Gerais (TRE-MG), publicou uma nota de esclarecimento, no seu site, dia 24 de outubro, sobre manifesta\u00e7\u00e3o pol\u00edtica de servidores e magistrados. \u201cCircula nas redes sociais e aplicativos de mensagens um v\u00eddeo mostrando que servidores da Justi\u00e7a Eleitoral em Te\u00f3filo Otoni teriam se manifestado a favor de um dos candidatos \u00e0 presid\u00eancia da Rep\u00fablica. N\u00e3o \u00e9 correta a associa\u00e7\u00e3o dessa manifesta\u00e7\u00e3o \u00e0 postura do TRE-MG e atua\u00e7\u00e3o do \u00f3rg\u00e3o na realiza\u00e7\u00e3o das elei\u00e7\u00f5es em Minas Gerais\u201d, diz a nota.<\/p>\n\n\n\n<p>Em Te\u00f3filo Otoni o caso aconteceu, na sexta-feira (21\/10), durante a visita de um candidato e o caso ganhou grande repercuss\u00e3o nas redes sociais, e chamou ainda mais a aten\u00e7\u00e3o pelo local onde o fato ocorreu, na sede do cart\u00f3rio da 270\u00aa Zona Eleitoral. Ainda na mesma nota, o TRE-MG esclarece que manifesta\u00e7\u00f5es pol\u00edticas de seus magistrados e servidores n\u00e3o refletem o posicionamento da institui\u00e7\u00e3o. A postura da Justi\u00e7a Eleitoral \u00e9 sempre de neutralidade e isen\u00e7\u00e3o, e o caso est\u00e1 sendo apurado.<\/p>\n","protected":false},"excerpt":{"rendered":"<p>TRE refor\u00e7a postura de neutralidade da institui\u00e7\u00e3o O Tribunal Regional Eleitoral de Minas Gerais (TRE-MG), publicou uma nota de esclarecimento, no seu site, dia 24 de outubro, sobre manifesta\u00e7\u00e3o pol\u00edtica de servidores e magistrados. \u201cCircula nas redes sociais e aplicativos de mensagens um v\u00eddeo mostrando que servidores da Justi\u00e7a Eleitoral em Te\u00f3filo Otoni teriam se [&hellip;]<\/p>\n","protected":false},"author":1,"featured_media":17270,"comment_status":"open","ping_status":"open","sticky":false,"template":"","format":"standard","meta":{"rop_custom_images_group":[],"rop_custom_messages_group":[],"rop_publish_now":"initial","rop_publish_now_accounts":[],"rop_publish_now_history":[],"rop_publish_now_status":"pending","footnotes":""},"categories":[21],"tags":[],"class_list":["post-17269","post","type-post","status-publish","format-standard","has-post-thumbnail","hentry","category-politica"],"_links":{"self":[{"href":"https:\/\/diariotribuna.com.br\/index.php?rest_route=\/wp\/v2\/posts\/17269"}],"collection":[{"href":"https:\/\/diariotribuna.com.br\/index.php?rest_route=\/wp\/v2\/posts"}],"about":[{"href":"https:\/\/diariotribuna.com.br\/index.php?rest_route=\/wp\/v2\/types\/post"}],"author":[{"embeddable":true,"href":"https:\/\/diariotribuna.com.br\/index.php?rest_route=\/wp\/v2\/users\/1"}],"replies":[{"embeddable":true,"href":"https:\/\/diariotribuna.com.br\/index.php?rest_route=%2Fwp%2Fv2%2Fcomments&post=17269"}],"version-history":[{"count":1,"href":"https:\/\/diariotribuna.com.br\/index.php?rest_route=\/wp\/v2\/posts\/17269\/revisions"}],"predecessor-version":[{"id":17271,"href":"https:\/\/diariotribuna.com.br\/index.php?rest_route=\/wp\/v2\/posts\/17269\/revisions\/17271"}],"wp:featuredmedia":[{"embeddable":true,"href":"https:\/\/diariotribuna.com.br\/index.php?rest_route=\/wp\/v2\/media\/17270"}],"wp:attachment":[{"href":"https:\/\/diariotribuna.com.br\/index.php?rest_route=%2Fwp%2Fv2%2Fmedia&parent=17269"}],"wp:term":[{"taxonomy":"category","embeddable":true,"href":"https:\/\/diariotribuna.com.br\/index.php?rest_route=%2Fwp%2Fv2%2Fcategories&post=17269"},{"taxonomy":"post_tag","embeddable":true,"href":"https:\/\/diariotribuna.com.br\/index.php?rest_route=%2Fwp%2Fv2%2Ftags&post=17269"}],"curies":[{"name":"wp","href":"https:\/\/api.w.org\/{rel}","templated":true}]}}