{"id":17279,"date":"2022-10-29T11:45:14","date_gmt":"2022-10-29T14:45:14","guid":{"rendered":"https:\/\/diariotribuna.com.br\/?p=17279"},"modified":"2022-10-29T16:38:04","modified_gmt":"2022-10-29T19:38:04","slug":"juiz-preso-em-acao-contra-trafico-internacional-em-mg-e-condenado-a-24-anos","status":"publish","type":"post","link":"https:\/\/diariotribuna.com.br\/?p=17279","title":{"rendered":"Juiz Amaury de Lima preso em a\u00e7\u00e3o contra tr\u00e1fico internacional em MG \u00e9 condenado a 24 anos"},"content":{"rendered":"\n<h3 class=\"wp-block-heading\"><strong>Amaury de Lima, magistrado da Vara de Execu\u00e7\u00f5es Criminais em Juiz de Fora, assinou v\u00e1rias senten\u00e7as em favor de traficantes, conforme apurou a Pol\u00edcia Federal<\/strong><\/h3>\n\n\n\n<figure class=\"wp-block-image size-full is-style-default\"><img loading=\"lazy\" decoding=\"async\" width=\"675\" height=\"405\" src=\"https:\/\/diariotribuna.com.br\/wp-content\/uploads\/2022\/10\/3b675375-e328-470f-a88f-3201ba759152.jpg\" alt=\"\" class=\"wp-image-17280\" srcset=\"https:\/\/diariotribuna.com.br\/wp-content\/uploads\/2022\/10\/3b675375-e328-470f-a88f-3201ba759152.jpg 675w, https:\/\/diariotribuna.com.br\/wp-content\/uploads\/2022\/10\/3b675375-e328-470f-a88f-3201ba759152-300x180.jpg 300w\" sizes=\"(max-width: 675px) 100vw, 675px\" \/><figcaption><strong>Magistrado havia sido preso pela Pol\u00edcia Federal em junho de 2014 durante uma opera\u00e7\u00e3o de combate ao tr\u00e1fico internacional de drogas<small> (foto: TV Alterosa\/Reprodu\u00e7\u00e3o\/Arquivo)<\/small><\/strong><\/figcaption><\/figure>\n\n\n\n<p>A Justi\u00e7a condenou a 24 anos, quatro meses e oito dias de pris\u00e3o o juiz aposentado Amaury de Lima e Souza, que atuava na Vara de Execu\u00e7\u00f5es Criminais (VEC) de Juiz de Fora, na Zona da Mata mineira. O magistrado havia sido preso pela Pol\u00edcia Federal em junho de 2014 durante uma opera\u00e7\u00e3o de combate ao tr\u00e1fico internacional de drogas. A senten\u00e7a foi dada pela 5\u00aa c\u00e2mara criminal do Tribunal de Justi\u00e7a de Minas Gerais (TJMG) em 4 de outubro. No entanto, o processo estava sob sigilo. A decis\u00e3o s\u00f3 foi divulgada oficialmente nesta sexta-feira (28\/10).\u00a0<\/p>\n\n\n\n<p>Conforme a condena\u00e7\u00e3o, o ex-juiz teve ainda um carro modelo camaro, outro HB20 e um im\u00f3vel confiscados. Ele tamb\u00e9m perdeu a fun\u00e7\u00e3o p\u00fablica e teve 757 dias-multa acrescidos \u00e0 pena. A senten\u00e7a levou em conta os crimes de corrup\u00e7\u00e3o, lavagem de dinheiro, organiza\u00e7\u00e3o criminosa, al\u00e9m do porte e da posse ilegal de arma de fogo e muni\u00e7\u00f5es. A decis\u00e3o cabe recurso parcial no Superior Tribunal de Justi\u00e7a (STJ). Vale lembrar que Amaury de Lima e Souza havia sido solto no fim de novembro de 2015. Ele estava preso no 18\u00ba Batalh\u00e3o da Pol\u00edcia Militar, em Contagem, na regi\u00e3o metropolitana de Belo Horizonte.<\/p>\n\n\n\n<h2 class=\"wp-block-heading\">Relembre o caso<\/h2>\n\n\n\n<p><a href=\"https:\/\/www.em.com.br\/app\/noticia\/gerais\/2014\/06\/12\/interna_gerais,538610\/magistrado-da-vara-de-execucoes-criminais-de-juiz-de-fora-e-preso.shtml\">Em junho de 2014, o juiz afastado da Vara de Execu\u00e7\u00f5es Criminais de Juiz de Fora, Amaury de Lima e Souza, foi preso e conduzido para a sede da Pol\u00edcia Federal<\/a>\u00a0(PF), em Belo Horizonte, sob suspeita de portar uma arma e muni\u00e7\u00f5es de uso restrito.\u00a0 \u00c0 \u00e9poca, as autoridades apuravam a rela\u00e7\u00e3o dele com presos da Opera\u00e7\u00e3o Athos, que resultou na pris\u00e3o de 17 pessoas, 12 somente na cidade de Juiz de Fora, onde atuava o magistrado. A quadrilha de tr\u00e1fico internacional faturava cerca de R$ 20 milh\u00f5es por m\u00eas, segundo estimativas da pol\u00edcia na ocasi\u00e3o. Em setembro do mesmo ano, um grupo de 22 pessoas foi denunciado pelo Minist\u00e9rio P\u00fablico Federal (MPF) por associa\u00e7\u00e3o e tr\u00e1fico internacional.<\/p>\n\n\n\n<p><a href=\"https:\/\/www.em.com.br\/app\/noticia\/gerais\/2014\/06\/12\/interna_gerais,538610\/magistrado-da-vara-de-execucoes-criminais-de-juiz-de-fora-e-preso.shtml\">Durante as investiga\u00e7\u00f5es da PF foram encontradas v\u00e1rias senten\u00e7as assinadas pelo magistrado em favor de traficantes.<\/a>&nbsp;A decis\u00e3o que mais chamou a aten\u00e7\u00e3o foi um alvar\u00e1 de pris\u00e3o domiciliar concedido para \u00c1lvaro Daniel, um dos acusados pelo MPF.<\/p>\n\n\n\n<p>A PF apurou que a droga vinha da Bol\u00edvia e passava pelo Paraguai, Tri\u00e2ngulo Mineiro e interior de S\u00e3o Paulo antes de chegar \u00e0 Zona da Mata de Minas. De Juiz de Fora, seguia principalmente para o Rio de Janeiro e o Nordeste. Segundo as investiga\u00e7\u00f5es, o n\u00facleo mineiro da quadrilha, radicado na cidade da Zona da Mata, usava ag\u00eancias de compra e venda de ve\u00edculos para lavar o dinheiro obtido com o tr\u00e1fico de drogas.<\/p>\n\n\n\n<h2 class=\"wp-block-heading\">Apreens\u00e3o de bens avaliados em R$ 70 milh\u00f5es<\/h2>\n\n\n\n<p>O poder econ\u00f4mico do bando pode ser ilustrado com as apreens\u00f5es feitas pela PF durante a opera\u00e7\u00e3o. Foram encontrados cinco aeronaves, um jet-ski, quatro lanchas, 11 im\u00f3veis e 14 ve\u00edculos, v\u00e1rios deles de luxo. Todos os bens, segundo as investiga\u00e7\u00f5es, valiam aproximadamente R$ 70 milh\u00f5es. (Fonte: Jornal Estado de Minas).<\/p>\n","protected":false},"excerpt":{"rendered":"<p>Amaury de Lima, magistrado da Vara de Execu\u00e7\u00f5es Criminais em Juiz de Fora, assinou v\u00e1rias senten\u00e7as em favor de traficantes, conforme apurou a Pol\u00edcia Federal A Justi\u00e7a condenou a 24 anos, quatro meses e oito dias de pris\u00e3o o juiz aposentado Amaury de Lima e Souza, que atuava na Vara de Execu\u00e7\u00f5es Criminais (VEC) de [&hellip;]<\/p>\n","protected":false},"author":1,"featured_media":17280,"comment_status":"open","ping_status":"open","sticky":false,"template":"","format":"standard","meta":{"rop_custom_images_group":[],"rop_custom_messages_group":[],"rop_publish_now":"initial","rop_publish_now_accounts":[],"rop_publish_now_history":[],"rop_publish_now_status":"pending","footnotes":""},"categories":[25,31],"tags":[4896,1808,4897,649,75,4898],"class_list":["post-17279","post","type-post","status-publish","format-standard","has-post-thumbnail","hentry","category-destaque","category-juridico","tag-amaury-de-lima-e-souza","tag-juiz-de-fora","tag-magistrado","tag-prisao","tag-teofilo-otoni","tag-trafico-internacional"],"_links":{"self":[{"href":"https:\/\/diariotribuna.com.br\/index.php?rest_route=\/wp\/v2\/posts\/17279"}],"collection":[{"href":"https:\/\/diariotribuna.com.br\/index.php?rest_route=\/wp\/v2\/posts"}],"about":[{"href":"https:\/\/diariotribuna.com.br\/index.php?rest_route=\/wp\/v2\/types\/post"}],"author":[{"embeddable":true,"href":"https:\/\/diariotribuna.com.br\/index.php?rest_route=\/wp\/v2\/users\/1"}],"replies":[{"embeddable":true,"href":"https:\/\/diariotribuna.com.br\/index.php?rest_route=%2Fwp%2Fv2%2Fcomments&post=17279"}],"version-history":[{"count":6,"href":"https:\/\/diariotribuna.com.br\/index.php?rest_route=\/wp\/v2\/posts\/17279\/revisions"}],"predecessor-version":[{"id":17288,"href":"https:\/\/diariotribuna.com.br\/index.php?rest_route=\/wp\/v2\/posts\/17279\/revisions\/17288"}],"wp:featuredmedia":[{"embeddable":true,"href":"https:\/\/diariotribuna.com.br\/index.php?rest_route=\/wp\/v2\/media\/17280"}],"wp:attachment":[{"href":"https:\/\/diariotribuna.com.br\/index.php?rest_route=%2Fwp%2Fv2%2Fmedia&parent=17279"}],"wp:term":[{"taxonomy":"category","embeddable":true,"href":"https:\/\/diariotribuna.com.br\/index.php?rest_route=%2Fwp%2Fv2%2Fcategories&post=17279"},{"taxonomy":"post_tag","embeddable":true,"href":"https:\/\/diariotribuna.com.br\/index.php?rest_route=%2Fwp%2Fv2%2Ftags&post=17279"}],"curies":[{"name":"wp","href":"https:\/\/api.w.org\/{rel}","templated":true}]}}