{"id":17289,"date":"2022-10-29T17:03:50","date_gmt":"2022-10-29T20:03:50","guid":{"rendered":"https:\/\/diariotribuna.com.br\/?p=17289"},"modified":"2022-11-06T23:16:18","modified_gmt":"2022-11-07T02:16:18","slug":"prf-de-itaobim-libera-refens-e-recupera-carreta-roubada-dos-correios","status":"publish","type":"post","link":"https:\/\/diariotribuna.com.br\/?p=17289","title":{"rendered":"PRF de Itaobim libera ref\u00e9ns e recupera carreta roubada dos Correios"},"content":{"rendered":"\n<figure class=\"wp-block-image size-full is-resized is-style-default\"><img loading=\"lazy\" decoding=\"async\" src=\"https:\/\/diariotribuna.com.br\/wp-content\/uploads\/2022\/10\/5860d303-b75a-4519-a67e-902e9f5e4f17.jpg\" alt=\"\" class=\"wp-image-17290\" width=\"553\" height=\"325\" srcset=\"https:\/\/diariotribuna.com.br\/wp-content\/uploads\/2022\/10\/5860d303-b75a-4519-a67e-902e9f5e4f17.jpg 700w, https:\/\/diariotribuna.com.br\/wp-content\/uploads\/2022\/10\/5860d303-b75a-4519-a67e-902e9f5e4f17-300x176.jpg 300w, https:\/\/diariotribuna.com.br\/wp-content\/uploads\/2022\/10\/5860d303-b75a-4519-a67e-902e9f5e4f17-696x409.jpg 696w\" sizes=\"(max-width: 553px) 100vw, 553px\" \/><\/figure>\n\n\n\n<p>Na madrugada deste s\u00e1bado (29\/10), equipe da Pol\u00edcia Rodovi\u00e1ria Federal de Itaobim, durante policiamento na regi\u00e3o do Trevo do Cariri, proximidades da cidade de Cachoeira do Paje\u00fa\/MG, recebeu a informa\u00e7\u00e3o de um poss\u00edvel assalto que estaria ocorrendo a um caminh\u00e3o que fazia o transporte de mercadorias dos correios. De pronto a equipe foi para o local, e ao chegar surpreendeu cerca de 8 criminosos que estavam mantendo os dois motoristas ref\u00e9ns e fazendo o transbordo da mercadoria para outros ve\u00edculos.<\/p>\n\n\n\n<p>Ap\u00f3s serem surpreendidos os indiv\u00edduos atentaram contra a vida da equipe da PRF que reagiu a injusta agress\u00e3o, fazendo com que eles fugissem nos ve\u00edculos, abandonando a carga e os ref\u00e9ns, que receberam apoio dos policiais. Toda a carga que seria roubada e o caminh\u00e3o foram apreendidos e colocados \u00e0 disposi\u00e7\u00e3o da Pol\u00edcia Civil de Pedra Azul para os devidos procedimentos de pol\u00edcia judici\u00e1ria. As buscas continuam para captura dos envolvidos na atividade criminosa. (Informa\u00e7\u00f5es\/Foto: PRF).<\/p>\n","protected":false},"excerpt":{"rendered":"<p>Na madrugada deste s\u00e1bado (29\/10), equipe da Pol\u00edcia Rodovi\u00e1ria Federal de Itaobim, durante policiamento na regi\u00e3o do Trevo do Cariri, proximidades da cidade de Cachoeira do Paje\u00fa\/MG, recebeu a informa\u00e7\u00e3o de um poss\u00edvel assalto que estaria ocorrendo a um caminh\u00e3o que fazia o transporte de mercadorias dos correios. De pronto a equipe foi para o [&hellip;]<\/p>\n","protected":false},"author":1,"featured_media":17290,"comment_status":"open","ping_status":"open","sticky":false,"template":"","format":"standard","meta":{"rop_custom_images_group":[],"rop_custom_messages_group":[],"rop_publish_now":"initial","rop_publish_now_accounts":[],"rop_publish_now_history":[],"rop_publish_now_status":"pending","footnotes":""},"categories":[20],"tags":[1920,4140,1240,387,184,675],"class_list":["post-17289","post","type-post","status-publish","format-standard","has-post-thumbnail","hentry","category-policia","tag-cachoeira-de-pajeu","tag-carreta","tag-correios","tag-itaobim","tag-prf","tag-roubo"],"_links":{"self":[{"href":"https:\/\/diariotribuna.com.br\/index.php?rest_route=\/wp\/v2\/posts\/17289"}],"collection":[{"href":"https:\/\/diariotribuna.com.br\/index.php?rest_route=\/wp\/v2\/posts"}],"about":[{"href":"https:\/\/diariotribuna.com.br\/index.php?rest_route=\/wp\/v2\/types\/post"}],"author":[{"embeddable":true,"href":"https:\/\/diariotribuna.com.br\/index.php?rest_route=\/wp\/v2\/users\/1"}],"replies":[{"embeddable":true,"href":"https:\/\/diariotribuna.com.br\/index.php?rest_route=%2Fwp%2Fv2%2Fcomments&post=17289"}],"version-history":[{"count":1,"href":"https:\/\/diariotribuna.com.br\/index.php?rest_route=\/wp\/v2\/posts\/17289\/revisions"}],"predecessor-version":[{"id":17291,"href":"https:\/\/diariotribuna.com.br\/index.php?rest_route=\/wp\/v2\/posts\/17289\/revisions\/17291"}],"wp:featuredmedia":[{"embeddable":true,"href":"https:\/\/diariotribuna.com.br\/index.php?rest_route=\/wp\/v2\/media\/17290"}],"wp:attachment":[{"href":"https:\/\/diariotribuna.com.br\/index.php?rest_route=%2Fwp%2Fv2%2Fmedia&parent=17289"}],"wp:term":[{"taxonomy":"category","embeddable":true,"href":"https:\/\/diariotribuna.com.br\/index.php?rest_route=%2Fwp%2Fv2%2Fcategories&post=17289"},{"taxonomy":"post_tag","embeddable":true,"href":"https:\/\/diariotribuna.com.br\/index.php?rest_route=%2Fwp%2Fv2%2Ftags&post=17289"}],"curies":[{"name":"wp","href":"https:\/\/api.w.org\/{rel}","templated":true}]}}