{"id":17292,"date":"2022-10-30T23:31:18","date_gmt":"2022-10-31T02:31:18","guid":{"rendered":"https:\/\/diariotribuna.com.br\/?p=17292"},"modified":"2022-11-01T23:15:28","modified_gmt":"2022-11-02T02:15:28","slug":"lula-77-anos-e-eleito-para-o-3o-mandato-de-presidente-da-republica","status":"publish","type":"post","link":"https:\/\/diariotribuna.com.br\/?p=17292","title":{"rendered":"Lula, 77 anos, \u00e9 eleito para o 3\u00ba mandato de presidente da Rep\u00fablica"},"content":{"rendered":"\n<h2 class=\"wp-block-heading\"><strong>Ex-presidente disputou cargo pela sexta vez<\/strong><\/h2>\n\n\n\n<figure class=\"wp-block-image size-full is-resized is-style-default\"><img loading=\"lazy\" decoding=\"async\" src=\"https:\/\/diariotribuna.com.br\/wp-content\/uploads\/2022\/10\/img_2829.jpg\" alt=\"\" class=\"wp-image-17293\" width=\"543\" height=\"356\" srcset=\"https:\/\/diariotribuna.com.br\/wp-content\/uploads\/2022\/10\/img_2829.jpg 700w, https:\/\/diariotribuna.com.br\/wp-content\/uploads\/2022\/10\/img_2829-300x197.jpg 300w, https:\/\/diariotribuna.com.br\/wp-content\/uploads\/2022\/10\/img_2829-696x456.jpg 696w, https:\/\/diariotribuna.com.br\/wp-content\/uploads\/2022\/10\/img_2829-641x420.jpg 641w\" sizes=\"(max-width: 543px) 100vw, 543px\" \/><\/figure>\n\n\n\n<p>Luiz In\u00e1cio Lula da Silva (PT) foi eleito neste domingo (30\/10\/22) presidente do Brasil. At\u00e9 \u00e0s 22h21 deste domingo, com 99,99% das urnas apuradas, Lula com 50,90% dos votos v\u00e1lidos (60.344.802) venceu o atual presidente, Jair Bolsonaro (PL), que teve 49,10% (58.205.466). Eleito em 2002 e reeleito em 2006, Lula comandar\u00e1 o pa\u00eds pela terceira vez. Com 77 anos, ser\u00e1 o presidente mais velho a assumir o cargo. O novo vice-presidente ser\u00e1 o ex-governador de S\u00e3o Paulo Geraldo Alckmin (PSB).<\/p>\n\n\n\n<p><strong>Perfil &#8211;<\/strong> Nascido em Garanhuns (PE), Luiz In\u00e1cio Lula da Silva se mudou ainda crian\u00e7a para o estado de S\u00e3o Paulo. Durante a adolesc\u00eancia, completou um curso de torneiro mec\u00e2nico em uma unidade do Servi\u00e7o Nacional de Aprendizagem Industrial (Senai) e, posteriormente, passou a trabalhar como metal\u00fargico na cidade de S\u00e3o Bernardo do Campo, quando tamb\u00e9m come\u00e7ou a se envolver com a atividade sindical.<\/p>\n\n\n\n<p>No final dos anos 1970 e 1980, Lula liderou grandes greves de metal\u00fargicos da regi\u00e3o do ABC paulista. Junto a outros sindicalistas, intelectuais e militantes de movimentos sociais, fundou o Partido dos Trabalhadores (PT).<\/p>\n\n\n\n<p>Pela legenda, se tornou deputado da Assembleia Constituinte que aprovou a Constitui\u00e7\u00e3o de 1988 e foi derrotado nas elei\u00e7\u00f5es presidenciais de 1989, de 1994 e de 1998. Foi eleito para o posto mais alto do pa\u00eds em 2002, tendo sido reeleito em 2006. Deixou a Presid\u00eancia em 2010, sendo sucedido por sua ent\u00e3o ministra da Casa Civil, Dilma Rousseff, que venceu as elei\u00e7\u00f5es com o seu apoio.<\/p>\n\n\n\n<p>Em 2017, Lula foi condenado a nove anos e seis meses de pris\u00e3o por corrup\u00e7\u00e3o e lavagem de dinheiro. Em 2018, teve a pris\u00e3o decretada pelo ent\u00e3o juiz Sergio Moro. As condena\u00e7\u00f5es foram anuladas em 2021 pelo Supremo Tribunal Federal (STF), que considerou que a 13\u00aa Vara Federal em Curitiba n\u00e3o tinha compet\u00eancia legal para julgar as acusa\u00e7\u00f5es. O STF tamb\u00e9m considerou posteriormente que Moro agiu sem a devida imparcialidade no processo.<\/p>\n\n\n\n<p><strong>Geraldo Alckmin &#8211; <\/strong>O vice-presidente \u00e9 Geraldo Alckmin (PSB), que foi seu advers\u00e1rio na disputa de 2006. Nascido em Pindamonhangaba (SP), ele tem 68 anos, \u00e9 m\u00e9dico e professor. Alckmin foi um dos fundadores do Partido da Social Democracia Brasileira (PSDB) e ocupou os quadros do partido entre 1988 e 2021. Ele tamb\u00e9m foi constituinte e governou S\u00e3o Paulo em duas ocasi\u00f5es: de 2001 a 2006 e de 2011 a 2018. (Informa\u00e7\u00f5es: Ag\u00eancia Brasil. Foto: Rovena Rosa\/Ag\u00eancia Brasil).<\/p>\n\n\n\n<pre class=\"wp-block-verse\"><strong>Em Te\u00f3filo Otoni:<\/strong> Lula obteve 50,18% (37.952) dos votos v\u00e1lidos e Bolsonaro 49,82% (37.683), uma diferen\u00e7a de 269 votos. <strong>Votos brancos:<\/strong> 1,28% (1.012). <strong>Votos Nulos:<\/strong> 2,56% (2.010). <strong>Absten\u00e7\u00f5es:<\/strong> 26,07% (27.735). <strong>Em Minas Gerais:<\/strong> at\u00e9 21h30, com 99,97% dos votos apurados, Lula obteve 50,20% (6.188.879) dos votos v\u00e1lidos) e Bolsonaro 49,80% (6.140.293).<\/pre>\n\n\n\n<p><strong>Conhe\u00e7a os 27 governadores eleitos em 2022 &#8211;<\/strong> As elei\u00e7\u00f5es foram decididas em 12 Estados neste domingo (30\/10\/22). Com as defini\u00e7\u00f5es, o pa\u00eds conheceu os 27 governadores eleitos nas elei\u00e7\u00f5es de 2022. Foram 15 disputas regionais definidas no 1\u00ba turno, em 2 de outubro. H\u00e1 4 anos, 14 unidades da federa\u00e7\u00e3o foram ao 2\u00ba turno, enquanto 13 decidiram na 1\u00aa vota\u00e7\u00e3o.<\/p>\n\n\n\n<p><strong>Eleitos no 1\u00ba Turno:<\/strong> Acre: Gladson Cameli (PP). Amap\u00e1: Cl\u00e9cio Luis (Solidariedade). Cear\u00e1: Elmano de Freitas (PT). Distrito Federal: Ibaneis Rocha (MDB). Goi\u00e1s: Ronaldo Caiado (Uni\u00e3o Brasil). Maranh\u00e3o: Carlos Brand\u00e3o (PSB). Minas Gerais: Romeu Zema (Novo). Par\u00e1: Helder Barbalho (MDB). Paran\u00e1: Ratinho Jr. (PSD). Piau\u00ed: Rafael Fonteles (PT). Rio de Janeiro: Cl\u00e1udio Castro (PL). Rio Grande do Norte: F\u00e1tima Bezerra (PT). Roraima: Ant\u00f4nio Denarium (PP). Tocantins: Wanderlei Barbosa (Republicanos).<\/p>\n\n\n\n<p><strong>Eleitos no 2\u00ba Turno:<\/strong> Alagoas: Paulo Dantas (MDB). Amazonas: Wilson Lima (Uni\u00e3o Brasil). Bahia: Jer\u00f4nimo Rodrigues (PT). Esp\u00edrito Santo: Renato Casagrande (PSB). Mato Grosso do Sul: Eduardo Riedel (PSDB). Para\u00edba: Jo\u00e3o (PSB). Pernambuco: Raquel Lyra (PSDB). Rio Grande do Sul: Eduardo Leite (PSDB). Rond\u00f4nia: Marcos Rocha (Uni\u00e3o Brasil). S\u00e3o Paulo: Tarc\u00edsio de Freitas (Republicanos). Santa Catarina: Jorginho Mello (PL). Sergipe: F\u00e1bio (PSD). (Fonte: Poder360).<\/p>\n","protected":false},"excerpt":{"rendered":"<p>Ex-presidente disputou cargo pela sexta vez Luiz In\u00e1cio Lula da Silva (PT) foi eleito neste domingo (30\/10\/22) presidente do Brasil. At\u00e9 \u00e0s 22h21 deste domingo, com 99,99% das urnas apuradas, Lula com 50,90% dos votos v\u00e1lidos (60.344.802) venceu o atual presidente, Jair Bolsonaro (PL), que teve 49,10% (58.205.466). Eleito em 2002 e reeleito em 2006, [&hellip;]<\/p>\n","protected":false},"author":1,"featured_media":17293,"comment_status":"open","ping_status":"open","sticky":false,"template":"","format":"standard","meta":{"rop_custom_images_group":[],"rop_custom_messages_group":[],"rop_publish_now":"initial","rop_publish_now_accounts":[],"rop_publish_now_history":[],"rop_publish_now_status":"pending","footnotes":""},"categories":[21],"tags":[393,4170,4900,933],"class_list":["post-17292","post","type-post","status-publish","format-standard","has-post-thumbnail","hentry","category-politica","tag-brasil","tag-eleicoes-2022","tag-lula-eleito","tag-segundo-turno"],"_links":{"self":[{"href":"https:\/\/diariotribuna.com.br\/index.php?rest_route=\/wp\/v2\/posts\/17292"}],"collection":[{"href":"https:\/\/diariotribuna.com.br\/index.php?rest_route=\/wp\/v2\/posts"}],"about":[{"href":"https:\/\/diariotribuna.com.br\/index.php?rest_route=\/wp\/v2\/types\/post"}],"author":[{"embeddable":true,"href":"https:\/\/diariotribuna.com.br\/index.php?rest_route=\/wp\/v2\/users\/1"}],"replies":[{"embeddable":true,"href":"https:\/\/diariotribuna.com.br\/index.php?rest_route=%2Fwp%2Fv2%2Fcomments&post=17292"}],"version-history":[{"count":1,"href":"https:\/\/diariotribuna.com.br\/index.php?rest_route=\/wp\/v2\/posts\/17292\/revisions"}],"predecessor-version":[{"id":17294,"href":"https:\/\/diariotribuna.com.br\/index.php?rest_route=\/wp\/v2\/posts\/17292\/revisions\/17294"}],"wp:featuredmedia":[{"embeddable":true,"href":"https:\/\/diariotribuna.com.br\/index.php?rest_route=\/wp\/v2\/media\/17293"}],"wp:attachment":[{"href":"https:\/\/diariotribuna.com.br\/index.php?rest_route=%2Fwp%2Fv2%2Fmedia&parent=17292"}],"wp:term":[{"taxonomy":"category","embeddable":true,"href":"https:\/\/diariotribuna.com.br\/index.php?rest_route=%2Fwp%2Fv2%2Fcategories&post=17292"},{"taxonomy":"post_tag","embeddable":true,"href":"https:\/\/diariotribuna.com.br\/index.php?rest_route=%2Fwp%2Fv2%2Ftags&post=17292"}],"curies":[{"name":"wp","href":"https:\/\/api.w.org\/{rel}","templated":true}]}}