{"id":17304,"date":"2022-11-01T23:13:51","date_gmt":"2022-11-02T02:13:51","guid":{"rendered":"https:\/\/diariotribuna.com.br\/?p=17304"},"modified":"2022-11-01T23:16:09","modified_gmt":"2022-11-02T02:16:09","slug":"pm-prende-duas-pessoas-que-atiraram-em-um-cachorro-na-zona-rural-de-carai","status":"publish","type":"post","link":"https:\/\/diariotribuna.com.br\/?p=17304","title":{"rendered":"PM prende duas pessoas que atiraram em um cachorro na zona rural de Cara\u00ed"},"content":{"rendered":"\n<figure class=\"wp-block-image size-full is-resized is-style-default\"><img loading=\"lazy\" decoding=\"async\" src=\"https:\/\/diariotribuna.com.br\/wp-content\/uploads\/2022\/11\/0fd0847c-7823-44fc-8ed4-64aaec5ee758.jpg\" alt=\"\" class=\"wp-image-17305\" width=\"555\" height=\"269\" srcset=\"https:\/\/diariotribuna.com.br\/wp-content\/uploads\/2022\/11\/0fd0847c-7823-44fc-8ed4-64aaec5ee758.jpg 700w, https:\/\/diariotribuna.com.br\/wp-content\/uploads\/2022\/11\/0fd0847c-7823-44fc-8ed4-64aaec5ee758-300x146.jpg 300w, https:\/\/diariotribuna.com.br\/wp-content\/uploads\/2022\/11\/0fd0847c-7823-44fc-8ed4-64aaec5ee758-696x338.jpg 696w\" sizes=\"(max-width: 555px) 100vw, 555px\" \/><\/figure>\n\n\n\n<p>A Pol\u00edcia Militar recebeu den\u00fancia an\u00f4nima, no domingo (30\/10), informando que teria ocorrido um disparo de arma de fogo no C\u00f3rrego Piau\u00ed I, zona rural de Cara\u00ed, e uma equipe foi ao local, onde foi constatado que um cachorro havia sido ferido por disparo de arma de fogo, e em dilig\u00eancias na localidade os policiais identificaram dois suspeitos que residem nas proximidades.<\/p>\n\n\n\n<p>Os militares conseguiram localizar os dois irm\u00e3os em casa, onde foram apreendidas tr\u00eas armas de fogo, e eles admitiram a autoria do crime, e disseram que a motiva\u00e7\u00e3o teria sido porque em data anterior o cachorro teria avan\u00e7ado na m\u00e3e deles. Foram dois tiros efetuados no cachorro pit-bull, um pegou de rasp\u00e3o na cabe\u00e7a, e iria passar por cuidados veterin\u00e1rios. Segundo a PM, os envolvidos s\u00e3o familiares.<\/p>\n\n\n\n<p>Os autores, maiores de idade, foram presos pelos crimes de maus tratos a animais e posse ilegal de arma de fogo, e encaminhados juntamente com os materiais apreendidos, para a delegacia de Pol\u00edcia Civil em Te\u00f3filo Otoni, para as provid\u00eancias de pol\u00edcia judici\u00e1ria.<\/p>\n\n\n\n<p><strong>Foram apreendidos: <\/strong>01 rev\u00f3lver calibre 32, 01 cartucheira calibre 36 e 01 espingarda de fabrica\u00e7\u00e3o artesanal, al\u00e9m de 04 muni\u00e7\u00f5es intactas e 02 deflagradas de calibre 22. <strong>Equipe policial:<\/strong> tenente Marlos, sargentos Pedroza e J\u00falio, soldado Torres. (Informa\u00e7\u00f5es\/Fotos: tenente Marlos Aur\u00e9lio).<\/p>\n","protected":false},"excerpt":{"rendered":"<p>A Pol\u00edcia Militar recebeu den\u00fancia an\u00f4nima, no domingo (30\/10), informando que teria ocorrido um disparo de arma de fogo no C\u00f3rrego Piau\u00ed I, zona rural de Cara\u00ed, e uma equipe foi ao local, onde foi constatado que um cachorro havia sido ferido por disparo de arma de fogo, e em dilig\u00eancias na localidade os policiais [&hellip;]<\/p>\n","protected":false},"author":1,"featured_media":17305,"comment_status":"open","ping_status":"open","sticky":false,"template":"","format":"standard","meta":{"rop_custom_images_group":[],"rop_custom_messages_group":[],"rop_publish_now":"initial","rop_publish_now_accounts":[],"rop_publish_now_history":[],"rop_publish_now_status":"pending","footnotes":""},"categories":[25,20],"tags":[1055,516,46,515,76,1137],"class_list":["post-17304","post","type-post","status-publish","format-standard","has-post-thumbnail","hentry","category-destaque","category-policia","tag-arma-de-fogo","tag-cachorro","tag-carai","tag-maus-tratos","tag-policia-militar","tag-zona-rural"],"_links":{"self":[{"href":"https:\/\/diariotribuna.com.br\/index.php?rest_route=\/wp\/v2\/posts\/17304"}],"collection":[{"href":"https:\/\/diariotribuna.com.br\/index.php?rest_route=\/wp\/v2\/posts"}],"about":[{"href":"https:\/\/diariotribuna.com.br\/index.php?rest_route=\/wp\/v2\/types\/post"}],"author":[{"embeddable":true,"href":"https:\/\/diariotribuna.com.br\/index.php?rest_route=\/wp\/v2\/users\/1"}],"replies":[{"embeddable":true,"href":"https:\/\/diariotribuna.com.br\/index.php?rest_route=%2Fwp%2Fv2%2Fcomments&post=17304"}],"version-history":[{"count":2,"href":"https:\/\/diariotribuna.com.br\/index.php?rest_route=\/wp\/v2\/posts\/17304\/revisions"}],"predecessor-version":[{"id":17307,"href":"https:\/\/diariotribuna.com.br\/index.php?rest_route=\/wp\/v2\/posts\/17304\/revisions\/17307"}],"wp:featuredmedia":[{"embeddable":true,"href":"https:\/\/diariotribuna.com.br\/index.php?rest_route=\/wp\/v2\/media\/17305"}],"wp:attachment":[{"href":"https:\/\/diariotribuna.com.br\/index.php?rest_route=%2Fwp%2Fv2%2Fmedia&parent=17304"}],"wp:term":[{"taxonomy":"category","embeddable":true,"href":"https:\/\/diariotribuna.com.br\/index.php?rest_route=%2Fwp%2Fv2%2Fcategories&post=17304"},{"taxonomy":"post_tag","embeddable":true,"href":"https:\/\/diariotribuna.com.br\/index.php?rest_route=%2Fwp%2Fv2%2Ftags&post=17304"}],"curies":[{"name":"wp","href":"https:\/\/api.w.org\/{rel}","templated":true}]}}