{"id":17328,"date":"2022-11-04T14:53:08","date_gmt":"2022-11-04T17:53:08","guid":{"rendered":"https:\/\/diariotribuna.com.br\/?p=17328"},"modified":"2022-11-04T14:53:09","modified_gmt":"2022-11-04T17:53:09","slug":"policias-civil-e-militar-deflagram-a-operacao-divisa-segura-em-repressao-ao-trafico-de-drogas-em-divisopolis","status":"publish","type":"post","link":"https:\/\/diariotribuna.com.br\/?p=17328","title":{"rendered":"Pol\u00edcias Civil e Militar deflagram a opera\u00e7\u00e3o &#8220;Divisa Segura&#8221; em repress\u00e3o ao tr\u00e1fico de drogas em Divis\u00f3polis"},"content":{"rendered":"\n<figure class=\"wp-block-image size-full is-resized is-style-default\"><img loading=\"lazy\" decoding=\"async\" src=\"https:\/\/diariotribuna.com.br\/wp-content\/uploads\/2022\/11\/2a5965a5-5bba-4b0a-bcb2-539d947d2ec3.jpg\" alt=\"\" class=\"wp-image-17329\" width=\"590\" height=\"367\" srcset=\"https:\/\/diariotribuna.com.br\/wp-content\/uploads\/2022\/11\/2a5965a5-5bba-4b0a-bcb2-539d947d2ec3.jpg 700w, https:\/\/diariotribuna.com.br\/wp-content\/uploads\/2022\/11\/2a5965a5-5bba-4b0a-bcb2-539d947d2ec3-300x186.jpg 300w, https:\/\/diariotribuna.com.br\/wp-content\/uploads\/2022\/11\/2a5965a5-5bba-4b0a-bcb2-539d947d2ec3-356x220.jpg 356w, https:\/\/diariotribuna.com.br\/wp-content\/uploads\/2022\/11\/2a5965a5-5bba-4b0a-bcb2-539d947d2ec3-696x433.jpg 696w, https:\/\/diariotribuna.com.br\/wp-content\/uploads\/2022\/11\/2a5965a5-5bba-4b0a-bcb2-539d947d2ec3-676x420.jpg 676w\" sizes=\"(max-width: 590px) 100vw, 590px\" \/><\/figure>\n\n\n\n<p>A Pol\u00edcia Civil de Minas Gerais, por meio da 3\u00aa Delegacia Regional de Almenara, juntamente com a Pol\u00edcia Militar de Minas Gerais, deflagrou a opera\u00e7\u00e3o &#8220;Divisa Segura&#8221;, na sexta-feira (04\/11), com o objetivo de reprimir o tr\u00e1fico de drogas no munic\u00edpio de Divis\u00f3polis, no Vale do Jequitinhonha.<\/p>\n\n\n\n<p>Segundo a Pol\u00edcia Civil, ap\u00f3s reunir elementos que indicavam a exist\u00eancia de uma rede criminosa no munic\u00edpio, com recebimento de relevante quantidade de droga, armazenamento, distribui\u00e7\u00e3o e revenda do material il\u00edcito, foi representado junto ao Poder Judici\u00e1rio pelo mandado de busca e apreens\u00e3o em face de 6 investigados.<\/p>\n\n\n\n<p>Com o parecer favor\u00e1vel do Minist\u00e9rio P\u00fablico e deferimento da medida, foi elaborado a deflagra\u00e7\u00e3o da opera\u00e7\u00e3o. O trabalho conjunto entre as for\u00e7as de seguran\u00e7a p\u00fablica da regi\u00e3o teve como resultado o cumprimento de mandados de busca e apreens\u00e3o em 7 endere\u00e7os, a apreens\u00e3o de droga, muni\u00e7\u00e3o, importante material probat\u00f3rio e a pris\u00e3o de tr\u00eas indiv\u00edduos.<\/p>\n\n\n\n<figure class=\"wp-block-image size-full is-resized is-style-default\"><img loading=\"lazy\" decoding=\"async\" src=\"https:\/\/diariotribuna.com.br\/wp-content\/uploads\/2022\/11\/e0a00199-09fa-4801-be40-9fb3698fd2fb.jpg\" alt=\"\" class=\"wp-image-17330\" width=\"487\" height=\"306\" srcset=\"https:\/\/diariotribuna.com.br\/wp-content\/uploads\/2022\/11\/e0a00199-09fa-4801-be40-9fb3698fd2fb.jpg 600w, https:\/\/diariotribuna.com.br\/wp-content\/uploads\/2022\/11\/e0a00199-09fa-4801-be40-9fb3698fd2fb-300x189.jpg 300w\" sizes=\"(max-width: 487px) 100vw, 487px\" \/><\/figure>\n\n\n\n<p>Participaram da opera\u00e7\u00e3o &#8220;Divisa Segura&#8221; um total de 13 policiais civis e 17 militares. \u201cA a\u00e7\u00e3o representa mais um forte e contundente golpe no tr\u00e1fico de drogas no Baixo Jequitinhonha\u201d, destacou o delegado regional de Almenara, dr. Thiago de Carvalho Passos. (Informa\u00e7\u00f5es\/Fotos: PCMG\/ Dr. Thiago Passos).<\/p>\n\n\n\n<p><strong>Pol\u00edcia Civil de Minas Gerais: &#8220;Mais pr\u00f3xima de voc\u00ea<\/strong>&#8220;<\/p>\n\n\n\n<p><strong>Instagram:<\/strong> @pcmg.oficial<\/p>\n\n\n\n<p><strong>Facebook:<\/strong> @pcmgoficial<\/p>\n\n\n\n<p><strong>Twitter:<\/strong> @pcmgoficial<\/p>\n\n\n\n<p><strong>YouTube:<\/strong> @pcmgoficial<\/p>\n\n\n\n<p><strong><a href=\"http:\/\/www.policiacivil.mg.gov.br\">www.policiacivil.mg.gov.br<\/a><\/strong><\/p>\n","protected":false},"excerpt":{"rendered":"<p>A Pol\u00edcia Civil de Minas Gerais, por meio da 3\u00aa Delegacia Regional de Almenara, juntamente com a Pol\u00edcia Militar de Minas Gerais, deflagrou a opera\u00e7\u00e3o &#8220;Divisa Segura&#8221;, na sexta-feira (04\/11), com o objetivo de reprimir o tr\u00e1fico de drogas no munic\u00edpio de Divis\u00f3polis, no Vale do Jequitinhonha. Segundo a Pol\u00edcia Civil, ap\u00f3s reunir elementos que [&hellip;]<\/p>\n","protected":false},"author":1,"featured_media":17329,"comment_status":"open","ping_status":"open","sticky":false,"template":"","format":"standard","meta":{"rop_custom_images_group":[],"rop_custom_messages_group":[],"rop_publish_now":"initial","rop_publish_now_accounts":[],"rop_publish_now_history":[],"rop_publish_now_status":"pending","footnotes":""},"categories":[25,20],"tags":[4322,4447,292,76,3135],"class_list":["post-17328","post","type-post","status-publish","format-standard","has-post-thumbnail","hentry","category-destaque","category-policia","tag-divisopolis","tag-operacao-divisa-segura","tag-policia-civil","tag-policia-militar","tag-vale-do-jequitinhonha"],"_links":{"self":[{"href":"https:\/\/diariotribuna.com.br\/index.php?rest_route=\/wp\/v2\/posts\/17328"}],"collection":[{"href":"https:\/\/diariotribuna.com.br\/index.php?rest_route=\/wp\/v2\/posts"}],"about":[{"href":"https:\/\/diariotribuna.com.br\/index.php?rest_route=\/wp\/v2\/types\/post"}],"author":[{"embeddable":true,"href":"https:\/\/diariotribuna.com.br\/index.php?rest_route=\/wp\/v2\/users\/1"}],"replies":[{"embeddable":true,"href":"https:\/\/diariotribuna.com.br\/index.php?rest_route=%2Fwp%2Fv2%2Fcomments&post=17328"}],"version-history":[{"count":1,"href":"https:\/\/diariotribuna.com.br\/index.php?rest_route=\/wp\/v2\/posts\/17328\/revisions"}],"predecessor-version":[{"id":17331,"href":"https:\/\/diariotribuna.com.br\/index.php?rest_route=\/wp\/v2\/posts\/17328\/revisions\/17331"}],"wp:featuredmedia":[{"embeddable":true,"href":"https:\/\/diariotribuna.com.br\/index.php?rest_route=\/wp\/v2\/media\/17329"}],"wp:attachment":[{"href":"https:\/\/diariotribuna.com.br\/index.php?rest_route=%2Fwp%2Fv2%2Fmedia&parent=17328"}],"wp:term":[{"taxonomy":"category","embeddable":true,"href":"https:\/\/diariotribuna.com.br\/index.php?rest_route=%2Fwp%2Fv2%2Fcategories&post=17328"},{"taxonomy":"post_tag","embeddable":true,"href":"https:\/\/diariotribuna.com.br\/index.php?rest_route=%2Fwp%2Fv2%2Ftags&post=17328"}],"curies":[{"name":"wp","href":"https:\/\/api.w.org\/{rel}","templated":true}]}}