{"id":17339,"date":"2022-11-06T23:37:32","date_gmt":"2022-11-07T02:37:32","guid":{"rendered":"https:\/\/diariotribuna.com.br\/?p=17339"},"modified":"2022-11-08T23:40:53","modified_gmt":"2022-11-09T02:40:53","slug":"secretario-adjunto-da-sejusp-jeferson-botelho-participa-de-solenidade-na-academia-de-policia-militar-de-minas-gerais","status":"publish","type":"post","link":"https:\/\/diariotribuna.com.br\/?p=17339","title":{"rendered":"Secret\u00e1rio-Adjunto da Sejusp, Jeferson Botelho, participa de solenidade na Academia de Pol\u00edcia Militar de Minas Gerais"},"content":{"rendered":"\n<figure class=\"wp-block-image size-full is-resized is-style-default\"><img loading=\"lazy\" decoding=\"async\" src=\"https:\/\/diariotribuna.com.br\/wp-content\/uploads\/2022\/11\/unnamed-file.jpg\" alt=\"\" class=\"wp-image-17340\" width=\"545\" height=\"348\" srcset=\"https:\/\/diariotribuna.com.br\/wp-content\/uploads\/2022\/11\/unnamed-file.jpg 700w, https:\/\/diariotribuna.com.br\/wp-content\/uploads\/2022\/11\/unnamed-file-300x192.jpg 300w, https:\/\/diariotribuna.com.br\/wp-content\/uploads\/2022\/11\/unnamed-file-696x444.jpg 696w, https:\/\/diariotribuna.com.br\/wp-content\/uploads\/2022\/11\/unnamed-file-658x420.jpg 658w\" sizes=\"(max-width: 545px) 100vw, 545px\" \/><\/figure>\n\n\n\n<p>O secret\u00e1rio-adjunto da Secretaria de Estado de Justi\u00e7a e Seguran\u00e7a P\u00fablica de Minas Gerais (Sejusp), Jeferson Botelho, participou, na noite de sexta-feira (04\/11), \u00e0s 21h, da solenidade de formatura do Curso de Especializa\u00e7\u00e3o em Seguran\u00e7a P\u00fablica na Academia de Pol\u00edcia Militar de Minas Gerais, em Belo Horizonte. \u201cQuem conhece o resultado geralmente n\u00e3o sabe do processo e do sacrif\u00edcio. Orgulho de ter sido Sargento da PMMG no 19\u00ba Batalh\u00e3o de Pol\u00edcia Militar em Te\u00f3filo Otoni. 247 anos de p\u00e1ginas hist\u00f3ricas imortais\u201d, disse Botelho.<\/p>\n\n\n\n<p>Durante a solenidade, Jeferson Botelho se encontrou com amigos de Te\u00f3filo Otoni e de toda Minas Gerais, com v\u00e1rias autoridades, e tamb\u00e9m com o vice-governador eleito de Minas Gerais na \u00faltima elei\u00e7\u00e3o, o professor Matheus Sim\u00f5es. Disse que ficou muito feliz em participar de um evento muito importante para a seguran\u00e7a p\u00fablica de Minas Gerais. Para ele, capacitar profissionais \u00e9 sempre uma quest\u00e3o de zelo para aprimorar o servi\u00e7o p\u00fablico, e a PM de Minas Gerais \u00e9 exemplo de excel\u00eancia na seguran\u00e7a p\u00fablica do Brasil.<\/p>\n\n\n\n<figure class=\"wp-block-gallery has-nested-images columns-2 is-cropped wp-block-gallery-1 is-layout-flex wp-block-gallery-is-layout-flex\">\n<figure class=\"wp-block-image size-large is-style-default\"><img loading=\"lazy\" decoding=\"async\" width=\"600\" height=\"414\" data-id=\"17351\" src=\"https:\/\/diariotribuna.com.br\/wp-content\/uploads\/2022\/11\/2.jpg\" alt=\"\" class=\"wp-image-17351\" srcset=\"https:\/\/diariotribuna.com.br\/wp-content\/uploads\/2022\/11\/2.jpg 600w, https:\/\/diariotribuna.com.br\/wp-content\/uploads\/2022\/11\/2-300x207.jpg 300w, https:\/\/diariotribuna.com.br\/wp-content\/uploads\/2022\/11\/2-100x70.jpg 100w, https:\/\/diariotribuna.com.br\/wp-content\/uploads\/2022\/11\/2-218x150.jpg 218w\" sizes=\"(max-width: 600px) 100vw, 600px\" \/><\/figure>\n\n\n\n<figure class=\"wp-block-image size-large is-style-default\"><img loading=\"lazy\" decoding=\"async\" width=\"600\" height=\"647\" data-id=\"17349\" src=\"https:\/\/diariotribuna.com.br\/wp-content\/uploads\/2022\/11\/6.jpg\" alt=\"\" class=\"wp-image-17349\" srcset=\"https:\/\/diariotribuna.com.br\/wp-content\/uploads\/2022\/11\/6.jpg 600w, https:\/\/diariotribuna.com.br\/wp-content\/uploads\/2022\/11\/6-278x300.jpg 278w, https:\/\/diariotribuna.com.br\/wp-content\/uploads\/2022\/11\/6-389x420.jpg 389w\" sizes=\"(max-width: 600px) 100vw, 600px\" \/><\/figure>\n\n\n\n<figure class=\"wp-block-image size-large is-style-default\"><img loading=\"lazy\" decoding=\"async\" width=\"600\" height=\"442\" data-id=\"17353\" src=\"https:\/\/diariotribuna.com.br\/wp-content\/uploads\/2022\/11\/unnamed-file-6.jpg\" alt=\"\" class=\"wp-image-17353\" srcset=\"https:\/\/diariotribuna.com.br\/wp-content\/uploads\/2022\/11\/unnamed-file-6.jpg 600w, https:\/\/diariotribuna.com.br\/wp-content\/uploads\/2022\/11\/unnamed-file-6-300x221.jpg 300w, https:\/\/diariotribuna.com.br\/wp-content\/uploads\/2022\/11\/unnamed-file-6-80x60.jpg 80w, https:\/\/diariotribuna.com.br\/wp-content\/uploads\/2022\/11\/unnamed-file-6-570x420.jpg 570w\" sizes=\"(max-width: 600px) 100vw, 600px\" \/><\/figure>\n\n\n\n<figure class=\"wp-block-image size-large is-style-default\"><img loading=\"lazy\" decoding=\"async\" width=\"600\" height=\"452\" data-id=\"17347\" src=\"https:\/\/diariotribuna.com.br\/wp-content\/uploads\/2022\/11\/7-1.jpg\" alt=\"\" class=\"wp-image-17347\" srcset=\"https:\/\/diariotribuna.com.br\/wp-content\/uploads\/2022\/11\/7-1.jpg 600w, https:\/\/diariotribuna.com.br\/wp-content\/uploads\/2022\/11\/7-1-300x226.jpg 300w, https:\/\/diariotribuna.com.br\/wp-content\/uploads\/2022\/11\/7-1-80x60.jpg 80w, https:\/\/diariotribuna.com.br\/wp-content\/uploads\/2022\/11\/7-1-558x420.jpg 558w\" sizes=\"(max-width: 600px) 100vw, 600px\" \/><\/figure>\n\n\n\n<figure class=\"wp-block-image size-large is-style-default\"><img loading=\"lazy\" decoding=\"async\" width=\"600\" height=\"414\" data-id=\"17348\" src=\"https:\/\/diariotribuna.com.br\/wp-content\/uploads\/2022\/11\/5.jpg\" alt=\"\" class=\"wp-image-17348\" srcset=\"https:\/\/diariotribuna.com.br\/wp-content\/uploads\/2022\/11\/5.jpg 600w, https:\/\/diariotribuna.com.br\/wp-content\/uploads\/2022\/11\/5-300x207.jpg 300w, https:\/\/diariotribuna.com.br\/wp-content\/uploads\/2022\/11\/5-100x70.jpg 100w, https:\/\/diariotribuna.com.br\/wp-content\/uploads\/2022\/11\/5-218x150.jpg 218w\" sizes=\"(max-width: 600px) 100vw, 600px\" \/><\/figure>\n\n\n\n<figure class=\"wp-block-image size-large is-style-default\"><img loading=\"lazy\" decoding=\"async\" width=\"600\" height=\"436\" data-id=\"17345\" src=\"https:\/\/diariotribuna.com.br\/wp-content\/uploads\/2022\/11\/1-1.jpg\" alt=\"\" class=\"wp-image-17345\" srcset=\"https:\/\/diariotribuna.com.br\/wp-content\/uploads\/2022\/11\/1-1.jpg 600w, https:\/\/diariotribuna.com.br\/wp-content\/uploads\/2022\/11\/1-1-300x218.jpg 300w, https:\/\/diariotribuna.com.br\/wp-content\/uploads\/2022\/11\/1-1-324x235.jpg 324w, https:\/\/diariotribuna.com.br\/wp-content\/uploads\/2022\/11\/1-1-578x420.jpg 578w\" sizes=\"(max-width: 600px) 100vw, 600px\" \/><\/figure>\n<\/figure>\n\n\n\n<p>\u201cRetornar \u00e0 Academia da Pol\u00edcia Militar \u00e9 sempre uma emo\u00e7\u00e3o; aqui fiz o meu curso de forma\u00e7\u00e3o de Sargento de 1986; aqui aprendi o verdadeiro amor \u00e0 Institui\u00e7\u00e3o. Ao final da solenidade de Formatura do Curso de Especializa\u00e7\u00e3o de Seguran\u00e7a P\u00fablica, uma emo\u00e7\u00e3o maior, reencontrar amigos de Te\u00f3filo Otoni, rever o colega Altamiro Ramos e sua filha Capit\u00e3 PM Nathalia Ramos me fez refletir sobre o valor da minha cidade, o compromisso com os ideais de liberdade. A Capit\u00e3 PM Nathalia trabalhou muito tempo em Te\u00f3filo Otoni, prestou relevantes servi\u00e7os \u00e0 sociedade, gente que constr\u00f3i uma sociedade melhor para se viver, empreender, e ser feliz\u201d.<\/p>\n\n\n\n<figure class=\"wp-block-image size-full is-resized is-style-default\"><img loading=\"lazy\" decoding=\"async\" src=\"https:\/\/diariotribuna.com.br\/wp-content\/uploads\/2022\/11\/unnamed-file-4.jpg\" alt=\"\" class=\"wp-image-17350\" width=\"672\" height=\"448\" srcset=\"https:\/\/diariotribuna.com.br\/wp-content\/uploads\/2022\/11\/unnamed-file-4.jpg 600w, https:\/\/diariotribuna.com.br\/wp-content\/uploads\/2022\/11\/unnamed-file-4-300x200.jpg 300w\" sizes=\"(max-width: 672px) 100vw, 672px\" \/><\/figure>\n","protected":false},"excerpt":{"rendered":"<p>O secret\u00e1rio-adjunto da Secretaria de Estado de Justi\u00e7a e Seguran\u00e7a P\u00fablica de Minas Gerais (Sejusp), Jeferson Botelho, participou, na noite de sexta-feira (04\/11), \u00e0s 21h, da solenidade de formatura do Curso de Especializa\u00e7\u00e3o em Seguran\u00e7a P\u00fablica na Academia de Pol\u00edcia Militar de Minas Gerais, em Belo Horizonte. \u201cQuem conhece o resultado geralmente n\u00e3o sabe do [&hellip;]<\/p>\n","protected":false},"author":1,"featured_media":17340,"comment_status":"open","ping_status":"open","sticky":false,"template":"","format":"standard","meta":{"rop_custom_images_group":[],"rop_custom_messages_group":[],"rop_publish_now":"initial","rop_publish_now_accounts":[],"rop_publish_now_history":[],"rop_publish_now_status":"pending","footnotes":""},"categories":[19],"tags":[4907,2799,2337,70,76,2926],"class_list":["post-17339","post","type-post","status-publish","format-standard","has-post-thumbnail","hentry","category-gerais","tag-academia-pmmg","tag-formatura","tag-jeferson-botelho","tag-minas-gerais","tag-policia-militar","tag-seguranca-publica"],"_links":{"self":[{"href":"https:\/\/diariotribuna.com.br\/index.php?rest_route=\/wp\/v2\/posts\/17339"}],"collection":[{"href":"https:\/\/diariotribuna.com.br\/index.php?rest_route=\/wp\/v2\/posts"}],"about":[{"href":"https:\/\/diariotribuna.com.br\/index.php?rest_route=\/wp\/v2\/types\/post"}],"author":[{"embeddable":true,"href":"https:\/\/diariotribuna.com.br\/index.php?rest_route=\/wp\/v2\/users\/1"}],"replies":[{"embeddable":true,"href":"https:\/\/diariotribuna.com.br\/index.php?rest_route=%2Fwp%2Fv2%2Fcomments&post=17339"}],"version-history":[{"count":1,"href":"https:\/\/diariotribuna.com.br\/index.php?rest_route=\/wp\/v2\/posts\/17339\/revisions"}],"predecessor-version":[{"id":17354,"href":"https:\/\/diariotribuna.com.br\/index.php?rest_route=\/wp\/v2\/posts\/17339\/revisions\/17354"}],"wp:featuredmedia":[{"embeddable":true,"href":"https:\/\/diariotribuna.com.br\/index.php?rest_route=\/wp\/v2\/media\/17340"}],"wp:attachment":[{"href":"https:\/\/diariotribuna.com.br\/index.php?rest_route=%2Fwp%2Fv2%2Fmedia&parent=17339"}],"wp:term":[{"taxonomy":"category","embeddable":true,"href":"https:\/\/diariotribuna.com.br\/index.php?rest_route=%2Fwp%2Fv2%2Fcategories&post=17339"},{"taxonomy":"post_tag","embeddable":true,"href":"https:\/\/diariotribuna.com.br\/index.php?rest_route=%2Fwp%2Fv2%2Ftags&post=17339"}],"curies":[{"name":"wp","href":"https:\/\/api.w.org\/{rel}","templated":true}]}}