{"id":1735,"date":"2020-07-19T20:13:32","date_gmt":"2020-07-19T23:13:32","guid":{"rendered":"https:\/\/diariotribuna.com.br\/?p=1735"},"modified":"2020-07-19T20:13:33","modified_gmt":"2020-07-19T23:13:33","slug":"policia-militar-deflagra-a-operacao-cavalo-de-aco-em-felisburgo","status":"publish","type":"post","link":"https:\/\/diariotribuna.com.br\/?p=1735","title":{"rendered":"Pol\u00edcia Militar deflagra a opera\u00e7\u00e3o \u201cCavalo de A\u00e7o\u201d em Felisburgo"},"content":{"rendered":"\n<figure class=\"wp-block-image size-large is-resized\"><img loading=\"lazy\" decoding=\"async\" src=\"https:\/\/diariotribuna.com.br\/wp-content\/uploads\/2020\/07\/drogas-felisburgo-16.jpeg\" alt=\"\" class=\"wp-image-1736\" width=\"501\" height=\"320\" srcset=\"https:\/\/diariotribuna.com.br\/wp-content\/uploads\/2020\/07\/drogas-felisburgo-16.jpeg 700w, https:\/\/diariotribuna.com.br\/wp-content\/uploads\/2020\/07\/drogas-felisburgo-16-300x192.jpeg 300w, https:\/\/diariotribuna.com.br\/wp-content\/uploads\/2020\/07\/drogas-felisburgo-16-696x444.jpeg 696w, https:\/\/diariotribuna.com.br\/wp-content\/uploads\/2020\/07\/drogas-felisburgo-16-658x420.jpeg 658w\" sizes=\"(max-width: 501px) 100vw, 501px\" \/><\/figure>\n\n\n\n<p>A Pol\u00edcia Militar prendeu um homem de 39 anos, na quinta-feira (16\/07), na MG-205, munic\u00edpio de Felisburgo, suspeito de envolvimento no tr\u00e1fico de entorpecentes. Durante a opera\u00e7\u00e3o denominada \u201cCavalo de A\u00e7o\u201d, os militares receberam den\u00fancia informando que o homem estaria vindo da cidade de Joa\u00edma com drogas em uma motocicleta. O ve\u00edculo abordado, o suspeito tentou fugir ao perceber a viatura policial, mas foi cercado e alcan\u00e7ado.<\/p>\n\n\n\n<p>&nbsp;Nas buscas foram localizados e apreendidos 03 tabletes de maconha, um aparelho celular de proced\u00eancia duvidosa, R$54,00 e a motocicleta utilizada no transporte da droga. O suspeito e os materiais apreendidos foram encaminhados para a delegacia de Pol\u00edcia Civil. Denuncie crimes, ligue 181. (Informa\u00e7\u00f5es\/Fotos: ACO 44\u00ba BPM, Almenara).<\/p>\n","protected":false},"excerpt":{"rendered":"<p>A Pol\u00edcia Militar prendeu um homem de 39 anos, na quinta-feira (16\/07), na MG-205, munic\u00edpio de Felisburgo, suspeito de envolvimento no tr\u00e1fico de entorpecentes. Durante a opera\u00e7\u00e3o denominada \u201cCavalo de A\u00e7o\u201d, os militares receberam den\u00fancia informando que o homem estaria vindo da cidade de Joa\u00edma com drogas em uma motocicleta. O ve\u00edculo abordado, o suspeito [&hellip;]<\/p>\n","protected":false},"author":1,"featured_media":1736,"comment_status":"open","ping_status":"open","sticky":false,"template":"","format":"standard","meta":{"rop_custom_images_group":[],"rop_custom_messages_group":[],"rop_publish_now":"initial","rop_publish_now_accounts":[],"rop_publish_now_history":[],"rop_publish_now_status":"pending","footnotes":""},"categories":[20],"tags":[618,617,76],"class_list":["post-1735","post","type-post","status-publish","format-standard","has-post-thumbnail","hentry","category-policia","tag-felisburgo","tag-operacao-cavalo-de-aco","tag-policia-militar"],"_links":{"self":[{"href":"https:\/\/diariotribuna.com.br\/index.php?rest_route=\/wp\/v2\/posts\/1735"}],"collection":[{"href":"https:\/\/diariotribuna.com.br\/index.php?rest_route=\/wp\/v2\/posts"}],"about":[{"href":"https:\/\/diariotribuna.com.br\/index.php?rest_route=\/wp\/v2\/types\/post"}],"author":[{"embeddable":true,"href":"https:\/\/diariotribuna.com.br\/index.php?rest_route=\/wp\/v2\/users\/1"}],"replies":[{"embeddable":true,"href":"https:\/\/diariotribuna.com.br\/index.php?rest_route=%2Fwp%2Fv2%2Fcomments&post=1735"}],"version-history":[{"count":1,"href":"https:\/\/diariotribuna.com.br\/index.php?rest_route=\/wp\/v2\/posts\/1735\/revisions"}],"predecessor-version":[{"id":1737,"href":"https:\/\/diariotribuna.com.br\/index.php?rest_route=\/wp\/v2\/posts\/1735\/revisions\/1737"}],"wp:featuredmedia":[{"embeddable":true,"href":"https:\/\/diariotribuna.com.br\/index.php?rest_route=\/wp\/v2\/media\/1736"}],"wp:attachment":[{"href":"https:\/\/diariotribuna.com.br\/index.php?rest_route=%2Fwp%2Fv2%2Fmedia&parent=1735"}],"wp:term":[{"taxonomy":"category","embeddable":true,"href":"https:\/\/diariotribuna.com.br\/index.php?rest_route=%2Fwp%2Fv2%2Fcategories&post=1735"},{"taxonomy":"post_tag","embeddable":true,"href":"https:\/\/diariotribuna.com.br\/index.php?rest_route=%2Fwp%2Fv2%2Ftags&post=1735"}],"curies":[{"name":"wp","href":"https:\/\/api.w.org\/{rel}","templated":true}]}}