{"id":17365,"date":"2022-11-08T16:48:36","date_gmt":"2022-11-08T19:48:36","guid":{"rendered":"https:\/\/diariotribuna.com.br\/?p=17365"},"modified":"2022-11-10T14:19:39","modified_gmt":"2022-11-10T17:19:39","slug":"diario-tribuna-08-de-novembro-2022-teofilo-otoni-mg","status":"publish","type":"post","link":"https:\/\/diariotribuna.com.br\/?p=17365","title":{"rendered":"Di\u00e1rio Tribuna, 08 de Novembro 2022, Te\u00f3filo Otoni &#8211; MG"},"content":{"rendered":"\n<figure class=\"wp-block-image size-full is-resized is-style-default\"><img loading=\"lazy\" decoding=\"async\" src=\"https:\/\/diariotribuna.com.br\/wp-content\/uploads\/2022\/11\/6803b42b-8dc6-4464-abe0-d82081a2c1ba.jpg\" alt=\"\" class=\"wp-image-17367\" width=\"367\" height=\"522\" srcset=\"https:\/\/diariotribuna.com.br\/wp-content\/uploads\/2022\/11\/6803b42b-8dc6-4464-abe0-d82081a2c1ba.jpg 698w, https:\/\/diariotribuna.com.br\/wp-content\/uploads\/2022\/11\/6803b42b-8dc6-4464-abe0-d82081a2c1ba-211x300.jpg 211w, https:\/\/diariotribuna.com.br\/wp-content\/uploads\/2022\/11\/6803b42b-8dc6-4464-abe0-d82081a2c1ba-696x989.jpg 696w, https:\/\/diariotribuna.com.br\/wp-content\/uploads\/2022\/11\/6803b42b-8dc6-4464-abe0-d82081a2c1ba-296x420.jpg 296w\" sizes=\"(max-width: 367px) 100vw, 367px\" \/><\/figure>\n\n\n\n<h2 class=\"wp-block-heading\"><strong><strong><mark style=\"background-color:rgba(0, 0, 0, 0)\" class=\"has-inline-color has-vivid-red-color\">Acesse o link abaixo e veja a edi\u00e7\u00e3o completa do Di\u00e1rio Tribuna desta ter\u00e7a-feira (08\/11\/2022)<\/mark><\/strong><\/strong><\/h2>\n\n\n\n<h2 class=\"wp-block-heading\"><a href=\"https:\/\/diariotribuna.com.br\/wp-content\/uploads\/2022\/11\/DIARIO-TRIBUNA-53-ANOS-08-NOVEMBRO-2022.pdf\"><strong><mark style=\"background-color:rgba(0, 0, 0, 0)\" class=\"has-inline-color has-vivid-red-color\">https:\/\/diariotribuna.com.br\/wp-content\/uploads\/2022\/11\/DIARIO-TRIBUNA-53-ANOS-08-NOVEMBRO-2022.pdf<\/mark><\/strong><\/a><\/h2>\n","protected":false},"excerpt":{"rendered":"<p>Acesse o link abaixo e veja a edi\u00e7\u00e3o completa do Di\u00e1rio Tribuna desta ter\u00e7a-feira (08\/11\/2022) https:\/\/diariotribuna.com.br\/wp-content\/uploads\/2022\/11\/DIARIO-TRIBUNA-53-ANOS-08-NOVEMBRO-2022.pdf<\/p>\n","protected":false},"author":1,"featured_media":17367,"comment_status":"open","ping_status":"open","sticky":false,"template":"","format":"standard","meta":{"rop_custom_images_group":[],"rop_custom_messages_group":[],"rop_publish_now":"initial","rop_publish_now_accounts":[],"rop_publish_now_history":[],"rop_publish_now_status":"pending","footnotes":""},"categories":[17,23],"tags":[4912,42,1010,75,867],"class_list":["post-17365","post","type-post","status-publish","format-standard","has-post-thumbnail","hentry","category-teofilootoni","category-ultimaedicao","tag-08-11-2022","tag-diario-tribuna","tag-nordeste-mineiro","tag-teofilo-otoni","tag-vale-do-mucuri"],"_links":{"self":[{"href":"https:\/\/diariotribuna.com.br\/index.php?rest_route=\/wp\/v2\/posts\/17365"}],"collection":[{"href":"https:\/\/diariotribuna.com.br\/index.php?rest_route=\/wp\/v2\/posts"}],"about":[{"href":"https:\/\/diariotribuna.com.br\/index.php?rest_route=\/wp\/v2\/types\/post"}],"author":[{"embeddable":true,"href":"https:\/\/diariotribuna.com.br\/index.php?rest_route=\/wp\/v2\/users\/1"}],"replies":[{"embeddable":true,"href":"https:\/\/diariotribuna.com.br\/index.php?rest_route=%2Fwp%2Fv2%2Fcomments&post=17365"}],"version-history":[{"count":1,"href":"https:\/\/diariotribuna.com.br\/index.php?rest_route=\/wp\/v2\/posts\/17365\/revisions"}],"predecessor-version":[{"id":17368,"href":"https:\/\/diariotribuna.com.br\/index.php?rest_route=\/wp\/v2\/posts\/17365\/revisions\/17368"}],"wp:featuredmedia":[{"embeddable":true,"href":"https:\/\/diariotribuna.com.br\/index.php?rest_route=\/wp\/v2\/media\/17367"}],"wp:attachment":[{"href":"https:\/\/diariotribuna.com.br\/index.php?rest_route=%2Fwp%2Fv2%2Fmedia&parent=17365"}],"wp:term":[{"taxonomy":"category","embeddable":true,"href":"https:\/\/diariotribuna.com.br\/index.php?rest_route=%2Fwp%2Fv2%2Fcategories&post=17365"},{"taxonomy":"post_tag","embeddable":true,"href":"https:\/\/diariotribuna.com.br\/index.php?rest_route=%2Fwp%2Fv2%2Ftags&post=17365"}],"curies":[{"name":"wp","href":"https:\/\/api.w.org\/{rel}","templated":true}]}}