{"id":1738,"date":"2020-07-20T01:12:24","date_gmt":"2020-07-20T04:12:24","guid":{"rendered":"https:\/\/diariotribuna.com.br\/?p=1738"},"modified":"2020-07-20T01:12:25","modified_gmt":"2020-07-20T04:12:25","slug":"policia-civil-deflagra-operacao-lucano-em-pedra-azul-e-apreende-armas-de-fogo-documentos-e-equipamentos-eletronicos","status":"publish","type":"post","link":"https:\/\/diariotribuna.com.br\/?p=1738","title":{"rendered":"Pol\u00edcia Civil deflagra opera\u00e7\u00e3o \u201cLucano\u201d em Pedra Azul e apreende armas de fogo, documentos e equipamentos eletr\u00f4nicos"},"content":{"rendered":"\n<p><em>A opera\u00e7\u00e3o visa apurar poss\u00edvel pr\u00e1tica de crimes de peculato, falsidade ideol\u00f3gica e corrup\u00e7\u00e3o ativa envolvendo recursos p\u00fablicos<\/em><\/p>\n\n\n\n<figure class=\"wp-block-image size-large is-resized\"><img loading=\"lazy\" decoding=\"async\" src=\"https:\/\/diariotribuna.com.br\/wp-content\/uploads\/2020\/07\/4985181f-021e-4fe1-be48-23d7e9cbd633.jpg\" alt=\"\" class=\"wp-image-1739\" width=\"453\" height=\"339\" srcset=\"https:\/\/diariotribuna.com.br\/wp-content\/uploads\/2020\/07\/4985181f-021e-4fe1-be48-23d7e9cbd633.jpg 800w, https:\/\/diariotribuna.com.br\/wp-content\/uploads\/2020\/07\/4985181f-021e-4fe1-be48-23d7e9cbd633-300x225.jpg 300w, https:\/\/diariotribuna.com.br\/wp-content\/uploads\/2020\/07\/4985181f-021e-4fe1-be48-23d7e9cbd633-768x576.jpg 768w, https:\/\/diariotribuna.com.br\/wp-content\/uploads\/2020\/07\/4985181f-021e-4fe1-be48-23d7e9cbd633-80x60.jpg 80w, https:\/\/diariotribuna.com.br\/wp-content\/uploads\/2020\/07\/4985181f-021e-4fe1-be48-23d7e9cbd633-265x198.jpg 265w, https:\/\/diariotribuna.com.br\/wp-content\/uploads\/2020\/07\/4985181f-021e-4fe1-be48-23d7e9cbd633-696x522.jpg 696w, https:\/\/diariotribuna.com.br\/wp-content\/uploads\/2020\/07\/4985181f-021e-4fe1-be48-23d7e9cbd633-560x420.jpg 560w\" sizes=\"(max-width: 453px) 100vw, 453px\" \/><\/figure>\n\n\n\n<p>A Pol\u00edcia Civil de Minas Gerais, por meio da 2\u00aa Delegacia Regional de Pol\u00edcia Civil de Pedra Azul, deflagrou a opera\u00e7\u00e3o &#8220;Lucano&#8221;, na sexta-feira (17\/07\/2020), com a finalidade de apurar a poss\u00edvel pr\u00e1tica dos crimes de peculato, falsidade ideol\u00f3gica e corrup\u00e7\u00e3o ativa, envolvendo repasses financeiros dos entes p\u00fablicos, ao Hospital Ester Faria de Almeida para a aquisi\u00e7\u00e3o de respiradores e medicamentos necess\u00e1rios para o combate ao novo Coronav\u00edrus (Covid-19).<\/p>\n\n\n\n<p>A opera\u00e7\u00e3o foi iniciada ap\u00f3s a Pol\u00edcia Civil e o Minist\u00e9rio P\u00fablico receberem den\u00fancias de poss\u00edveis irregularidades na destina\u00e7\u00e3o de tais verbas. Segundo a PC foi cumprido mandado de busca e apreens\u00e3o na casa do principal alvo, onde foram encontradas duas armas de fogo, configurando a pr\u00e1tica de crime de posse ilegal de arma de fogo.\u00a0 O alvo foi conduzido \u00e0 delegacia de Pol\u00edcia Civil, onde sua pris\u00e3o foi ratificada pela autoridade policial.<\/p>\n\n\n\n<figure class=\"wp-block-image size-large is-resized\"><img loading=\"lazy\" decoding=\"async\" src=\"https:\/\/diariotribuna.com.br\/wp-content\/uploads\/2020\/07\/e0d1bd3f-d03b-48b4-8a1f-cbbb8bbf9045.jpg\" alt=\"\" class=\"wp-image-1740\" width=\"462\" height=\"347\" srcset=\"https:\/\/diariotribuna.com.br\/wp-content\/uploads\/2020\/07\/e0d1bd3f-d03b-48b4-8a1f-cbbb8bbf9045.jpg 800w, https:\/\/diariotribuna.com.br\/wp-content\/uploads\/2020\/07\/e0d1bd3f-d03b-48b4-8a1f-cbbb8bbf9045-300x225.jpg 300w, https:\/\/diariotribuna.com.br\/wp-content\/uploads\/2020\/07\/e0d1bd3f-d03b-48b4-8a1f-cbbb8bbf9045-768x576.jpg 768w, https:\/\/diariotribuna.com.br\/wp-content\/uploads\/2020\/07\/e0d1bd3f-d03b-48b4-8a1f-cbbb8bbf9045-80x60.jpg 80w, https:\/\/diariotribuna.com.br\/wp-content\/uploads\/2020\/07\/e0d1bd3f-d03b-48b4-8a1f-cbbb8bbf9045-265x198.jpg 265w, https:\/\/diariotribuna.com.br\/wp-content\/uploads\/2020\/07\/e0d1bd3f-d03b-48b4-8a1f-cbbb8bbf9045-696x522.jpg 696w, https:\/\/diariotribuna.com.br\/wp-content\/uploads\/2020\/07\/e0d1bd3f-d03b-48b4-8a1f-cbbb8bbf9045-560x420.jpg 560w\" sizes=\"(max-width: 462px) 100vw, 462px\" \/><\/figure>\n\n\n\n<p>Tamb\u00e9m foram apreendidos diversos documentos, computadores e equipamentos eletr\u00f4nicos que ser\u00e3o analisados e servir\u00e3o para a apura\u00e7\u00e3o dos fatos. Segundo o delegado respons\u00e1vel pelo inqu\u00e9rito policial, dr. Amaury Tomaz Ten\u00f3rio de Albuquerque, &#8220;as investiga\u00e7\u00f5es continuar\u00e3o, visando dar transpar\u00eancia aos recursos utilizados pelo Hospital Ester Faria de Almeida, e procura com tal investiga\u00e7\u00e3o dar tranquilidade aos habitantes de Pedra Azul e, nesta oportunidade, reconhece a import\u00e2ncia dos servi\u00e7os prestados pelo referido hospital&#8221;. (Informa\u00e7\u00f5es\/Fotos: Assessoria de comunica\u00e7\u00e3o da Pol\u00edcia Civil \/ Te\u00f3filo Otoni).<\/p>\n","protected":false},"excerpt":{"rendered":"<p>A opera\u00e7\u00e3o visa apurar poss\u00edvel pr\u00e1tica de crimes de peculato, falsidade ideol\u00f3gica e corrup\u00e7\u00e3o ativa envolvendo recursos p\u00fablicos A Pol\u00edcia Civil de Minas Gerais, por meio da 2\u00aa Delegacia Regional de Pol\u00edcia Civil de Pedra Azul, deflagrou a opera\u00e7\u00e3o &#8220;Lucano&#8221;, na sexta-feira (17\/07\/2020), com a finalidade de apurar a poss\u00edvel pr\u00e1tica dos crimes de peculato, [&hellip;]<\/p>\n","protected":false},"author":1,"featured_media":1739,"comment_status":"open","ping_status":"open","sticky":false,"template":"","format":"standard","meta":{"rop_custom_images_group":[],"rop_custom_messages_group":[],"rop_publish_now":"initial","rop_publish_now_accounts":[],"rop_publish_now_history":[],"rop_publish_now_status":"pending","footnotes":""},"categories":[25,20],"tags":[84,619,120,292,620],"class_list":["post-1738","post","type-post","status-publish","format-standard","has-post-thumbnail","hentry","category-destaque","category-policia","tag-covid-19","tag-operacao-lucano","tag-pedra-azul","tag-policia-civil","tag-recursos-publicos"],"_links":{"self":[{"href":"https:\/\/diariotribuna.com.br\/index.php?rest_route=\/wp\/v2\/posts\/1738"}],"collection":[{"href":"https:\/\/diariotribuna.com.br\/index.php?rest_route=\/wp\/v2\/posts"}],"about":[{"href":"https:\/\/diariotribuna.com.br\/index.php?rest_route=\/wp\/v2\/types\/post"}],"author":[{"embeddable":true,"href":"https:\/\/diariotribuna.com.br\/index.php?rest_route=\/wp\/v2\/users\/1"}],"replies":[{"embeddable":true,"href":"https:\/\/diariotribuna.com.br\/index.php?rest_route=%2Fwp%2Fv2%2Fcomments&post=1738"}],"version-history":[{"count":1,"href":"https:\/\/diariotribuna.com.br\/index.php?rest_route=\/wp\/v2\/posts\/1738\/revisions"}],"predecessor-version":[{"id":1741,"href":"https:\/\/diariotribuna.com.br\/index.php?rest_route=\/wp\/v2\/posts\/1738\/revisions\/1741"}],"wp:featuredmedia":[{"embeddable":true,"href":"https:\/\/diariotribuna.com.br\/index.php?rest_route=\/wp\/v2\/media\/1739"}],"wp:attachment":[{"href":"https:\/\/diariotribuna.com.br\/index.php?rest_route=%2Fwp%2Fv2%2Fmedia&parent=1738"}],"wp:term":[{"taxonomy":"category","embeddable":true,"href":"https:\/\/diariotribuna.com.br\/index.php?rest_route=%2Fwp%2Fv2%2Fcategories&post=1738"},{"taxonomy":"post_tag","embeddable":true,"href":"https:\/\/diariotribuna.com.br\/index.php?rest_route=%2Fwp%2Fv2%2Ftags&post=1738"}],"curies":[{"name":"wp","href":"https:\/\/api.w.org\/{rel}","templated":true}]}}