{"id":17383,"date":"2022-11-09T23:44:50","date_gmt":"2022-11-10T02:44:50","guid":{"rendered":"https:\/\/diariotribuna.com.br\/?p=17383"},"modified":"2022-11-16T23:37:03","modified_gmt":"2022-11-17T02:37:03","slug":"policia-civil-prende-foragido-da-justica-em-carai","status":"publish","type":"post","link":"https:\/\/diariotribuna.com.br\/?p=17383","title":{"rendered":"Pol\u00edcia Civil prende foragido da justi\u00e7a em Cara\u00ed"},"content":{"rendered":"\n<figure class=\"wp-block-image size-full is-resized is-style-default\"><img loading=\"lazy\" decoding=\"async\" src=\"https:\/\/diariotribuna.com.br\/wp-content\/uploads\/2022\/11\/5d803a39-b52b-4064-8930-e4ae3e0c6e9e.jpg\" alt=\"\" class=\"wp-image-17384\" width=\"453\" height=\"281\" srcset=\"https:\/\/diariotribuna.com.br\/wp-content\/uploads\/2022\/11\/5d803a39-b52b-4064-8930-e4ae3e0c6e9e.jpg 700w, https:\/\/diariotribuna.com.br\/wp-content\/uploads\/2022\/11\/5d803a39-b52b-4064-8930-e4ae3e0c6e9e-300x186.jpg 300w, https:\/\/diariotribuna.com.br\/wp-content\/uploads\/2022\/11\/5d803a39-b52b-4064-8930-e4ae3e0c6e9e-356x220.jpg 356w, https:\/\/diariotribuna.com.br\/wp-content\/uploads\/2022\/11\/5d803a39-b52b-4064-8930-e4ae3e0c6e9e-696x433.jpg 696w, https:\/\/diariotribuna.com.br\/wp-content\/uploads\/2022\/11\/5d803a39-b52b-4064-8930-e4ae3e0c6e9e-676x420.jpg 676w\" sizes=\"(max-width: 453px) 100vw, 453px\" \/><\/figure>\n\n\n\n<p>A Policia Civil de Minas Gerais, por meio da delegacia da cidade de Novo Cruzeiro, realizou uma opera\u00e7\u00e3o, na ter\u00e7a-feira (08\/11), para o cumprimento de um mandado de pris\u00e3o preventiva contra G.B.B.C., que estava foragido desde julho do corrente ano, quando cometeu um crime de homic\u00eddio no Povoado de Maranh\u00e3o, zona rural de Cara\u00ed.<\/p>\n\n\n\n<p>N\u00e3o sendo preso em flagrante, a PCMG concluiu a investiga\u00e7\u00e3o e representou por meio da autoridade policial, pela pris\u00e3o preventiva dele, que teve o parecer favor\u00e1vel do Minist\u00e9rio P\u00fablico e deferimento por parte da Ju\u00edza da comarca de Novo Cruzeiro.<\/p>\n\n\n\n<p>G.B.B.C. esteve foragido por cerca de 04 meses, at\u00e9 que nesta data, a equipe de investigadores coordenada pelo dr. M\u00e1rcio Pereira, delegado titular da cidade, conseguiu captur\u00e1-lo, no povoado de Maranh\u00e3o, em Cara\u00ed, e coloc\u00e1-lo \u00e0 disposi\u00e7\u00e3o da Justi\u00e7a. Equipe: delegado, dr. M\u00e1rcio Pereira. Investigadores: Edson Adriano, Gilson Ferreira e Diana Barreiros. (Informa\u00e7\u00f5es: PCMG, dr. M\u00e1rcio Pereira).<\/p>\n","protected":false},"excerpt":{"rendered":"<p>A Policia Civil de Minas Gerais, por meio da delegacia da cidade de Novo Cruzeiro, realizou uma opera\u00e7\u00e3o, na ter\u00e7a-feira (08\/11), para o cumprimento de um mandado de pris\u00e3o preventiva contra G.B.B.C., que estava foragido desde julho do corrente ano, quando cometeu um crime de homic\u00eddio no Povoado de Maranh\u00e3o, zona rural de Cara\u00ed. N\u00e3o [&hellip;]<\/p>\n","protected":false},"author":1,"featured_media":17384,"comment_status":"open","ping_status":"open","sticky":false,"template":"","format":"standard","meta":{"rop_custom_images_group":[],"rop_custom_messages_group":[],"rop_publish_now":"initial","rop_publish_now_accounts":[],"rop_publish_now_history":[],"rop_publish_now_status":"pending","footnotes":""},"categories":[20],"tags":[46,989,1176,70,292],"class_list":["post-17383","post","type-post","status-publish","format-standard","has-post-thumbnail","hentry","category-policia","tag-carai","tag-foragido-da-justica","tag-mandado-de-prisao","tag-minas-gerais","tag-policia-civil"],"_links":{"self":[{"href":"https:\/\/diariotribuna.com.br\/index.php?rest_route=\/wp\/v2\/posts\/17383"}],"collection":[{"href":"https:\/\/diariotribuna.com.br\/index.php?rest_route=\/wp\/v2\/posts"}],"about":[{"href":"https:\/\/diariotribuna.com.br\/index.php?rest_route=\/wp\/v2\/types\/post"}],"author":[{"embeddable":true,"href":"https:\/\/diariotribuna.com.br\/index.php?rest_route=\/wp\/v2\/users\/1"}],"replies":[{"embeddable":true,"href":"https:\/\/diariotribuna.com.br\/index.php?rest_route=%2Fwp%2Fv2%2Fcomments&post=17383"}],"version-history":[{"count":1,"href":"https:\/\/diariotribuna.com.br\/index.php?rest_route=\/wp\/v2\/posts\/17383\/revisions"}],"predecessor-version":[{"id":17385,"href":"https:\/\/diariotribuna.com.br\/index.php?rest_route=\/wp\/v2\/posts\/17383\/revisions\/17385"}],"wp:featuredmedia":[{"embeddable":true,"href":"https:\/\/diariotribuna.com.br\/index.php?rest_route=\/wp\/v2\/media\/17384"}],"wp:attachment":[{"href":"https:\/\/diariotribuna.com.br\/index.php?rest_route=%2Fwp%2Fv2%2Fmedia&parent=17383"}],"wp:term":[{"taxonomy":"category","embeddable":true,"href":"https:\/\/diariotribuna.com.br\/index.php?rest_route=%2Fwp%2Fv2%2Fcategories&post=17383"},{"taxonomy":"post_tag","embeddable":true,"href":"https:\/\/diariotribuna.com.br\/index.php?rest_route=%2Fwp%2Fv2%2Ftags&post=17383"}],"curies":[{"name":"wp","href":"https:\/\/api.w.org\/{rel}","templated":true}]}}