{"id":17387,"date":"2022-11-10T14:19:21","date_gmt":"2022-11-10T17:19:21","guid":{"rendered":"https:\/\/diariotribuna.com.br\/?p=17387"},"modified":"2022-11-11T08:38:51","modified_gmt":"2022-11-11T11:38:51","slug":"diario-tribuna-10-de-novembro-2022-teofilo-otoni-mg","status":"publish","type":"post","link":"https:\/\/diariotribuna.com.br\/?p=17387","title":{"rendered":"Di\u00e1rio Tribuna, 10 de Novembro 2022, Te\u00f3filo Otoni &#8211; MG"},"content":{"rendered":"\n<figure class=\"wp-block-image size-full is-resized is-style-default\"><img loading=\"lazy\" decoding=\"async\" src=\"https:\/\/diariotribuna.com.br\/wp-content\/uploads\/2022\/11\/f97d9b3b-10ce-4691-b44b-8e9d774339a6.jpg\" alt=\"\" class=\"wp-image-17389\" width=\"361\" height=\"512\" srcset=\"https:\/\/diariotribuna.com.br\/wp-content\/uploads\/2022\/11\/f97d9b3b-10ce-4691-b44b-8e9d774339a6.jpg 700w, https:\/\/diariotribuna.com.br\/wp-content\/uploads\/2022\/11\/f97d9b3b-10ce-4691-b44b-8e9d774339a6-212x300.jpg 212w, https:\/\/diariotribuna.com.br\/wp-content\/uploads\/2022\/11\/f97d9b3b-10ce-4691-b44b-8e9d774339a6-696x986.jpg 696w, https:\/\/diariotribuna.com.br\/wp-content\/uploads\/2022\/11\/f97d9b3b-10ce-4691-b44b-8e9d774339a6-296x420.jpg 296w\" sizes=\"(max-width: 361px) 100vw, 361px\" \/><\/figure>\n\n\n\n<h2 class=\"wp-block-heading\"><strong><strong><mark style=\"background-color:rgba(0, 0, 0, 0)\" class=\"has-inline-color has-vivid-red-color\">Acesse o link abaixo e veja a edi\u00e7\u00e3o completa do Di\u00e1rio Tribuna desta quinta-feira (10\/11\/2022)<\/mark><\/strong><\/strong><\/h2>\n\n\n\n<h2 class=\"wp-block-heading\"><a href=\"https:\/\/diariotribuna.com.br\/wp-content\/uploads\/2022\/11\/DIARIO-TRIBUNA-53-ANOS-10-NOVEMBRO-2022.pdf\"><strong><mark style=\"background-color:rgba(0, 0, 0, 0)\" class=\"has-inline-color has-vivid-red-color\">https:\/\/diariotribuna.com.br\/wp-content\/uploads\/2022\/11\/DIARIO-TRIBUNA-53-ANOS-10-NOVEMBRO-2022.pdf<\/mark><\/strong><\/a><\/h2>\n","protected":false},"excerpt":{"rendered":"<p>Acesse o link abaixo e veja a edi\u00e7\u00e3o completa do Di\u00e1rio Tribuna desta quinta-feira (10\/11\/2022) https:\/\/diariotribuna.com.br\/wp-content\/uploads\/2022\/11\/DIARIO-TRIBUNA-53-ANOS-10-NOVEMBRO-2022.pdf<\/p>\n","protected":false},"author":1,"featured_media":17389,"comment_status":"open","ping_status":"open","sticky":false,"template":"","format":"standard","meta":{"rop_custom_images_group":[],"rop_custom_messages_group":[],"rop_publish_now":"initial","rop_publish_now_accounts":[],"rop_publish_now_history":[],"rop_publish_now_status":"pending","footnotes":""},"categories":[17,23],"tags":[4914,42,1010,75,867],"class_list":["post-17387","post","type-post","status-publish","format-standard","has-post-thumbnail","hentry","category-teofilootoni","category-ultimaedicao","tag-10-11-2022","tag-diario-tribuna","tag-nordeste-mineiro","tag-teofilo-otoni","tag-vale-do-mucuri"],"_links":{"self":[{"href":"https:\/\/diariotribuna.com.br\/index.php?rest_route=\/wp\/v2\/posts\/17387"}],"collection":[{"href":"https:\/\/diariotribuna.com.br\/index.php?rest_route=\/wp\/v2\/posts"}],"about":[{"href":"https:\/\/diariotribuna.com.br\/index.php?rest_route=\/wp\/v2\/types\/post"}],"author":[{"embeddable":true,"href":"https:\/\/diariotribuna.com.br\/index.php?rest_route=\/wp\/v2\/users\/1"}],"replies":[{"embeddable":true,"href":"https:\/\/diariotribuna.com.br\/index.php?rest_route=%2Fwp%2Fv2%2Fcomments&post=17387"}],"version-history":[{"count":1,"href":"https:\/\/diariotribuna.com.br\/index.php?rest_route=\/wp\/v2\/posts\/17387\/revisions"}],"predecessor-version":[{"id":17390,"href":"https:\/\/diariotribuna.com.br\/index.php?rest_route=\/wp\/v2\/posts\/17387\/revisions\/17390"}],"wp:featuredmedia":[{"embeddable":true,"href":"https:\/\/diariotribuna.com.br\/index.php?rest_route=\/wp\/v2\/media\/17389"}],"wp:attachment":[{"href":"https:\/\/diariotribuna.com.br\/index.php?rest_route=%2Fwp%2Fv2%2Fmedia&parent=17387"}],"wp:term":[{"taxonomy":"category","embeddable":true,"href":"https:\/\/diariotribuna.com.br\/index.php?rest_route=%2Fwp%2Fv2%2Fcategories&post=17387"},{"taxonomy":"post_tag","embeddable":true,"href":"https:\/\/diariotribuna.com.br\/index.php?rest_route=%2Fwp%2Fv2%2Ftags&post=17387"}],"curies":[{"name":"wp","href":"https:\/\/api.w.org\/{rel}","templated":true}]}}