{"id":17391,"date":"2022-11-10T22:31:40","date_gmt":"2022-11-11T01:31:40","guid":{"rendered":"https:\/\/diariotribuna.com.br\/?p=17391"},"modified":"2022-11-16T09:50:22","modified_gmt":"2022-11-16T12:50:22","slug":"jef-virtual-do-municipio-de-ladainha-sera-inaugurado-nesta-sexta-feira-11","status":"publish","type":"post","link":"https:\/\/diariotribuna.com.br\/?p=17391","title":{"rendered":"JEF Virtual do munic\u00edpio de Ladainha ser\u00e1 inaugurado nesta sexta-feira (11)"},"content":{"rendered":"\n<figure class=\"wp-block-image size-full is-resized is-style-default\"><img loading=\"lazy\" decoding=\"async\" src=\"https:\/\/diariotribuna.com.br\/wp-content\/uploads\/2022\/11\/312983615_169855442358275_1305538498349943240_n.jpg\" alt=\"\" class=\"wp-image-17392\" width=\"581\" height=\"366\" srcset=\"https:\/\/diariotribuna.com.br\/wp-content\/uploads\/2022\/11\/312983615_169855442358275_1305538498349943240_n.jpg 700w, https:\/\/diariotribuna.com.br\/wp-content\/uploads\/2022\/11\/312983615_169855442358275_1305538498349943240_n-300x189.jpg 300w, https:\/\/diariotribuna.com.br\/wp-content\/uploads\/2022\/11\/312983615_169855442358275_1305538498349943240_n-696x438.jpg 696w, https:\/\/diariotribuna.com.br\/wp-content\/uploads\/2022\/11\/312983615_169855442358275_1305538498349943240_n-667x420.jpg 667w\" sizes=\"(max-width: 581px) 100vw, 581px\" \/><\/figure>\n\n\n\n<p>Realizada na Prefeitura Municipal de Ladainha, na segunda-feira (07\/11\/22), uma reuni\u00e3o entre o prefeito Reled Maikel e todo o secretariado municipal, com os servidores do Juizado Especial Federal da SSJ de Te\u00f3filo Otoni, Fernando Gomes Sfredo e Patr\u00edcia Mendes Gon\u00e7alves Lima, para apresenta\u00e7\u00e3o da implanta\u00e7\u00e3o de uma sala da Justi\u00e7a Federal no munic\u00edpio de Ladainha (JEF Virtual), que ser\u00e1 inaugurada nesta sexta-feira (11\/11\/22).<\/p>\n\n\n\n<p>\u00c9 um ganho enorme para a popula\u00e7\u00e3o Ladainhense, que agora ter\u00e1 a possibilidade de resolu\u00e7\u00e3o de quest\u00f5es para garantia de direitos. Com a instala\u00e7\u00e3o do Juizado Especial Federal Virtual em Ladainha, trabalhadores rurais e urbanos poder\u00e3o participar de per\u00edcias m\u00e9dicas e audi\u00eancias judiciais no pr\u00f3prio munic\u00edpio sem a necessidade de deslocamentos das partes e advogados at\u00e9 a sede da Justi\u00e7a Federal em Te\u00f3filo Otoni.<\/p>\n\n\n\n<p>O Juizado Especial Federal Virtual \u00e9 respons\u00e1vel por analisar pedidos judiciais de benef\u00edcios como aposentadoria por idade do trabalhador rural, sal\u00e1rio maternidade, pens\u00e3o por morte, aux\u00edlio doen\u00e7a e aposentadoria por invalidez do trabalhador rural e urbano, benef\u00edcios de presta\u00e7\u00e3o continuada (LOAS) e ainda a\u00e7\u00f5es judiciais contra a Caixa Econ\u00f4mica Federal e os Correios.<\/p>\n\n\n\n<p>Os servidores da Justi\u00e7a Federal explicaram na reuni\u00e3o como ser\u00e1 o funcionamento do JEF Virtual em Ladainha, que \u00e9 uma parceria entre o munic\u00edpio e a Justi\u00e7a Federal em Te\u00f3filo Otoni. \u201cPrefeitura Municipal de Ladainha: Trabalho, Uni\u00e3o e Compet\u00eancia\u201d. (Informa\u00e7\u00f5es\/Foto: assessoria de comunica\u00e7\u00e3o da Prefeitura de Ladainha).<\/p>\n","protected":false},"excerpt":{"rendered":"<p>Realizada na Prefeitura Municipal de Ladainha, na segunda-feira (07\/11\/22), uma reuni\u00e3o entre o prefeito Reled Maikel e todo o secretariado municipal, com os servidores do Juizado Especial Federal da SSJ de Te\u00f3filo Otoni, Fernando Gomes Sfredo e Patr\u00edcia Mendes Gon\u00e7alves Lima, para apresenta\u00e7\u00e3o da implanta\u00e7\u00e3o de uma sala da Justi\u00e7a Federal no munic\u00edpio de Ladainha [&hellip;]<\/p>\n","protected":false},"author":1,"featured_media":17392,"comment_status":"open","ping_status":"open","sticky":false,"template":"","format":"standard","meta":{"rop_custom_images_group":[],"rop_custom_messages_group":[],"rop_publish_now":"initial","rop_publish_now_accounts":[],"rop_publish_now_history":[],"rop_publish_now_status":"pending","footnotes":""},"categories":[18],"tags":[245,4915,4916,86],"class_list":["post-17391","post","type-post","status-publish","format-standard","has-post-thumbnail","hentry","category-regiao","tag-inauguracao","tag-jef-virtual","tag-justica-federal","tag-ladainha"],"_links":{"self":[{"href":"https:\/\/diariotribuna.com.br\/index.php?rest_route=\/wp\/v2\/posts\/17391"}],"collection":[{"href":"https:\/\/diariotribuna.com.br\/index.php?rest_route=\/wp\/v2\/posts"}],"about":[{"href":"https:\/\/diariotribuna.com.br\/index.php?rest_route=\/wp\/v2\/types\/post"}],"author":[{"embeddable":true,"href":"https:\/\/diariotribuna.com.br\/index.php?rest_route=\/wp\/v2\/users\/1"}],"replies":[{"embeddable":true,"href":"https:\/\/diariotribuna.com.br\/index.php?rest_route=%2Fwp%2Fv2%2Fcomments&post=17391"}],"version-history":[{"count":1,"href":"https:\/\/diariotribuna.com.br\/index.php?rest_route=\/wp\/v2\/posts\/17391\/revisions"}],"predecessor-version":[{"id":17393,"href":"https:\/\/diariotribuna.com.br\/index.php?rest_route=\/wp\/v2\/posts\/17391\/revisions\/17393"}],"wp:featuredmedia":[{"embeddable":true,"href":"https:\/\/diariotribuna.com.br\/index.php?rest_route=\/wp\/v2\/media\/17392"}],"wp:attachment":[{"href":"https:\/\/diariotribuna.com.br\/index.php?rest_route=%2Fwp%2Fv2%2Fmedia&parent=17391"}],"wp:term":[{"taxonomy":"category","embeddable":true,"href":"https:\/\/diariotribuna.com.br\/index.php?rest_route=%2Fwp%2Fv2%2Fcategories&post=17391"},{"taxonomy":"post_tag","embeddable":true,"href":"https:\/\/diariotribuna.com.br\/index.php?rest_route=%2Fwp%2Fv2%2Ftags&post=17391"}],"curies":[{"name":"wp","href":"https:\/\/api.w.org\/{rel}","templated":true}]}}